{"id":8312,"date":"2017-11-30T15:39:58","date_gmt":"2017-11-30T14:39:58","guid":{"rendered":"http:\/\/www.sosw.elblag.com.pl\/?p=8312"},"modified":"2017-11-30T15:39:58","modified_gmt":"2017-11-30T14:39:58","slug":"otrzesiny-w-grupach-wychowawczych-2","status":"publish","type":"post","link":"https:\/\/www.sosw.elblag.com.pl\/index.php\/2017\/11\/30\/otrzesiny-w-grupach-wychowawczych-2\/","title":{"rendered":"Otrz\u0119siny w Grupach Wychowawczych"},"content":{"rendered":"<p>28 listopada w Grupach Wychowawczych dokonano Otrz\u0119sin to znaczy tradycyjnego przyj\u0119cia nowych wychowank\u00f3w, i nie tylko, w poczet spo\u0142eczno\u015bci internatu. Rekruci musieli wykona\u0107 szereg czynno\u015bci , aby udowodni\u0107 i\u017c godni s\u0105 dzieli\u0107 \u017cycie codzienne z dotychczasowymi mieszka\u0144cami budynku przy Chopina. Picie mleka na czas, wybieranie cukierk\u00f3w z kisielu, czy karmienie nim przeciwnika pod dyktando os\u00f3b trzecich to tylko niekt\u00f3re konkurencje , z kt\u00f3rymi zmagali si\u0119 nowi wsp\u00f3\u0142mieszka\u0144cy Grup. Na koniec przy og\u00f3lnym aplauzie w obecno\u015bci Pani Kierownik z\u0142o\u017cyli uroczyst\u0105 przysi\u0119g\u0119 pos\u0142usze\u0144stwa prawom obowi\u0105zuj\u0105cym w internacie i zostali uznani za pe\u0142noprawnych cz\u0142onk\u00f3w Grup Wychowawczych SOSW nr 1 w Elbl\u0105gu.<\/p>\n<p>Organizatorzy: Rada Samorz\u0105du Wychowank\u00f3w pod opiek\u0105 Anny Spycha\u0142y i Iwony Sapi\u0144skiej<\/p>\n\n\t\t<style type=\"text\/css\">\n\t\t\t#gallery-1 {\n\t\t\t\tmargin: auto;\n\t\t\t}\n\t\t\t#gallery-1 .gallery-item {\n\t\t\t\tfloat: left;\n\t\t\t\tmargin-top: 10px;\n\t\t\t\ttext-align: center;\n\t\t\t\twidth: 50%;\n\t\t\t}\n\t\t\t#gallery-1 img {\n\t\t\t\tborder: 2px solid #cfcfcf;\n\t\t\t}\n\t\t\t#gallery-1 .gallery-caption {\n\t\t\t\tmargin-left: 0;\n\t\t\t}\n\t\t\t\/* see gallery_shortcode() in wp-includes\/media.php *\/\n\t\t<\/style>\n\t\t<div id='gallery-1' class='gallery galleryid-8312 gallery-columns-2 gallery-size-thumbnail'><dl class='gallery-item'>\n\t\t\t<dt class='gallery-icon landscape'>\n\t\t\t\t<a title=\"\" href='https:\/\/www.sosw.elblag.com.pl\/wp-content\/uploads\/2017\/11\/DSC02026.jpg'><img loading=\"lazy\" decoding=\"async\" width=\"200\" height=\"200\" src=\"https:\/\/www.sosw.elblag.com.pl\/wp-content\/uploads\/2017\/11\/DSC02026-200x200.jpg\" class=\"attachment-thumbnail size-thumbnail\" alt=\"\" \/><\/a>\n\t\t\t<\/dt><\/dl><dl class='gallery-item'>\n\t\t\t<dt class='gallery-icon landscape'>\n\t\t\t\t<a title=\"\" href='https:\/\/www.sosw.elblag.com.pl\/wp-content\/uploads\/2017\/11\/DSC02035.jpg'><img loading=\"lazy\" decoding=\"async\" width=\"200\" height=\"200\" src=\"https:\/\/www.sosw.elblag.com.pl\/wp-content\/uploads\/2017\/11\/DSC02035-200x200.jpg\" class=\"attachment-thumbnail size-thumbnail\" alt=\"\" \/><\/a>\n\t\t\t<\/dt><\/dl><br style=\"clear: both\" \/><dl class='gallery-item'>\n\t\t\t<dt class='gallery-icon landscape'>\n\t\t\t\t<a title=\"\" href='https:\/\/www.sosw.elblag.com.pl\/wp-content\/uploads\/2017\/11\/DSC02038.jpg'><img loading=\"lazy\" decoding=\"async\" width=\"200\" height=\"200\" src=\"https:\/\/www.sosw.elblag.com.pl\/wp-content\/uploads\/2017\/11\/DSC02038-200x200.jpg\" class=\"attachment-thumbnail size-thumbnail\" alt=\"\" \/><\/a>\n\t\t\t<\/dt><\/dl><dl class='gallery-item'>\n\t\t\t<dt class='gallery-icon landscape'>\n\t\t\t\t<a title=\"\" href='https:\/\/www.sosw.elblag.com.pl\/wp-content\/uploads\/2017\/11\/DSC02039.jpg'><img loading=\"lazy\" decoding=\"async\" width=\"200\" height=\"200\" src=\"https:\/\/www.sosw.elblag.com.pl\/wp-content\/uploads\/2017\/11\/DSC02039-200x200.jpg\" class=\"attachment-thumbnail size-thumbnail\" alt=\"\" \/><\/a>\n\t\t\t<\/dt><\/dl><br style=\"clear: both\" \/><dl class='gallery-item'>\n\t\t\t<dt class='gallery-icon landscape'>\n\t\t\t\t<a title=\"\" href='https:\/\/www.sosw.elblag.com.pl\/wp-content\/uploads\/2017\/11\/DSC02041.jpg'><img loading=\"lazy\" decoding=\"async\" width=\"200\" height=\"200\" src=\"https:\/\/www.sosw.elblag.com.pl\/wp-content\/uploads\/2017\/11\/DSC02041-200x200.jpg\" class=\"attachment-thumbnail size-thumbnail\" alt=\"\" \/><\/a>\n\t\t\t<\/dt><\/dl><dl class='gallery-item'>\n\t\t\t<dt class='gallery-icon landscape'>\n\t\t\t\t<a title=\"\" href='https:\/\/www.sosw.elblag.com.pl\/wp-content\/uploads\/2017\/11\/DSC02044.jpg'><img loading=\"lazy\" decoding=\"async\" width=\"200\" height=\"200\" src=\"https:\/\/www.sosw.elblag.com.pl\/wp-content\/uploads\/2017\/11\/DSC02044-200x200.jpg\" class=\"attachment-thumbnail size-thumbnail\" alt=\"\" \/><\/a>\n\t\t\t<\/dt><\/dl><br style=\"clear: both\" \/><dl class='gallery-item'>\n\t\t\t<dt class='gallery-icon landscape'>\n\t\t\t\t<a title=\"\" href='https:\/\/www.sosw.elblag.com.pl\/wp-content\/uploads\/2017\/11\/DSC02046.jpg'><img loading=\"lazy\" decoding=\"async\" width=\"200\" height=\"200\" src=\"https:\/\/www.sosw.elblag.com.pl\/wp-content\/uploads\/2017\/11\/DSC02046-200x200.jpg\" class=\"attachment-thumbnail size-thumbnail\" alt=\"\" \/><\/a>\n\t\t\t<\/dt><\/dl><dl class='gallery-item'>\n\t\t\t<dt class='gallery-icon landscape'>\n\t\t\t\t<a title=\"\" href='https:\/\/www.sosw.elblag.com.pl\/wp-content\/uploads\/2017\/11\/DSC02052.jpg'><img loading=\"lazy\" decoding=\"async\" width=\"200\" height=\"200\" src=\"https:\/\/www.sosw.elblag.com.pl\/wp-content\/uploads\/2017\/11\/DSC02052-200x200.jpg\" class=\"attachment-thumbnail size-thumbnail\" alt=\"\" \/><\/a>\n\t\t\t<\/dt><\/dl><br style=\"clear: both\" \/>\n\t\t<\/div>\n\n","protected":false},"excerpt":{"rendered":"<p>28 listopada w Grupach Wychowawczych dokonano Otrz\u0119sin to znaczy tradycyjnego przyj\u0119cia nowych wychowank\u00f3w, i nie tylko, w poczet spo\u0142eczno\u015bci internatu. Rekruci musieli <a class=\"more-link\" href=\"https:\/\/www.sosw.elblag.com.pl\/index.php\/2017\/11\/30\/otrzesiny-w-grupach-wychowawczych-2\/\">Czytaj dalej&#8230;<\/a><\/p>\n","protected":false},"author":1,"featured_media":8319,"comment_status":"closed","ping_status":"closed","sticky":false,"template":"","format":"standard","meta":{"footnotes":""},"categories":[28],"tags":[],"class_list":["post-8312","post","type-post","status-publish","format-standard","has-post-thumbnail","hentry","category-grupy-wychowawcze-20172018"],"_links":{"self":[{"href":"https:\/\/www.sosw.elblag.com.pl\/index.php\/wp-json\/wp\/v2\/posts\/8312","targetHints":{"allow":["GET"]}}],"collection":[{"href":"https:\/\/www.sosw.elblag.com.pl\/index.php\/wp-json\/wp\/v2\/posts"}],"about":[{"href":"https:\/\/www.sosw.elblag.com.pl\/index.php\/wp-json\/wp\/v2\/types\/post"}],"author":[{"embeddable":true,"href":"https:\/\/www.sosw.elblag.com.pl\/index.php\/wp-json\/wp\/v2\/users\/1"}],"replies":[{"embeddable":true,"href":"https:\/\/www.sosw.elblag.com.pl\/index.php\/wp-json\/wp\/v2\/comments?post=8312"}],"version-history":[{"count":1,"href":"https:\/\/www.sosw.elblag.com.pl\/index.php\/wp-json\/wp\/v2\/posts\/8312\/revisions"}],"predecessor-version":[{"id":8321,"href":"https:\/\/www.sosw.elblag.com.pl\/index.php\/wp-json\/wp\/v2\/posts\/8312\/revisions\/8321"}],"wp:featuredmedia":[{"embeddable":true,"href":"https:\/\/www.sosw.elblag.com.pl\/index.php\/wp-json\/wp\/v2\/media\/8319"}],"wp:attachment":[{"href":"https:\/\/www.sosw.elblag.com.pl\/index.php\/wp-json\/wp\/v2\/media?parent=8312"}],"wp:term":[{"taxonomy":"category","embeddable":true,"href":"https:\/\/www.sosw.elblag.com.pl\/index.php\/wp-json\/wp\/v2\/categories?post=8312"},{"taxonomy":"post_tag","embeddable":true,"href":"https:\/\/www.sosw.elblag.com.pl\/index.php\/wp-json\/wp\/v2\/tags?post=8312"}],"curies":[{"name":"wp","href":"https:\/\/api.w.org\/{rel}","templated":true}]}}