{"id":7057,"date":"2017-06-24T18:32:23","date_gmt":"2017-06-24T16:32:23","guid":{"rendered":"http:\/\/www.sosw.elblag.com.pl\/?p=7057"},"modified":"2017-06-24T18:37:26","modified_gmt":"2017-06-24T16:37:26","slug":"ogolnopolskie-konkursy-fotograficzne-rozstrzygniecia","status":"publish","type":"post","link":"https:\/\/www.sosw.elblag.com.pl\/index.php\/2017\/06\/24\/ogolnopolskie-konkursy-fotograficzne-rozstrzygniecia\/","title":{"rendered":"Og\u00f3lnopolskie konkursy fotograficzne &#8211; rozstrzygni\u0119cia"},"content":{"rendered":"<p style=\"text-align: right;\"><em>Dobrze jest znale\u017a\u0107 sobie hobby, kt\u00f3re tak cz\u0142owieka wci\u0105ga,<\/em><br \/>\n<em> i sprawia, \u017ce z rado\u015bci\u0105 czeka si\u0119 na kolejny tydzie\u0144,<\/em><br \/>\n<em> zamiast ponuro liczy\u0107 dni.<\/em><br \/>\n<strong>Cecelia Ahern<\/strong><\/p>\n<p>Og\u00f3lnopolskie konkursy fotograficzne- rozstrzygni\u0119cia<\/p>\n<p>Uczniowie z zespo\u0142\u00f3w edukacyjno- terapeutycznych Gimnazjum i klas PdP brali udzia\u0142 w dw\u00f3ch og\u00f3lnopolskich konkursach fotograficznych.<\/p>\n<p>Pierwszy z nich to <strong>IV OG\u00d3LNOPOLSKI KONKURS FOTOGRAFICZNY <\/strong>dla dzieci \u00a0i m\u0142odzie\u017cy z niepe\u0142nosprawno\u015bci\u0105 intelektualn\u0105<strong> \u201eMAM PASJ\u0118\u201c, <\/strong>organizowany przez Zesp\u00f3\u0142 Szk\u00f3\u0142 Specjalnych nr 30 w Bydgoszczy<strong>,\u00a0 <\/strong>w kt\u00f3rym zdobyli\u015bmy a\u017c trzy nagrody specjalne:<\/p>\n<p>I miejsce- Martyna Ostr\u0119ga z klasy I PdP<br \/>\nII miejsce- Marek Kostka z klasy Ib gimnazjum<br \/>\nIII miejsce- Estera Kubicka z klasy I PdP<\/p>\n<p>Drugi to <strong>I OG\u00d3LNOPOLSKI KONKURS FOTOGRAFICZNY <\/strong>dla dzieci i m\u0142odzie\u017cy \u00a0z niepe\u0142nosprawno\u015bci\u0105 intelektualn\u0105 <strong>&#8222;M\u00d3J PRZYJACIEL&#8221;<\/strong>, organizowany przez O\u015brodek Szkolno- Wychowawczy z Jeleniej G\u00f3ry, w kt\u00f3rym w kategorii powy\u017cej 18 lat zdobyli\u015bmy:<\/p>\n<p>I miejsce -Estera Kubicka z klasy I PdPWyr\u00f3\u017cnienie- Jolanta \u017bukowska z klasy III Gimnazjum<\/p>\n<p>Gratulacje!!<br \/>\nM. Zalewska<\/p>\n\n\t\t<style type=\"text\/css\">\n\t\t\t#gallery-1 {\n\t\t\t\tmargin: auto;\n\t\t\t}\n\t\t\t#gallery-1 .gallery-item {\n\t\t\t\tfloat: left;\n\t\t\t\tmargin-top: 10px;\n\t\t\t\ttext-align: center;\n\t\t\t\twidth: 33%;\n\t\t\t}\n\t\t\t#gallery-1 img {\n\t\t\t\tborder: 2px solid #cfcfcf;\n\t\t\t}\n\t\t\t#gallery-1 .gallery-caption {\n\t\t\t\tmargin-left: 0;\n\t\t\t}\n\t\t\t\/* see gallery_shortcode() in wp-includes\/media.php *\/\n\t\t<\/style>\n\t\t<div id='gallery-1' class='gallery galleryid-7057 gallery-columns-3 gallery-size-thumbnail'><dl class='gallery-item'>\n\t\t\t<dt class='gallery-icon landscape'>\n\t\t\t\t<a title=\"\" href='https:\/\/www.sosw.elblag.com.pl\/index.php\/2017\/06\/24\/ogolnopolskie-konkursy-fotograficzne-rozstrzygniecia\/bartek_estera\/'><img loading=\"lazy\" decoding=\"async\" width=\"200\" height=\"200\" src=\"https:\/\/www.sosw.elblag.com.pl\/wp-content\/uploads\/2017\/06\/bartek_estera-200x200.jpg\" class=\"attachment-thumbnail size-thumbnail\" alt=\"\" \/><\/a>\n\t\t\t<\/dt><\/dl><dl class='gallery-item'>\n\t\t\t<dt class='gallery-icon landscape'>\n\t\t\t\t<a title=\"\" href='https:\/\/www.sosw.elblag.com.pl\/index.php\/2017\/06\/24\/ogolnopolskie-konkursy-fotograficzne-rozstrzygniecia\/martyna-nurek\/'><img loading=\"lazy\" decoding=\"async\" width=\"200\" height=\"200\" src=\"https:\/\/www.sosw.elblag.com.pl\/wp-content\/uploads\/2017\/06\/martyna-nurek-200x200.jpg\" class=\"attachment-thumbnail size-thumbnail\" alt=\"\" \/><\/a>\n\t\t\t<\/dt><\/dl><dl class='gallery-item'>\n\t\t\t<dt class='gallery-icon landscape'>\n\t\t\t\t<a title=\"\" href='https:\/\/www.sosw.elblag.com.pl\/index.php\/2017\/06\/24\/ogolnopolskie-konkursy-fotograficzne-rozstrzygniecia\/przemo_jola\/'><img loading=\"lazy\" decoding=\"async\" width=\"200\" height=\"200\" src=\"https:\/\/www.sosw.elblag.com.pl\/wp-content\/uploads\/2017\/06\/przemo_jola-200x200.jpg\" class=\"attachment-thumbnail size-thumbnail\" alt=\"\" \/><\/a>\n\t\t\t<\/dt><\/dl><br style=\"clear: both\" \/><dl class='gallery-item'>\n\t\t\t<dt class='gallery-icon portrait'>\n\t\t\t\t<a title=\"marek judo\" href='https:\/\/www.sosw.elblag.com.pl\/index.php\/2017\/06\/24\/ogolnopolskie-konkursy-fotograficzne-rozstrzygniecia\/marek-judo\/'><img loading=\"lazy\" decoding=\"async\" width=\"200\" height=\"200\" src=\"https:\/\/www.sosw.elblag.com.pl\/wp-content\/uploads\/2017\/06\/marek-judo-e1498322233480-200x200.jpg\" class=\"attachment-thumbnail size-thumbnail\" alt=\"\" \/><\/a>\n\t\t\t<\/dt><\/dl><dl class='gallery-item'>\n\t\t\t<dt class='gallery-icon portrait'>\n\t\t\t\t<a title=\"estera taniec 1\" href='https:\/\/www.sosw.elblag.com.pl\/index.php\/2017\/06\/24\/ogolnopolskie-konkursy-fotograficzne-rozstrzygniecia\/estera-taniec-1\/'><img loading=\"lazy\" decoding=\"async\" width=\"200\" height=\"200\" src=\"https:\/\/www.sosw.elblag.com.pl\/wp-content\/uploads\/2017\/06\/estera-taniec-1-e1498322224257-200x200.jpg\" class=\"attachment-thumbnail size-thumbnail\" alt=\"\" \/><\/a>\n\t\t\t<\/dt><\/dl>\n\t\t\t<br style='clear: both' \/>\n\t\t<\/div>\n\n","protected":false},"excerpt":{"rendered":"<p>Dobrze jest znale\u017a\u0107 sobie hobby, kt\u00f3re tak cz\u0142owieka wci\u0105ga, i sprawia, \u017ce z rado\u015bci\u0105 czeka si\u0119 na kolejny tydzie\u0144, zamiast ponuro liczy\u0107 <a class=\"more-link\" href=\"https:\/\/www.sosw.elblag.com.pl\/index.php\/2017\/06\/24\/ogolnopolskie-konkursy-fotograficzne-rozstrzygniecia\/\">Czytaj dalej&#8230;<\/a><\/p>\n","protected":false},"author":1,"featured_media":7061,"comment_status":"closed","ping_status":"closed","sticky":false,"template":"","format":"standard","meta":{"footnotes":""},"categories":[15],"tags":[],"class_list":["post-7057","post","type-post","status-publish","format-standard","has-post-thumbnail","hentry","category-z-zycia-osrodka-20162017"],"_links":{"self":[{"href":"https:\/\/www.sosw.elblag.com.pl\/index.php\/wp-json\/wp\/v2\/posts\/7057","targetHints":{"allow":["GET"]}}],"collection":[{"href":"https:\/\/www.sosw.elblag.com.pl\/index.php\/wp-json\/wp\/v2\/posts"}],"about":[{"href":"https:\/\/www.sosw.elblag.com.pl\/index.php\/wp-json\/wp\/v2\/types\/post"}],"author":[{"embeddable":true,"href":"https:\/\/www.sosw.elblag.com.pl\/index.php\/wp-json\/wp\/v2\/users\/1"}],"replies":[{"embeddable":true,"href":"https:\/\/www.sosw.elblag.com.pl\/index.php\/wp-json\/wp\/v2\/comments?post=7057"}],"version-history":[{"count":3,"href":"https:\/\/www.sosw.elblag.com.pl\/index.php\/wp-json\/wp\/v2\/posts\/7057\/revisions"}],"predecessor-version":[{"id":7065,"href":"https:\/\/www.sosw.elblag.com.pl\/index.php\/wp-json\/wp\/v2\/posts\/7057\/revisions\/7065"}],"wp:featuredmedia":[{"embeddable":true,"href":"https:\/\/www.sosw.elblag.com.pl\/index.php\/wp-json\/wp\/v2\/media\/7061"}],"wp:attachment":[{"href":"https:\/\/www.sosw.elblag.com.pl\/index.php\/wp-json\/wp\/v2\/media?parent=7057"}],"wp:term":[{"taxonomy":"category","embeddable":true,"href":"https:\/\/www.sosw.elblag.com.pl\/index.php\/wp-json\/wp\/v2\/categories?post=7057"},{"taxonomy":"post_tag","embeddable":true,"href":"https:\/\/www.sosw.elblag.com.pl\/index.php\/wp-json\/wp\/v2\/tags?post=7057"}],"curies":[{"name":"wp","href":"https:\/\/api.w.org\/{rel}","templated":true}]}}