{"id":7023,"date":"2017-06-19T08:43:09","date_gmt":"2017-06-19T06:43:09","guid":{"rendered":"http:\/\/www.sosw.elblag.com.pl\/?p=7023"},"modified":"2017-06-19T08:43:09","modified_gmt":"2017-06-19T06:43:09","slug":"miejsca-pamieci-narodowej-w-polsce","status":"publish","type":"post","link":"https:\/\/www.sosw.elblag.com.pl\/index.php\/2017\/06\/19\/miejsca-pamieci-narodowej-w-polsce\/","title":{"rendered":"MIEJSCA PAMI\u0118CI NARODOWEJ W POLSCE"},"content":{"rendered":"<p>W ramach projektu \u201eSzko\u0142a wierna dziedzictwu\u201d uczniowie klasy II kucharz-tapicer ZSZ podj\u0119li si\u0119 zadania opracowania wydarze\u0144 kt\u00f3re by\u0142y szczeg\u00f3lnie wa\u017cne dla pa\u0144stwa i narodu polskiego. Uczniowie dobrali si\u0119 w pary i wybrali najbardziej interesuj\u0105ce ich wydarzenia. Efektem finalnym ich pracy by\u0142o sporz\u0105dzenie planszy ze zdj\u0119ciami i kr\u00f3tkim opisem danego wydarzenia.<\/p>\n<p>Celem tego przedsi\u0119wzi\u0119cia by\u0142o kszta\u0142towanie to\u017csamo\u015bci narodowej, wi\u0119zi z krajem ojczystym oraz umiej\u0119tno\u015bci poszukiwania i analizowania zgromadzonych informacji.<\/p>\n<p>&nbsp;<\/p>\n<p>Wybrane miejsca pami\u0119ci narodowej to:<\/p>\n<ul>\n<li>Pomnik grunwaldzki<\/li>\n<li>Pomnik Powsta\u0144c\u00f3w Wielkopolskich w Poznaniu<\/li>\n<li>Pomnik Powsta\u0144c\u00f3w \u015al\u0105skich w Katowicach<\/li>\n<li>Ob\u00f3z koncentracyjny w Auschwitz<\/li>\n<li>Zamek Kr\u00f3lewski na Wawelu<\/li>\n<li>Pomnik Ma\u0142ego Powsta\u0144ca w Warszawie<\/li>\n<li>Pomnik na Westerplatte<\/li>\n<\/ul>\n\n\t\t<style type=\"text\/css\">\n\t\t\t#gallery-1 {\n\t\t\t\tmargin: auto;\n\t\t\t}\n\t\t\t#gallery-1 .gallery-item {\n\t\t\t\tfloat: left;\n\t\t\t\tmargin-top: 10px;\n\t\t\t\ttext-align: center;\n\t\t\t\twidth: 100%;\n\t\t\t}\n\t\t\t#gallery-1 img {\n\t\t\t\tborder: 2px solid #cfcfcf;\n\t\t\t}\n\t\t\t#gallery-1 .gallery-caption {\n\t\t\t\tmargin-left: 0;\n\t\t\t}\n\t\t\t\/* see gallery_shortcode() in wp-includes\/media.php *\/\n\t\t<\/style>\n\t\t<div id='gallery-1' class='gallery galleryid-7023 gallery-columns-1 gallery-size-thumbnail'><dl class='gallery-item'>\n\t\t\t<dt class='gallery-icon landscape'>\n\t\t\t\t<a title=\"\" href='https:\/\/www.sosw.elblag.com.pl\/wp-content\/uploads\/2017\/06\/20170531_132046.jpg'><img loading=\"lazy\" decoding=\"async\" width=\"200\" height=\"200\" src=\"https:\/\/www.sosw.elblag.com.pl\/wp-content\/uploads\/2017\/06\/20170531_132046-200x200.jpg\" class=\"attachment-thumbnail size-thumbnail\" alt=\"\" \/><\/a>\n\t\t\t<\/dt><\/dl><br style=\"clear: both\" \/>\n\t\t<\/div>\n\n<p>&nbsp;<\/p>\n<p>&nbsp;<\/p>\n<p>&nbsp;<\/p>\n","protected":false},"excerpt":{"rendered":"<p>W ramach projektu \u201eSzko\u0142a wierna dziedzictwu\u201d uczniowie klasy II kucharz-tapicer ZSZ podj\u0119li si\u0119 zadania opracowania wydarze\u0144 kt\u00f3re by\u0142y szczeg\u00f3lnie wa\u017cne dla pa\u0144stwa <a class=\"more-link\" href=\"https:\/\/www.sosw.elblag.com.pl\/index.php\/2017\/06\/19\/miejsca-pamieci-narodowej-w-polsce\/\">Czytaj dalej&#8230;<\/a><\/p>\n","protected":false},"author":1,"featured_media":7024,"comment_status":"closed","ping_status":"closed","sticky":false,"template":"","format":"standard","meta":{"footnotes":""},"categories":[20,15],"tags":[],"class_list":["post-7023","post","type-post","status-publish","format-standard","has-post-thumbnail","hentry","category-szkola-wierna-dziedzictwu","category-z-zycia-osrodka-20162017"],"_links":{"self":[{"href":"https:\/\/www.sosw.elblag.com.pl\/index.php\/wp-json\/wp\/v2\/posts\/7023","targetHints":{"allow":["GET"]}}],"collection":[{"href":"https:\/\/www.sosw.elblag.com.pl\/index.php\/wp-json\/wp\/v2\/posts"}],"about":[{"href":"https:\/\/www.sosw.elblag.com.pl\/index.php\/wp-json\/wp\/v2\/types\/post"}],"author":[{"embeddable":true,"href":"https:\/\/www.sosw.elblag.com.pl\/index.php\/wp-json\/wp\/v2\/users\/1"}],"replies":[{"embeddable":true,"href":"https:\/\/www.sosw.elblag.com.pl\/index.php\/wp-json\/wp\/v2\/comments?post=7023"}],"version-history":[{"count":1,"href":"https:\/\/www.sosw.elblag.com.pl\/index.php\/wp-json\/wp\/v2\/posts\/7023\/revisions"}],"predecessor-version":[{"id":7025,"href":"https:\/\/www.sosw.elblag.com.pl\/index.php\/wp-json\/wp\/v2\/posts\/7023\/revisions\/7025"}],"wp:featuredmedia":[{"embeddable":true,"href":"https:\/\/www.sosw.elblag.com.pl\/index.php\/wp-json\/wp\/v2\/media\/7024"}],"wp:attachment":[{"href":"https:\/\/www.sosw.elblag.com.pl\/index.php\/wp-json\/wp\/v2\/media?parent=7023"}],"wp:term":[{"taxonomy":"category","embeddable":true,"href":"https:\/\/www.sosw.elblag.com.pl\/index.php\/wp-json\/wp\/v2\/categories?post=7023"},{"taxonomy":"post_tag","embeddable":true,"href":"https:\/\/www.sosw.elblag.com.pl\/index.php\/wp-json\/wp\/v2\/tags?post=7023"}],"curies":[{"name":"wp","href":"https:\/\/api.w.org\/{rel}","templated":true}]}}