{"id":7014,"date":"2017-06-19T08:41:49","date_gmt":"2017-06-19T06:41:49","guid":{"rendered":"http:\/\/www.sosw.elblag.com.pl\/?p=7014"},"modified":"2017-06-19T08:42:02","modified_gmt":"2017-06-19T06:42:02","slug":"7014","status":"publish","type":"post","link":"https:\/\/www.sosw.elblag.com.pl\/index.php\/2017\/06\/19\/7014\/","title":{"rendered":"Konkurs pod has\u0142em \u201eWielcy Polacy\u201d"},"content":{"rendered":"<p>19 maja 2017r.w naszej szkole odby\u0142 si\u0119 konkurs pod has\u0142em <strong>\u201eWielcy Polacy\u201d<\/strong> w ramach realizowanego\u00a0 projektu <strong>\u201eSZKO\u0141A WIERNA DZIEDZICTWU\u201d.<\/strong><\/p>\n<p>Udzia\u0142 w nim wzi\u0119li reprezentanci\u00a0 klas gimnazjalnych \u2013\u00a0 trzy osoby z ka\u017cdej klasy.<\/p>\n<p>Uczniowie mieli do wykonania 5 zada\u0144:<\/p>\n<ol>\n<li><strong>Rozsypanka <\/strong>\u2013 z rozsypanych wyraz\u00f3w u\u0142\u00f3\u017c\u00a0 5 zda\u0144 charakterystycznych dla danej postaci, zapisz\u00a0 z jak\u0105 osob\u0105 jest ono zwi\u0105zane.<\/li>\n<li>2<strong>. Krzy\u017c\u00f3wka<\/strong> \u2013 rozwi\u0105\u017c i podaj has\u0142o.<\/li>\n<li>3<strong>. Rozpoznaj twarz<\/strong> \u2013 na tablicy s\u0105 ponumerowane zdj\u0119cia wielkich Polak\u00f3w, zapisz nazwisko ka\u017cdej z nich.<\/li>\n<\/ol>\n<ol start=\"4\">\n<li><strong>Wylosuj trzy nazwiska<\/strong> \u2013 kim te osoby by\u0142y, co osi\u0105gn\u0119\u0142y ?<\/li>\n<li><strong>Dopasuj posta\u0107 do rekwizytu<\/strong> \u2013 na jednej tablicy s\u0105 ponumerowane zdj\u0119cia postaci na, drugiej<\/li>\n<\/ol>\n<p>ponumerowane rekwizyty charakterystyczne dla ka\u017cdej z nich \u2013 po\u0142\u0105cz je.<\/p>\n<p>Sk\u0142ad komisji konkursu: z-ca dyr. Gra\u017cyna J\u0119drzejczak, Danuta Maroszek<br \/>\nKonkurs przygotowa\u0142y i przeprowadzi\u0142y: Gra\u017cyna Dworzy\u0144ska, Ewa Szulecka<\/p>\n<p>Zwyci\u0119zcy konkursu:<br \/>\nMiejsce I \u2013 Kamil Chojnacki z kl. III b gim.<br \/>\nMiejsce II \u2013 Dawid Kuman z kl. II a gim.<br \/>\nMiejsce III \u2013 Adrian Stawiak z kl. II b gim.<\/p>\n<p>&nbsp;<\/p>\n\n\t\t<style type=\"text\/css\">\n\t\t\t#gallery-1 {\n\t\t\t\tmargin: auto;\n\t\t\t}\n\t\t\t#gallery-1 .gallery-item {\n\t\t\t\tfloat: left;\n\t\t\t\tmargin-top: 10px;\n\t\t\t\ttext-align: center;\n\t\t\t\twidth: 50%;\n\t\t\t}\n\t\t\t#gallery-1 img {\n\t\t\t\tborder: 2px solid #cfcfcf;\n\t\t\t}\n\t\t\t#gallery-1 .gallery-caption {\n\t\t\t\tmargin-left: 0;\n\t\t\t}\n\t\t\t\/* see gallery_shortcode() in wp-includes\/media.php *\/\n\t\t<\/style>\n\t\t<div id='gallery-1' class='gallery galleryid-7014 gallery-columns-2 gallery-size-thumbnail'><dl class='gallery-item'>\n\t\t\t<dt class='gallery-icon portrait'>\n\t\t\t\t<a title=\"\" href='https:\/\/www.sosw.elblag.com.pl\/wp-content\/uploads\/2017\/06\/20170519_100138.jpg'><img loading=\"lazy\" decoding=\"async\" width=\"200\" height=\"200\" src=\"https:\/\/www.sosw.elblag.com.pl\/wp-content\/uploads\/2017\/06\/20170519_100138-200x200.jpg\" class=\"attachment-thumbnail size-thumbnail\" alt=\"\" \/><\/a>\n\t\t\t<\/dt><\/dl><dl class='gallery-item'>\n\t\t\t<dt class='gallery-icon portrait'>\n\t\t\t\t<a title=\"\" href='https:\/\/www.sosw.elblag.com.pl\/wp-content\/uploads\/2017\/06\/20170519_100201.jpg'><img loading=\"lazy\" decoding=\"async\" width=\"200\" height=\"200\" src=\"https:\/\/www.sosw.elblag.com.pl\/wp-content\/uploads\/2017\/06\/20170519_100201-200x200.jpg\" class=\"attachment-thumbnail size-thumbnail\" alt=\"\" \/><\/a>\n\t\t\t<\/dt><\/dl><br style=\"clear: both\" \/><dl class='gallery-item'>\n\t\t\t<dt class='gallery-icon portrait'>\n\t\t\t\t<a title=\"\" href='https:\/\/www.sosw.elblag.com.pl\/wp-content\/uploads\/2017\/06\/20170519_100219.jpg'><img loading=\"lazy\" decoding=\"async\" width=\"200\" height=\"200\" src=\"https:\/\/www.sosw.elblag.com.pl\/wp-content\/uploads\/2017\/06\/20170519_100219-200x200.jpg\" class=\"attachment-thumbnail size-thumbnail\" alt=\"\" \/><\/a>\n\t\t\t<\/dt><\/dl><dl class='gallery-item'>\n\t\t\t<dt class='gallery-icon portrait'>\n\t\t\t\t<a title=\"\" href='https:\/\/www.sosw.elblag.com.pl\/wp-content\/uploads\/2017\/06\/20170519_100232.jpg'><img loading=\"lazy\" decoding=\"async\" width=\"200\" height=\"200\" src=\"https:\/\/www.sosw.elblag.com.pl\/wp-content\/uploads\/2017\/06\/20170519_100232-200x200.jpg\" class=\"attachment-thumbnail size-thumbnail\" alt=\"\" \/><\/a>\n\t\t\t<\/dt><\/dl><br style=\"clear: both\" \/><dl class='gallery-item'>\n\t\t\t<dt class='gallery-icon landscape'>\n\t\t\t\t<a title=\"\" href='https:\/\/www.sosw.elblag.com.pl\/wp-content\/uploads\/2017\/06\/20170524_111856.jpg'><img loading=\"lazy\" decoding=\"async\" width=\"200\" height=\"200\" src=\"https:\/\/www.sosw.elblag.com.pl\/wp-content\/uploads\/2017\/06\/20170524_111856-200x200.jpg\" class=\"attachment-thumbnail size-thumbnail\" alt=\"\" \/><\/a>\n\t\t\t<\/dt><\/dl><dl class='gallery-item'>\n\t\t\t<dt class='gallery-icon landscape'>\n\t\t\t\t<a title=\"\" href='https:\/\/www.sosw.elblag.com.pl\/wp-content\/uploads\/2017\/06\/20170524_111914.jpg'><img loading=\"lazy\" decoding=\"async\" width=\"200\" height=\"200\" src=\"https:\/\/www.sosw.elblag.com.pl\/wp-content\/uploads\/2017\/06\/20170524_111914-200x200.jpg\" class=\"attachment-thumbnail size-thumbnail\" alt=\"\" \/><\/a>\n\t\t\t<\/dt><\/dl><br style=\"clear: both\" \/>\n\t\t<\/div>\n\n<p>&nbsp;<\/p>\n","protected":false},"excerpt":{"rendered":"<p>19 maja 2017r.w naszej szkole odby\u0142 si\u0119 konkurs pod has\u0142em \u201eWielcy Polacy\u201d w ramach realizowanego\u00a0 projektu \u201eSZKO\u0141A WIERNA DZIEDZICTWU\u201d. Udzia\u0142 w nim <a class=\"more-link\" href=\"https:\/\/www.sosw.elblag.com.pl\/index.php\/2017\/06\/19\/7014\/\">Czytaj dalej&#8230;<\/a><\/p>\n","protected":false},"author":1,"featured_media":7018,"comment_status":"closed","ping_status":"closed","sticky":false,"template":"","format":"standard","meta":{"footnotes":""},"categories":[20,15],"tags":[],"class_list":["post-7014","post","type-post","status-publish","format-standard","has-post-thumbnail","hentry","category-szkola-wierna-dziedzictwu","category-z-zycia-osrodka-20162017"],"_links":{"self":[{"href":"https:\/\/www.sosw.elblag.com.pl\/index.php\/wp-json\/wp\/v2\/posts\/7014","targetHints":{"allow":["GET"]}}],"collection":[{"href":"https:\/\/www.sosw.elblag.com.pl\/index.php\/wp-json\/wp\/v2\/posts"}],"about":[{"href":"https:\/\/www.sosw.elblag.com.pl\/index.php\/wp-json\/wp\/v2\/types\/post"}],"author":[{"embeddable":true,"href":"https:\/\/www.sosw.elblag.com.pl\/index.php\/wp-json\/wp\/v2\/users\/1"}],"replies":[{"embeddable":true,"href":"https:\/\/www.sosw.elblag.com.pl\/index.php\/wp-json\/wp\/v2\/comments?post=7014"}],"version-history":[{"count":2,"href":"https:\/\/www.sosw.elblag.com.pl\/index.php\/wp-json\/wp\/v2\/posts\/7014\/revisions"}],"predecessor-version":[{"id":7022,"href":"https:\/\/www.sosw.elblag.com.pl\/index.php\/wp-json\/wp\/v2\/posts\/7014\/revisions\/7022"}],"wp:featuredmedia":[{"embeddable":true,"href":"https:\/\/www.sosw.elblag.com.pl\/index.php\/wp-json\/wp\/v2\/media\/7018"}],"wp:attachment":[{"href":"https:\/\/www.sosw.elblag.com.pl\/index.php\/wp-json\/wp\/v2\/media?parent=7014"}],"wp:term":[{"taxonomy":"category","embeddable":true,"href":"https:\/\/www.sosw.elblag.com.pl\/index.php\/wp-json\/wp\/v2\/categories?post=7014"},{"taxonomy":"post_tag","embeddable":true,"href":"https:\/\/www.sosw.elblag.com.pl\/index.php\/wp-json\/wp\/v2\/tags?post=7014"}],"curies":[{"name":"wp","href":"https:\/\/api.w.org\/{rel}","templated":true}]}}