{"id":7011,"date":"2017-06-16T08:51:46","date_gmt":"2017-06-16T06:51:46","guid":{"rendered":"http:\/\/www.sosw.elblag.com.pl\/?p=7011"},"modified":"2017-06-16T08:51:46","modified_gmt":"2017-06-16T06:51:46","slug":"czytanie-reaktywacja-uroczysty-final-programu-miejskiego-w-cse-swiatowid","status":"publish","type":"post","link":"https:\/\/www.sosw.elblag.com.pl\/index.php\/2017\/06\/16\/czytanie-reaktywacja-uroczysty-final-programu-miejskiego-w-cse-swiatowid\/","title":{"rendered":"\u201eCzytanie. Reaktywacja?\u201d-uroczysty fina\u0142 programu miejskiego w CSE \u201e\u015awiatowid\u201d."},"content":{"rendered":"<p>Dnia 14.06.2017r.uczestniczyli\u015bmy w uroczystej gali wie\u0144cz\u0105cej podsumowanie miejskiego programu pn. \u201eCzytanie. Reaktywacja?\u201d, kt\u00f3rego inicjatorem jest Prezydent Miasta Elbl\u0105ga Pan Witold Wr\u00f3blewski. W my\u015bl s\u0142\u00f3w polskiej noblistki Wis\u0142awy Szymborskiej <strong><em>\u201eCzytanie ksi\u0105\u017cek to najpi\u0119kniejsza zabawa, jak\u0105 sobie ludzko\u015b\u0107 wymy\u015bli\u0142a\u201d <\/em><\/strong>trzy szko\u0142y ponadgimnazjalne: Zesp\u00f3\u0142 Szk\u00f3l In\u017cynierii \u015arodowiska i Us\u0142ug, Zesp\u00f3\u0142 Szk\u00f3\u0142 Technicznych oraz Zesp\u00f3\u0142 Szk\u00f3\u0142 Zawodowych nr 1 w Elbl\u0105gu, wdra\u017caj\u0105c program, opracowa\u0142y kolejne etapy eliminacji konkursowych:<\/p>\n<ul>\n<li>marszobieg \u201eMoli ksi\u0105\u017ckowych\u201d(XII 2016r.)<\/li>\n<li>konkurs plastyczny \u201eKsi\u0105\u017cka marze\u0144\u201d( I 2017r.)<\/li>\n<li>konkurs multimedialny \u201eZara\u017camy czytaniem\u201d- prezentacja (I 2017r.).<\/li>\n<\/ul>\n<p>Uczniowie naszego O\u015brodka aktywnie w\u0142\u0105czyli si\u0119 w przebieg zmaga\u0144 konkursowych, a potwierdzeniem tego s\u0105 wyr\u00f3\u017cnienia i nagrody, kt\u00f3re podczas konferencji miejskiej wr\u0119cza\u0142 sam Prezydent Miasta. W marszobiegu \u201eMoli ksi\u0105\u017ckowych\u201d , w rozwi\u0105zywaniu zagadek, eliminatek i rebus\u00f3w w plenerze, godnie reprezentowali nas uczniowie szko\u0142y podstawowej: Sebastian Pir\u00f3g i Jakub Wyszy\u0144ski(kl. VI) oraz gimnazjali\u015bci: Adrian Stawiak i Patryk Nadolski (kl. II b), kt\u00f3rym kibicowa\u0142y panie: Gra\u017cyna Tumanowska i Edyta Pardo.\u00a0 Zmys\u0142em plastycznym wykazali si\u0119: Amelia Kot (kl. Id gim.)i Sebastian Pir\u00f3g(kl.VI) pod czujnym okiem pana Paw\u0142a Konopki. Prezentacji multimedialnej patronowa\u0142y panie: Dorota Szablewska i Edyta Pardo, kt\u00f3re wraz z uczennicami szko\u0142y zawodowej, a zarazem cz\u0142onkiniami Ko\u0142a Przyjaci\u00f3\u0142 Biblioteki: Magd\u0105 Bisak (kl. Ikuch.) i\u00a0 Natali\u0105 Potorsk\u0105 (kl. III kuch.) opracowa\u0142y wersje dialogowe i slajdy ukazuj\u0105ce zr\u00f3\u017cnicowan\u0105 tematyk\u0119 ksi\u0105\u017cek z uwagi na intencje nadawcy i upodobania czytelnicze.<\/p>\n<p>W\u015br\u00f3d uhonorowanych zwyci\u0119zc\u00f3w znalaz\u0142y \u00a0si\u0119: Magda Bisak i Natalia Potorska, kt\u00f3re w kategorii szk\u00f3\u0142 ponadgimnazjalnych zaj\u0119\u0142y 3 miejsce. Podzi\u0119kowania za udzia\u0142 w konkursie plastycznym \u201eKsi\u0105\u017ca marze\u0144\u201d otrzymali Amelia Kot i Sebastian Pir\u00f3g.<\/p>\n<p>Wszystkim uczestnikom eliminacji konkursowych serdecznie gratulujemy.<\/p>\n<p>Edyta Pardo<br \/>\nDorota Szablewska<br \/>\nGra\u017cyna Tumanowska<br \/>\nPawe\u0142 Konopka<\/p>\n\n\t\t<style type=\"text\/css\">\n\t\t\t#gallery-1 {\n\t\t\t\tmargin: auto;\n\t\t\t}\n\t\t\t#gallery-1 .gallery-item {\n\t\t\t\tfloat: left;\n\t\t\t\tmargin-top: 10px;\n\t\t\t\ttext-align: center;\n\t\t\t\twidth: 100%;\n\t\t\t}\n\t\t\t#gallery-1 img {\n\t\t\t\tborder: 2px solid #cfcfcf;\n\t\t\t}\n\t\t\t#gallery-1 .gallery-caption {\n\t\t\t\tmargin-left: 0;\n\t\t\t}\n\t\t\t\/* see gallery_shortcode() in wp-includes\/media.php *\/\n\t\t<\/style>\n\t\t<div id='gallery-1' class='gallery galleryid-7011 gallery-columns-1 gallery-size-thumbnail'><dl class='gallery-item'>\n\t\t\t<dt class='gallery-icon landscape'>\n\t\t\t\t<a title=\"\" href='https:\/\/www.sosw.elblag.com.pl\/wp-content\/uploads\/2017\/06\/Czytanie.Reaktywacja..jpg'><img loading=\"lazy\" decoding=\"async\" width=\"200\" height=\"200\" src=\"https:\/\/www.sosw.elblag.com.pl\/wp-content\/uploads\/2017\/06\/Czytanie.Reaktywacja.-200x200.jpg\" class=\"attachment-thumbnail size-thumbnail\" alt=\"\" \/><\/a>\n\t\t\t<\/dt><\/dl><br style=\"clear: both\" \/>\n\t\t<\/div>\n\n","protected":false},"excerpt":{"rendered":"<p>Dnia 14.06.2017r.uczestniczyli\u015bmy w uroczystej gali wie\u0144cz\u0105cej podsumowanie miejskiego programu pn. \u201eCzytanie. Reaktywacja?\u201d, kt\u00f3rego inicjatorem jest Prezydent Miasta Elbl\u0105ga Pan Witold Wr\u00f3blewski. W <a class=\"more-link\" href=\"https:\/\/www.sosw.elblag.com.pl\/index.php\/2017\/06\/16\/czytanie-reaktywacja-uroczysty-final-programu-miejskiego-w-cse-swiatowid\/\">Czytaj dalej&#8230;<\/a><\/p>\n","protected":false},"author":1,"featured_media":7012,"comment_status":"closed","ping_status":"closed","sticky":false,"template":"","format":"standard","meta":{"footnotes":""},"categories":[10,15],"tags":[],"class_list":["post-7011","post","type-post","status-publish","format-standard","has-post-thumbnail","hentry","category-dzialania-biblioteki","category-z-zycia-osrodka-20162017"],"_links":{"self":[{"href":"https:\/\/www.sosw.elblag.com.pl\/index.php\/wp-json\/wp\/v2\/posts\/7011","targetHints":{"allow":["GET"]}}],"collection":[{"href":"https:\/\/www.sosw.elblag.com.pl\/index.php\/wp-json\/wp\/v2\/posts"}],"about":[{"href":"https:\/\/www.sosw.elblag.com.pl\/index.php\/wp-json\/wp\/v2\/types\/post"}],"author":[{"embeddable":true,"href":"https:\/\/www.sosw.elblag.com.pl\/index.php\/wp-json\/wp\/v2\/users\/1"}],"replies":[{"embeddable":true,"href":"https:\/\/www.sosw.elblag.com.pl\/index.php\/wp-json\/wp\/v2\/comments?post=7011"}],"version-history":[{"count":1,"href":"https:\/\/www.sosw.elblag.com.pl\/index.php\/wp-json\/wp\/v2\/posts\/7011\/revisions"}],"predecessor-version":[{"id":7013,"href":"https:\/\/www.sosw.elblag.com.pl\/index.php\/wp-json\/wp\/v2\/posts\/7011\/revisions\/7013"}],"wp:featuredmedia":[{"embeddable":true,"href":"https:\/\/www.sosw.elblag.com.pl\/index.php\/wp-json\/wp\/v2\/media\/7012"}],"wp:attachment":[{"href":"https:\/\/www.sosw.elblag.com.pl\/index.php\/wp-json\/wp\/v2\/media?parent=7011"}],"wp:term":[{"taxonomy":"category","embeddable":true,"href":"https:\/\/www.sosw.elblag.com.pl\/index.php\/wp-json\/wp\/v2\/categories?post=7011"},{"taxonomy":"post_tag","embeddable":true,"href":"https:\/\/www.sosw.elblag.com.pl\/index.php\/wp-json\/wp\/v2\/tags?post=7011"}],"curies":[{"name":"wp","href":"https:\/\/api.w.org\/{rel}","templated":true}]}}