{"id":66556,"date":"2026-04-30T22:17:23","date_gmt":"2026-04-30T20:17:23","guid":{"rendered":"https:\/\/www.sosw.elblag.com.pl\/?p=66556"},"modified":"2026-04-30T22:17:23","modified_gmt":"2026-04-30T20:17:23","slug":"ai-kulinarna-podroz-wychowankow-internatu","status":"publish","type":"post","link":"https:\/\/www.sosw.elblag.com.pl\/index.php\/2026\/04\/30\/ai-kulinarna-podroz-wychowankow-internatu\/","title":{"rendered":"\u201eAI- Kulinarna podr\u00f3\u017c wychowank\u00f3w internatu\u201d"},"content":{"rendered":"<p>Temat: Yasai Sando \u2013 Japo\u0144ska kanapka warzywna.<\/p>\n<p style=\"text-align: justify;\">W ramach innowacji pedagogicznej \u201eAI- kulinarna podr\u00f3\u017c wychowank\u00f3w internatu\u201d\u00a0 mieli\u015bmy okazj\u0119 przenie\u015b\u0107 si\u0119 do smak\u00f3w Japonii, przygotowuj\u0105c yasai sando.<\/p>\n<p style=\"text-align: justify;\">Jak zwykle zaj\u0119cia rozpocz\u0119\u0142y si\u0119 od wyszukania przepisu, skomponowania listy zakup\u00f3w oraz poznania historii i ciekawostek naszego dania, przy pomocy sztucznej inteligencji.\u00a0 Nast\u0119pnie wychowankowie samodzielnie komponowali swoje wersje tej lekkiej, warzywnej kanapki, dbaj\u0105c nie tylko o smak ale tak\u017ce estetyczne u\u0142o\u017cenie\u00a0 sk\u0142adnik\u00f3w.<\/p>\n<p style=\"text-align: justify;\">Zaj\u0119cia by\u0142y nie tylko ciekawym do\u015bwiadczeniem kulinarnym, ale tak\u017ce \u015bwietn\u0105 okazj\u0105 do rozwijania kreatywno\u015bci, wykorzystania technologii w \u017cyciu codziennym i poznawania kuchni \u015bwiata.<\/p>\n<p>&nbsp;<\/p>\n<p>Realizatorzy innowacji: Agnieszka Orzechowska, Kamila Kisiel, Jacek Kowalski<\/p>\n\n\t\t<style type=\"text\/css\">\n\t\t\t#gallery-1 {\n\t\t\t\tmargin: auto;\n\t\t\t}\n\t\t\t#gallery-1 .gallery-item {\n\t\t\t\tfloat: left;\n\t\t\t\tmargin-top: 10px;\n\t\t\t\ttext-align: center;\n\t\t\t\twidth: 50%;\n\t\t\t}\n\t\t\t#gallery-1 img {\n\t\t\t\tborder: 2px solid #cfcfcf;\n\t\t\t}\n\t\t\t#gallery-1 .gallery-caption {\n\t\t\t\tmargin-left: 0;\n\t\t\t}\n\t\t\t\/* see gallery_shortcode() in wp-includes\/media.php *\/\n\t\t<\/style>\n\t\t<div id='gallery-1' class='gallery galleryid-66556 gallery-columns-2 gallery-size-thumbnail'><dl class='gallery-item'>\n\t\t\t<dt class='gallery-icon portrait'>\n\t\t\t\t<a title=\"AI- Kulinarna podr\u00f3\u017c wychowank\u00f3w internatu (1)\" href='https:\/\/www.sosw.elblag.com.pl\/wp-content\/uploads\/2026\/04\/AI-Kulinarna-podroz-wychowankow-internatu-1.jpg'><img loading=\"lazy\" decoding=\"async\" width=\"200\" height=\"200\" src=\"https:\/\/www.sosw.elblag.com.pl\/wp-content\/uploads\/2026\/04\/AI-Kulinarna-podroz-wychowankow-internatu-1-200x200.jpg\" class=\"attachment-thumbnail size-thumbnail\" alt=\"\" \/><\/a>\n\t\t\t<\/dt><\/dl><dl class='gallery-item'>\n\t\t\t<dt class='gallery-icon landscape'>\n\t\t\t\t<a title=\"AI- Kulinarna podr\u00f3\u017c wychowank\u00f3w internatu (2)\" href='https:\/\/www.sosw.elblag.com.pl\/wp-content\/uploads\/2026\/04\/AI-Kulinarna-podroz-wychowankow-internatu-2.jpg'><img loading=\"lazy\" decoding=\"async\" width=\"200\" height=\"200\" src=\"https:\/\/www.sosw.elblag.com.pl\/wp-content\/uploads\/2026\/04\/AI-Kulinarna-podroz-wychowankow-internatu-2-200x200.jpg\" class=\"attachment-thumbnail size-thumbnail\" alt=\"\" \/><\/a>\n\t\t\t<\/dt><\/dl><br style=\"clear: both\" \/><dl class='gallery-item'>\n\t\t\t<dt class='gallery-icon portrait'>\n\t\t\t\t<a title=\"AI- Kulinarna podr\u00f3\u017c wychowank\u00f3w internatu (3)\" href='https:\/\/www.sosw.elblag.com.pl\/wp-content\/uploads\/2026\/04\/AI-Kulinarna-podroz-wychowankow-internatu-3.jpg'><img loading=\"lazy\" decoding=\"async\" width=\"200\" height=\"200\" src=\"https:\/\/www.sosw.elblag.com.pl\/wp-content\/uploads\/2026\/04\/AI-Kulinarna-podroz-wychowankow-internatu-3-200x200.jpg\" class=\"attachment-thumbnail size-thumbnail\" alt=\"\" \/><\/a>\n\t\t\t<\/dt><\/dl><dl class='gallery-item'>\n\t\t\t<dt class='gallery-icon portrait'>\n\t\t\t\t<a title=\"AI- Kulinarna podr\u00f3\u017c wychowank\u00f3w internatu (4)\" href='https:\/\/www.sosw.elblag.com.pl\/wp-content\/uploads\/2026\/04\/AI-Kulinarna-podroz-wychowankow-internatu-4.jpg'><img loading=\"lazy\" decoding=\"async\" width=\"200\" height=\"200\" src=\"https:\/\/www.sosw.elblag.com.pl\/wp-content\/uploads\/2026\/04\/AI-Kulinarna-podroz-wychowankow-internatu-4-200x200.jpg\" class=\"attachment-thumbnail size-thumbnail\" alt=\"\" \/><\/a>\n\t\t\t<\/dt><\/dl><br style=\"clear: both\" \/><dl class='gallery-item'>\n\t\t\t<dt class='gallery-icon portrait'>\n\t\t\t\t<a title=\"AI- Kulinarna podr\u00f3\u017c wychowank\u00f3w internatu (5)\" href='https:\/\/www.sosw.elblag.com.pl\/wp-content\/uploads\/2026\/04\/AI-Kulinarna-podroz-wychowankow-internatu-5.jpg'><img loading=\"lazy\" decoding=\"async\" width=\"200\" height=\"200\" src=\"https:\/\/www.sosw.elblag.com.pl\/wp-content\/uploads\/2026\/04\/AI-Kulinarna-podroz-wychowankow-internatu-5-200x200.jpg\" class=\"attachment-thumbnail size-thumbnail\" alt=\"\" \/><\/a>\n\t\t\t<\/dt><\/dl><dl class='gallery-item'>\n\t\t\t<dt class='gallery-icon portrait'>\n\t\t\t\t<a title=\"AI- Kulinarna podr\u00f3\u017c wychowank\u00f3w internatu (6)\" href='https:\/\/www.sosw.elblag.com.pl\/wp-content\/uploads\/2026\/04\/AI-Kulinarna-podroz-wychowankow-internatu-6.jpg'><img loading=\"lazy\" decoding=\"async\" width=\"200\" height=\"200\" src=\"https:\/\/www.sosw.elblag.com.pl\/wp-content\/uploads\/2026\/04\/AI-Kulinarna-podroz-wychowankow-internatu-6-200x200.jpg\" class=\"attachment-thumbnail size-thumbnail\" alt=\"\" \/><\/a>\n\t\t\t<\/dt><\/dl><br style=\"clear: both\" \/><dl class='gallery-item'>\n\t\t\t<dt class='gallery-icon landscape'>\n\t\t\t\t<a title=\"AI- Kulinarna podr\u00f3\u017c wychowank\u00f3w internatu (7)\" href='https:\/\/www.sosw.elblag.com.pl\/wp-content\/uploads\/2026\/04\/AI-Kulinarna-podroz-wychowankow-internatu-7.jpg'><img loading=\"lazy\" decoding=\"async\" width=\"200\" height=\"200\" src=\"https:\/\/www.sosw.elblag.com.pl\/wp-content\/uploads\/2026\/04\/AI-Kulinarna-podroz-wychowankow-internatu-7-200x200.jpg\" class=\"attachment-thumbnail size-thumbnail\" alt=\"\" \/><\/a>\n\t\t\t<\/dt><\/dl>\n\t\t\t<br style='clear: both' \/>\n\t\t<\/div>\n\n","protected":false},"excerpt":{"rendered":"<p>Temat: Yasai Sando \u2013 Japo\u0144ska kanapka warzywna. W ramach innowacji pedagogicznej \u201eAI- kulinarna podr\u00f3\u017c wychowank\u00f3w internatu\u201d\u00a0 mieli\u015bmy okazj\u0119 przenie\u015b\u0107 si\u0119 do smak\u00f3w <a class=\"more-link\" href=\"https:\/\/www.sosw.elblag.com.pl\/index.php\/2026\/04\/30\/ai-kulinarna-podroz-wychowankow-internatu\/\">Czytaj dalej&#8230;<\/a><\/p>\n","protected":false},"author":1,"featured_media":66557,"comment_status":"closed","ping_status":"closed","sticky":false,"template":"","format":"standard","meta":{"footnotes":""},"categories":[77],"tags":[],"class_list":["post-66556","post","type-post","status-publish","format-standard","has-post-thumbnail","hentry","category-z-zycia-osrodka-2025-2026"],"_links":{"self":[{"href":"https:\/\/www.sosw.elblag.com.pl\/index.php\/wp-json\/wp\/v2\/posts\/66556","targetHints":{"allow":["GET"]}}],"collection":[{"href":"https:\/\/www.sosw.elblag.com.pl\/index.php\/wp-json\/wp\/v2\/posts"}],"about":[{"href":"https:\/\/www.sosw.elblag.com.pl\/index.php\/wp-json\/wp\/v2\/types\/post"}],"author":[{"embeddable":true,"href":"https:\/\/www.sosw.elblag.com.pl\/index.php\/wp-json\/wp\/v2\/users\/1"}],"replies":[{"embeddable":true,"href":"https:\/\/www.sosw.elblag.com.pl\/index.php\/wp-json\/wp\/v2\/comments?post=66556"}],"version-history":[{"count":1,"href":"https:\/\/www.sosw.elblag.com.pl\/index.php\/wp-json\/wp\/v2\/posts\/66556\/revisions"}],"predecessor-version":[{"id":66564,"href":"https:\/\/www.sosw.elblag.com.pl\/index.php\/wp-json\/wp\/v2\/posts\/66556\/revisions\/66564"}],"wp:featuredmedia":[{"embeddable":true,"href":"https:\/\/www.sosw.elblag.com.pl\/index.php\/wp-json\/wp\/v2\/media\/66557"}],"wp:attachment":[{"href":"https:\/\/www.sosw.elblag.com.pl\/index.php\/wp-json\/wp\/v2\/media?parent=66556"}],"wp:term":[{"taxonomy":"category","embeddable":true,"href":"https:\/\/www.sosw.elblag.com.pl\/index.php\/wp-json\/wp\/v2\/categories?post=66556"},{"taxonomy":"post_tag","embeddable":true,"href":"https:\/\/www.sosw.elblag.com.pl\/index.php\/wp-json\/wp\/v2\/tags?post=66556"}],"curies":[{"name":"wp","href":"https:\/\/api.w.org\/{rel}","templated":true}]}}