{"id":66543,"date":"2026-04-29T07:43:14","date_gmt":"2026-04-29T05:43:14","guid":{"rendered":"https:\/\/www.sosw.elblag.com.pl\/?p=66543"},"modified":"2026-04-29T07:43:14","modified_gmt":"2026-04-29T05:43:14","slug":"zajecia-profilaktyczne-3","status":"publish","type":"post","link":"https:\/\/www.sosw.elblag.com.pl\/index.php\/2026\/04\/29\/zajecia-profilaktyczne-3\/","title":{"rendered":"Zaj\u0119cia profilaktyczne"},"content":{"rendered":"<p style=\"text-align: justify; text-indent: 35.4pt; line-height: 150%;\"><span style=\"font-size: 11.0pt; line-height: 150%; font-family: 'Calibri','sans-serif';\">W dniu dzisiejszym zako\u0144czyli\u015bmy cykl spotka\u0144 profilaktycznych, kt\u00f3re w bie\u017c\u0105cym roku szkolnym zosta\u0142y przeprowadzone dla naszych uczni\u00f3w we wsp\u00f3\u0142pracy z funkcjonariuszami Komendy Miejskiej Policji w Elbl\u0105gu.<\/span><\/p>\n<p style=\"text-align: justify; text-indent: 35.4pt; line-height: 150%;\"><span style=\"font-size: 11.0pt; line-height: 150%; font-family: 'Calibri','sans-serif';\">G\u0142\u00f3wnym celem zaj\u0119\u0107 by\u0142o promowanie bezpiecznych i odpowiedzialnych zachowa\u0144 w\u015br\u00f3d m\u0142odzie\u017cy oraz poszerzenie wiedzy na temat zagro\u017ce\u0144, z jakimi mog\u0105 spotka\u0107 si\u0119 na co dzie\u0144. W spotkaniach uczestniczyli uczniowie starszych klas Szko\u0142y Podstawowej oraz uczniowie Szko\u0142y Bran\u017cowej.<\/span><\/p>\n<p style=\"text-align: justify; text-indent: 35.4pt; line-height: 150%;\"><span style=\"font-size: 11.0pt; line-height: 150%; font-family: 'Calibri','sans-serif';\">Podczas rozm\u00f3w z policjantami poruszono tematy dotycz\u0105ce bezpiecze\u0144stwa w Internecie, hejtu i cyberprzemocy, skutk\u00f3w za\u017cywania dopalaczy, a tak\u017ce odpowiedzialno\u015bci karnej os\u00f3b nieletnich. By\u0142a to cenna okazja do zadawania pyta\u0144 oraz wymiany do\u015bwiadcze\u0144.<\/span><\/p>\n<p style=\"text-align: justify; text-indent: 35.4pt; line-height: 150%;\"><span style=\"font-size: 11.0pt; line-height: 150%; font-family: 'Calibri','sans-serif';\">Dzi\u0119kujemy funkcjonariuszom Policji za po\u015bwi\u0119cony czas, zaanga\u017cowanie oraz profesjonalne przeprowadzenie zaj\u0119\u0107. Wierzymy, \u017ce przekazana wiedza b\u0119dzie dla naszych uczni\u00f3w wa\u017cnym wsparciem w podejmowaniu w\u0142a\u015bciwych decyzji.<\/span><\/p>\n<p style=\"text-align: justify; line-height: 150%;\"><span style=\"font-size: 11.0pt; line-height: 150%; font-family: 'Calibri','sans-serif';\">\u00a0<\/span><\/p>\n<p style=\"text-align: justify; line-height: 150%;\"><span style=\"font-size: 11.0pt; line-height: 150%; font-family: 'Calibri','sans-serif';\">\u00a0<\/span><\/p>\n<p style=\"text-align: justify; line-height: 150%;\"><span style=\"font-size: 11.0pt; line-height: 150%; font-family: 'Calibri','sans-serif';\">Iwona Zwara<\/span><\/p>\n<p style=\"text-align: justify; line-height: 150%;\"><span style=\"font-size: 11.0pt; line-height: 150%; font-family: 'Calibri','sans-serif';\">Magdalena Macek<\/span><\/p>\n\n\t\t<style type=\"text\/css\">\n\t\t\t#gallery-1 {\n\t\t\t\tmargin: auto;\n\t\t\t}\n\t\t\t#gallery-1 .gallery-item {\n\t\t\t\tfloat: left;\n\t\t\t\tmargin-top: 10px;\n\t\t\t\ttext-align: center;\n\t\t\t\twidth: 33%;\n\t\t\t}\n\t\t\t#gallery-1 img {\n\t\t\t\tborder: 2px solid #cfcfcf;\n\t\t\t}\n\t\t\t#gallery-1 .gallery-caption {\n\t\t\t\tmargin-left: 0;\n\t\t\t}\n\t\t\t\/* see gallery_shortcode() in wp-includes\/media.php *\/\n\t\t<\/style>\n\t\t<div id='gallery-1' class='gallery galleryid-66543 gallery-columns-3 gallery-size-thumbnail'><dl class='gallery-item'>\n\t\t\t<dt class='gallery-icon landscape'>\n\t\t\t\t<a title=\"Dopalacze - ulotka\" href='https:\/\/www.sosw.elblag.com.pl\/wp-content\/uploads\/2026\/04\/Dopalacze-ulotka.jpg'><img loading=\"lazy\" decoding=\"async\" width=\"200\" height=\"200\" src=\"https:\/\/www.sosw.elblag.com.pl\/wp-content\/uploads\/2026\/04\/Dopalacze-ulotka-200x200.jpg\" class=\"attachment-thumbnail size-thumbnail\" alt=\"\" \/><\/a>\n\t\t\t<\/dt><\/dl><dl class='gallery-item'>\n\t\t\t<dt class='gallery-icon landscape'>\n\t\t\t\t<a title=\"Zaj\u0119cia profilaktyczne KMP 2026 (1)\" href='https:\/\/www.sosw.elblag.com.pl\/wp-content\/uploads\/2026\/04\/Zajecia-profilaktyczne-KMP-2026-1-scaled.jpg'><img loading=\"lazy\" decoding=\"async\" width=\"200\" height=\"200\" src=\"https:\/\/www.sosw.elblag.com.pl\/wp-content\/uploads\/2026\/04\/Zajecia-profilaktyczne-KMP-2026-1-200x200.jpg\" class=\"attachment-thumbnail size-thumbnail\" alt=\"\" \/><\/a>\n\t\t\t<\/dt><\/dl><dl class='gallery-item'>\n\t\t\t<dt class='gallery-icon landscape'>\n\t\t\t\t<a title=\"Zaj\u0119cia profilaktyczne KMP 2026 (2)\" href='https:\/\/www.sosw.elblag.com.pl\/wp-content\/uploads\/2026\/04\/Zajecia-profilaktyczne-KMP-2026-2-scaled.jpg'><img loading=\"lazy\" decoding=\"async\" width=\"200\" height=\"200\" src=\"https:\/\/www.sosw.elblag.com.pl\/wp-content\/uploads\/2026\/04\/Zajecia-profilaktyczne-KMP-2026-2-200x200.jpg\" class=\"attachment-thumbnail size-thumbnail\" alt=\"\" \/><\/a>\n\t\t\t<\/dt><\/dl><br style=\"clear: both\" \/>\n\t\t<\/div>\n\n","protected":false},"excerpt":{"rendered":"<p>W dniu dzisiejszym zako\u0144czyli\u015bmy cykl spotka\u0144 profilaktycznych, kt\u00f3re w bie\u017c\u0105cym roku szkolnym zosta\u0142y przeprowadzone dla naszych uczni\u00f3w we wsp\u00f3\u0142pracy z funkcjonariuszami Komendy <a class=\"more-link\" href=\"https:\/\/www.sosw.elblag.com.pl\/index.php\/2026\/04\/29\/zajecia-profilaktyczne-3\/\">Czytaj dalej&#8230;<\/a><\/p>\n","protected":false},"author":1,"featured_media":66546,"comment_status":"closed","ping_status":"closed","sticky":false,"template":"","format":"standard","meta":{"footnotes":""},"categories":[79,77],"tags":[],"class_list":["post-66543","post","type-post","status-publish","format-standard","has-post-thumbnail","hentry","category-dzialania-pp","category-z-zycia-osrodka-2025-2026"],"_links":{"self":[{"href":"https:\/\/www.sosw.elblag.com.pl\/index.php\/wp-json\/wp\/v2\/posts\/66543","targetHints":{"allow":["GET"]}}],"collection":[{"href":"https:\/\/www.sosw.elblag.com.pl\/index.php\/wp-json\/wp\/v2\/posts"}],"about":[{"href":"https:\/\/www.sosw.elblag.com.pl\/index.php\/wp-json\/wp\/v2\/types\/post"}],"author":[{"embeddable":true,"href":"https:\/\/www.sosw.elblag.com.pl\/index.php\/wp-json\/wp\/v2\/users\/1"}],"replies":[{"embeddable":true,"href":"https:\/\/www.sosw.elblag.com.pl\/index.php\/wp-json\/wp\/v2\/comments?post=66543"}],"version-history":[{"count":1,"href":"https:\/\/www.sosw.elblag.com.pl\/index.php\/wp-json\/wp\/v2\/posts\/66543\/revisions"}],"predecessor-version":[{"id":66547,"href":"https:\/\/www.sosw.elblag.com.pl\/index.php\/wp-json\/wp\/v2\/posts\/66543\/revisions\/66547"}],"wp:featuredmedia":[{"embeddable":true,"href":"https:\/\/www.sosw.elblag.com.pl\/index.php\/wp-json\/wp\/v2\/media\/66546"}],"wp:attachment":[{"href":"https:\/\/www.sosw.elblag.com.pl\/index.php\/wp-json\/wp\/v2\/media?parent=66543"}],"wp:term":[{"taxonomy":"category","embeddable":true,"href":"https:\/\/www.sosw.elblag.com.pl\/index.php\/wp-json\/wp\/v2\/categories?post=66543"},{"taxonomy":"post_tag","embeddable":true,"href":"https:\/\/www.sosw.elblag.com.pl\/index.php\/wp-json\/wp\/v2\/tags?post=66543"}],"curies":[{"name":"wp","href":"https:\/\/api.w.org\/{rel}","templated":true}]}}