{"id":66521,"date":"2026-04-29T07:22:30","date_gmt":"2026-04-29T05:22:30","guid":{"rendered":"https:\/\/www.sosw.elblag.com.pl\/?p=66521"},"modified":"2026-04-29T07:22:30","modified_gmt":"2026-04-29T05:22:30","slug":"mali-odkrywcy-w-swiecie-igly-i-nitki-poznajemy-zawod-krawcowej","status":"publish","type":"post","link":"https:\/\/www.sosw.elblag.com.pl\/index.php\/2026\/04\/29\/mali-odkrywcy-w-swiecie-igly-i-nitki-poznajemy-zawod-krawcowej\/","title":{"rendered":"Mali Odkrywcy w \u015bwiecie ig\u0142y i nitki \u2013 poznajemy zaw\u00f3d krawcowej"},"content":{"rendered":"<p style=\"text-align: justify;\">W ramach naszego przedszkolnego programu \u201eMali Odkrywcy \u015awiata Zawod\u00f3w\u201d tym razem dzieci mia\u0142y okazj\u0119 pozna\u0107, na czym polega precyzyjna praca krawca i krawcowej.<\/p>\n<p style=\"text-align: justify;\">Zaj\u0119cia rozpocz\u0119\u0142y si\u0119 od tajemniczej zagadki, kt\u00f3ra szybko wprowadzi\u0142a przedszkolaki w tematyk\u0119 zaj\u0119\u0107. Du\u017co emocji dostarczy\u0142o \u201epude\u0142ko zagadek\u201d \u2013 dzieci z\u00a0zamkni\u0119tymi oczami losowa\u0142y przedmioty niezb\u0119dne w tym zawodzie, pr\u00f3buj\u0105c odgadn\u0105\u0107 za pomoc\u0105 dotyku, co trzymaj\u0105 w d\u0142oniach.<\/p>\n<p style=\"text-align: justify;\">Ogromne zainteresowanie wzbudzi\u0142a prezentacja maszyny do szycia. Dzieci z uwag\u0105 \u015bledzi\u0142y proces powstawania \u015bciegu oraz imponuj\u0105c\u0105 pr\u0119dko\u015b\u0107, z jak\u0105 urz\u0105dzenie spaja\u0142o materia\u0142. Po teorii przyszed\u0142 czas na praktyk\u0119 \u2013 nasi Mali Odkrywcy zostali projektantami mody! Za pomoc\u0105 kolorowych kawa\u0142k\u00f3w bibu\u0142y i klamerek \u201eszy\u0142y\u201d fantazyjne stroje na swoich kolegach i kole\u017cankach.<\/p>\n<p style=\"text-align: justify;\">Kulminacyjnym punktem zaj\u0119\u0107 by\u0142o wykonanie w\u0142asnych filcowych torebek. Wykorzystuj\u0105c plastikowe, bezpieczne ig\u0142y, przedszkolaki dzielnie przewleka\u0142y kolorowe nitki przez przygotowane otwory. Gotowe dzie\u0142a ozdobi\u0142y naklejkami, a na koniec zamocowa\u0142y tasiemkowe r\u0105czki. To by\u0142y niezwykle barwne zaj\u0119cia, kt\u00f3re nie tylko przybli\u017cy\u0142y dzieciom kolejny zaw\u00f3d, ale te\u017c \u015bwietnie \u0107wiczy\u0142y ich sprawno\u015b\u0107 manualn\u0105 i\u00a0wyobra\u017ani\u0119.<\/p>\n<p>&nbsp;<\/p>\n<p>Przygotowa\u0142y: Natalia D\u0142ugosz,\u00a0 Katarzyna Filip<\/p>\n<p>&nbsp;<\/p>\n\n\t\t<style type=\"text\/css\">\n\t\t\t#gallery-1 {\n\t\t\t\tmargin: auto;\n\t\t\t}\n\t\t\t#gallery-1 .gallery-item {\n\t\t\t\tfloat: left;\n\t\t\t\tmargin-top: 10px;\n\t\t\t\ttext-align: center;\n\t\t\t\twidth: 33%;\n\t\t\t}\n\t\t\t#gallery-1 img {\n\t\t\t\tborder: 2px solid #cfcfcf;\n\t\t\t}\n\t\t\t#gallery-1 .gallery-caption {\n\t\t\t\tmargin-left: 0;\n\t\t\t}\n\t\t\t\/* see gallery_shortcode() in wp-includes\/media.php *\/\n\t\t<\/style>\n\t\t<div id='gallery-1' class='gallery galleryid-66521 gallery-columns-3 gallery-size-thumbnail'><dl class='gallery-item'>\n\t\t\t<dt class='gallery-icon landscape'>\n\t\t\t\t<a title=\"Mali Odkrywcy w \u015bwiecie ig\u0142y i nitki \u2013 poznajemy zaw\u00f3d krawcowej (1)\" href='https:\/\/www.sosw.elblag.com.pl\/index.php\/2026\/04\/29\/mali-odkrywcy-w-swiecie-igly-i-nitki-poznajemy-zawod-krawcowej\/mali-odkrywcy-w-swiecie-igly-i-nitki-poznajemy-zawod-krawcowej-1\/'><img loading=\"lazy\" decoding=\"async\" width=\"200\" height=\"200\" src=\"https:\/\/www.sosw.elblag.com.pl\/wp-content\/uploads\/2026\/04\/Mali-Odkrywcy-w-swiecie-igly-i-nitki-\u2013-poznajemy-zawod-krawcowej-1-200x200.jpg\" class=\"attachment-thumbnail size-thumbnail\" alt=\"\" \/><\/a>\n\t\t\t<\/dt><\/dl><dl class='gallery-item'>\n\t\t\t<dt class='gallery-icon portrait'>\n\t\t\t\t<a title=\"Mali Odkrywcy w \u015bwiecie ig\u0142y i nitki \u2013 poznajemy zaw\u00f3d krawcowej (2)\" href='https:\/\/www.sosw.elblag.com.pl\/index.php\/2026\/04\/29\/mali-odkrywcy-w-swiecie-igly-i-nitki-poznajemy-zawod-krawcowej\/mali-odkrywcy-w-swiecie-igly-i-nitki-poznajemy-zawod-krawcowej-2\/'><img loading=\"lazy\" decoding=\"async\" width=\"200\" height=\"200\" src=\"https:\/\/www.sosw.elblag.com.pl\/wp-content\/uploads\/2026\/04\/Mali-Odkrywcy-w-swiecie-igly-i-nitki-\u2013-poznajemy-zawod-krawcowej-2-200x200.jpg\" class=\"attachment-thumbnail size-thumbnail\" alt=\"\" \/><\/a>\n\t\t\t<\/dt><\/dl><dl class='gallery-item'>\n\t\t\t<dt class='gallery-icon landscape'>\n\t\t\t\t<a title=\"Mali Odkrywcy w \u015bwiecie ig\u0142y i nitki \u2013 poznajemy zaw\u00f3d krawcowej (3)\" href='https:\/\/www.sosw.elblag.com.pl\/index.php\/2026\/04\/29\/mali-odkrywcy-w-swiecie-igly-i-nitki-poznajemy-zawod-krawcowej\/mali-odkrywcy-w-swiecie-igly-i-nitki-poznajemy-zawod-krawcowej-3\/'><img loading=\"lazy\" decoding=\"async\" width=\"200\" height=\"200\" src=\"https:\/\/www.sosw.elblag.com.pl\/wp-content\/uploads\/2026\/04\/Mali-Odkrywcy-w-swiecie-igly-i-nitki-\u2013-poznajemy-zawod-krawcowej-3-200x200.jpg\" class=\"attachment-thumbnail size-thumbnail\" alt=\"\" \/><\/a>\n\t\t\t<\/dt><\/dl><br style=\"clear: both\" \/><dl class='gallery-item'>\n\t\t\t<dt class='gallery-icon portrait'>\n\t\t\t\t<a title=\"Mali Odkrywcy w \u015bwiecie ig\u0142y i nitki \u2013 poznajemy zaw\u00f3d krawcowej (4)\" href='https:\/\/www.sosw.elblag.com.pl\/index.php\/2026\/04\/29\/mali-odkrywcy-w-swiecie-igly-i-nitki-poznajemy-zawod-krawcowej\/mali-odkrywcy-w-swiecie-igly-i-nitki-poznajemy-zawod-krawcowej-4\/'><img loading=\"lazy\" decoding=\"async\" width=\"200\" height=\"200\" src=\"https:\/\/www.sosw.elblag.com.pl\/wp-content\/uploads\/2026\/04\/Mali-Odkrywcy-w-swiecie-igly-i-nitki-\u2013-poznajemy-zawod-krawcowej-4-200x200.jpg\" class=\"attachment-thumbnail size-thumbnail\" alt=\"\" \/><\/a>\n\t\t\t<\/dt><\/dl><dl class='gallery-item'>\n\t\t\t<dt class='gallery-icon portrait'>\n\t\t\t\t<a title=\"Mali Odkrywcy w \u015bwiecie ig\u0142y i nitki \u2013 poznajemy zaw\u00f3d krawcowej (5)\" href='https:\/\/www.sosw.elblag.com.pl\/index.php\/2026\/04\/29\/mali-odkrywcy-w-swiecie-igly-i-nitki-poznajemy-zawod-krawcowej\/mali-odkrywcy-w-swiecie-igly-i-nitki-poznajemy-zawod-krawcowej-5\/'><img loading=\"lazy\" decoding=\"async\" width=\"200\" height=\"200\" src=\"https:\/\/www.sosw.elblag.com.pl\/wp-content\/uploads\/2026\/04\/Mali-Odkrywcy-w-swiecie-igly-i-nitki-\u2013-poznajemy-zawod-krawcowej-5-200x200.jpg\" class=\"attachment-thumbnail size-thumbnail\" alt=\"\" \/><\/a>\n\t\t\t<\/dt><\/dl><dl class='gallery-item'>\n\t\t\t<dt class='gallery-icon portrait'>\n\t\t\t\t<a title=\"Mali Odkrywcy w \u015bwiecie ig\u0142y i nitki \u2013 poznajemy zaw\u00f3d krawcowej (6)\" href='https:\/\/www.sosw.elblag.com.pl\/index.php\/2026\/04\/29\/mali-odkrywcy-w-swiecie-igly-i-nitki-poznajemy-zawod-krawcowej\/mali-odkrywcy-w-swiecie-igly-i-nitki-poznajemy-zawod-krawcowej-6\/'><img loading=\"lazy\" decoding=\"async\" width=\"200\" height=\"200\" src=\"https:\/\/www.sosw.elblag.com.pl\/wp-content\/uploads\/2026\/04\/Mali-Odkrywcy-w-swiecie-igly-i-nitki-\u2013-poznajemy-zawod-krawcowej-6-200x200.jpg\" class=\"attachment-thumbnail size-thumbnail\" alt=\"\" \/><\/a>\n\t\t\t<\/dt><\/dl><br style=\"clear: both\" \/><dl class='gallery-item'>\n\t\t\t<dt class='gallery-icon landscape'>\n\t\t\t\t<a title=\"Mali Odkrywcy w \u015bwiecie ig\u0142y i nitki \u2013 poznajemy zaw\u00f3d krawcowej (7)\" href='https:\/\/www.sosw.elblag.com.pl\/index.php\/2026\/04\/29\/mali-odkrywcy-w-swiecie-igly-i-nitki-poznajemy-zawod-krawcowej\/mali-odkrywcy-w-swiecie-igly-i-nitki-poznajemy-zawod-krawcowej-7\/'><img loading=\"lazy\" decoding=\"async\" width=\"200\" height=\"200\" src=\"https:\/\/www.sosw.elblag.com.pl\/wp-content\/uploads\/2026\/04\/Mali-Odkrywcy-w-swiecie-igly-i-nitki-\u2013-poznajemy-zawod-krawcowej-7-200x200.jpg\" class=\"attachment-thumbnail size-thumbnail\" alt=\"\" \/><\/a>\n\t\t\t<\/dt><\/dl><dl class='gallery-item'>\n\t\t\t<dt class='gallery-icon portrait'>\n\t\t\t\t<a title=\"Mali Odkrywcy w \u015bwiecie ig\u0142y i nitki \u2013 poznajemy zaw\u00f3d krawcowej (8)\" href='https:\/\/www.sosw.elblag.com.pl\/index.php\/2026\/04\/29\/mali-odkrywcy-w-swiecie-igly-i-nitki-poznajemy-zawod-krawcowej\/mali-odkrywcy-w-swiecie-igly-i-nitki-poznajemy-zawod-krawcowej-8\/'><img loading=\"lazy\" decoding=\"async\" width=\"200\" height=\"200\" src=\"https:\/\/www.sosw.elblag.com.pl\/wp-content\/uploads\/2026\/04\/Mali-Odkrywcy-w-swiecie-igly-i-nitki-\u2013-poznajemy-zawod-krawcowej-8-200x200.jpg\" class=\"attachment-thumbnail size-thumbnail\" alt=\"\" \/><\/a>\n\t\t\t<\/dt><\/dl><dl class='gallery-item'>\n\t\t\t<dt class='gallery-icon portrait'>\n\t\t\t\t<a title=\"Mali Odkrywcy w \u015bwiecie ig\u0142y i nitki \u2013 poznajemy zaw\u00f3d krawcowej (9)\" href='https:\/\/www.sosw.elblag.com.pl\/index.php\/2026\/04\/29\/mali-odkrywcy-w-swiecie-igly-i-nitki-poznajemy-zawod-krawcowej\/mali-odkrywcy-w-swiecie-igly-i-nitki-poznajemy-zawod-krawcowej-9\/'><img loading=\"lazy\" decoding=\"async\" width=\"200\" height=\"200\" src=\"https:\/\/www.sosw.elblag.com.pl\/wp-content\/uploads\/2026\/04\/Mali-Odkrywcy-w-swiecie-igly-i-nitki-\u2013-poznajemy-zawod-krawcowej-9-200x200.jpg\" class=\"attachment-thumbnail size-thumbnail\" alt=\"\" \/><\/a>\n\t\t\t<\/dt><\/dl><br style=\"clear: both\" \/><dl class='gallery-item'>\n\t\t\t<dt class='gallery-icon landscape'>\n\t\t\t\t<a title=\"Mali Odkrywcy w \u015bwiecie ig\u0142y i nitki \u2013 poznajemy zaw\u00f3d krawcowej (10)\" href='https:\/\/www.sosw.elblag.com.pl\/index.php\/2026\/04\/29\/mali-odkrywcy-w-swiecie-igly-i-nitki-poznajemy-zawod-krawcowej\/mali-odkrywcy-w-swiecie-igly-i-nitki-poznajemy-zawod-krawcowej-10\/'><img loading=\"lazy\" decoding=\"async\" width=\"200\" height=\"200\" src=\"https:\/\/www.sosw.elblag.com.pl\/wp-content\/uploads\/2026\/04\/Mali-Odkrywcy-w-swiecie-igly-i-nitki-\u2013-poznajemy-zawod-krawcowej-10-200x200.jpg\" class=\"attachment-thumbnail size-thumbnail\" alt=\"\" \/><\/a>\n\t\t\t<\/dt><\/dl><dl class='gallery-item'>\n\t\t\t<dt class='gallery-icon portrait'>\n\t\t\t\t<a title=\"Mali Odkrywcy w \u015bwiecie ig\u0142y i nitki \u2013 poznajemy zaw\u00f3d krawcowej (11)\" href='https:\/\/www.sosw.elblag.com.pl\/index.php\/2026\/04\/29\/mali-odkrywcy-w-swiecie-igly-i-nitki-poznajemy-zawod-krawcowej\/mali-odkrywcy-w-swiecie-igly-i-nitki-poznajemy-zawod-krawcowej-11\/'><img loading=\"lazy\" decoding=\"async\" width=\"200\" height=\"200\" src=\"https:\/\/www.sosw.elblag.com.pl\/wp-content\/uploads\/2026\/04\/Mali-Odkrywcy-w-swiecie-igly-i-nitki-\u2013-poznajemy-zawod-krawcowej-11-200x200.jpg\" class=\"attachment-thumbnail size-thumbnail\" alt=\"\" \/><\/a>\n\t\t\t<\/dt><\/dl><dl class='gallery-item'>\n\t\t\t<dt class='gallery-icon portrait'>\n\t\t\t\t<a title=\"Mali Odkrywcy w \u015bwiecie ig\u0142y i nitki \u2013 poznajemy zaw\u00f3d krawcowej (12)\" href='https:\/\/www.sosw.elblag.com.pl\/index.php\/2026\/04\/29\/mali-odkrywcy-w-swiecie-igly-i-nitki-poznajemy-zawod-krawcowej\/mali-odkrywcy-w-swiecie-igly-i-nitki-poznajemy-zawod-krawcowej-12\/'><img loading=\"lazy\" decoding=\"async\" width=\"200\" height=\"200\" src=\"https:\/\/www.sosw.elblag.com.pl\/wp-content\/uploads\/2026\/04\/Mali-Odkrywcy-w-swiecie-igly-i-nitki-\u2013-poznajemy-zawod-krawcowej-12-200x200.jpg\" class=\"attachment-thumbnail size-thumbnail\" alt=\"\" \/><\/a>\n\t\t\t<\/dt><\/dl><br style=\"clear: both\" \/><dl class='gallery-item'>\n\t\t\t<dt class='gallery-icon portrait'>\n\t\t\t\t<a title=\"Mali Odkrywcy w \u015bwiecie ig\u0142y i nitki \u2013 poznajemy zaw\u00f3d krawcowej (13)\" href='https:\/\/www.sosw.elblag.com.pl\/index.php\/2026\/04\/29\/mali-odkrywcy-w-swiecie-igly-i-nitki-poznajemy-zawod-krawcowej\/mali-odkrywcy-w-swiecie-igly-i-nitki-poznajemy-zawod-krawcowej-13\/'><img loading=\"lazy\" decoding=\"async\" width=\"200\" height=\"200\" src=\"https:\/\/www.sosw.elblag.com.pl\/wp-content\/uploads\/2026\/04\/Mali-Odkrywcy-w-swiecie-igly-i-nitki-\u2013-poznajemy-zawod-krawcowej-13-200x200.jpg\" class=\"attachment-thumbnail size-thumbnail\" alt=\"\" \/><\/a>\n\t\t\t<\/dt><\/dl><dl class='gallery-item'>\n\t\t\t<dt class='gallery-icon portrait'>\n\t\t\t\t<a title=\"Mali Odkrywcy w \u015bwiecie ig\u0142y i nitki \u2013 poznajemy zaw\u00f3d krawcowej (14)\" href='https:\/\/www.sosw.elblag.com.pl\/index.php\/2026\/04\/29\/mali-odkrywcy-w-swiecie-igly-i-nitki-poznajemy-zawod-krawcowej\/mali-odkrywcy-w-swiecie-igly-i-nitki-poznajemy-zawod-krawcowej-14\/'><img loading=\"lazy\" decoding=\"async\" width=\"200\" height=\"200\" src=\"https:\/\/www.sosw.elblag.com.pl\/wp-content\/uploads\/2026\/04\/Mali-Odkrywcy-w-swiecie-igly-i-nitki-\u2013-poznajemy-zawod-krawcowej-14-200x200.jpg\" class=\"attachment-thumbnail size-thumbnail\" alt=\"\" \/><\/a>\n\t\t\t<\/dt><\/dl><dl class='gallery-item'>\n\t\t\t<dt class='gallery-icon landscape'>\n\t\t\t\t<a title=\"Mali Odkrywcy w \u015bwiecie ig\u0142y i nitki \u2013 poznajemy zaw\u00f3d krawcowej (15)\" href='https:\/\/www.sosw.elblag.com.pl\/index.php\/2026\/04\/29\/mali-odkrywcy-w-swiecie-igly-i-nitki-poznajemy-zawod-krawcowej\/mali-odkrywcy-w-swiecie-igly-i-nitki-poznajemy-zawod-krawcowej-15\/'><img loading=\"lazy\" decoding=\"async\" width=\"200\" height=\"200\" src=\"https:\/\/www.sosw.elblag.com.pl\/wp-content\/uploads\/2026\/04\/Mali-Odkrywcy-w-swiecie-igly-i-nitki-\u2013-poznajemy-zawod-krawcowej-15-200x200.jpg\" class=\"attachment-thumbnail size-thumbnail\" alt=\"\" \/><\/a>\n\t\t\t<\/dt><\/dl><br style=\"clear: both\" \/><dl class='gallery-item'>\n\t\t\t<dt class='gallery-icon portrait'>\n\t\t\t\t<a title=\"Mali Odkrywcy w \u015bwiecie ig\u0142y i nitki \u2013 poznajemy zaw\u00f3d krawcowej (16)\" href='https:\/\/www.sosw.elblag.com.pl\/index.php\/2026\/04\/29\/mali-odkrywcy-w-swiecie-igly-i-nitki-poznajemy-zawod-krawcowej\/mali-odkrywcy-w-swiecie-igly-i-nitki-poznajemy-zawod-krawcowej-16\/'><img loading=\"lazy\" decoding=\"async\" width=\"200\" height=\"200\" src=\"https:\/\/www.sosw.elblag.com.pl\/wp-content\/uploads\/2026\/04\/Mali-Odkrywcy-w-swiecie-igly-i-nitki-\u2013-poznajemy-zawod-krawcowej-16-200x200.jpg\" class=\"attachment-thumbnail size-thumbnail\" alt=\"\" \/><\/a>\n\t\t\t<\/dt><\/dl><dl class='gallery-item'>\n\t\t\t<dt class='gallery-icon portrait'>\n\t\t\t\t<a title=\"Mali Odkrywcy w \u015bwiecie ig\u0142y i nitki \u2013 poznajemy zaw\u00f3d krawcowej (17)\" href='https:\/\/www.sosw.elblag.com.pl\/index.php\/2026\/04\/29\/mali-odkrywcy-w-swiecie-igly-i-nitki-poznajemy-zawod-krawcowej\/mali-odkrywcy-w-swiecie-igly-i-nitki-poznajemy-zawod-krawcowej-17\/'><img loading=\"lazy\" decoding=\"async\" width=\"200\" height=\"200\" src=\"https:\/\/www.sosw.elblag.com.pl\/wp-content\/uploads\/2026\/04\/Mali-Odkrywcy-w-swiecie-igly-i-nitki-\u2013-poznajemy-zawod-krawcowej-17-200x200.jpg\" class=\"attachment-thumbnail size-thumbnail\" alt=\"\" \/><\/a>\n\t\t\t<\/dt><\/dl><dl class='gallery-item'>\n\t\t\t<dt class='gallery-icon landscape'>\n\t\t\t\t<a title=\"Mali Odkrywcy w \u015bwiecie ig\u0142y i nitki \u2013 poznajemy zaw\u00f3d krawcowej (18)\" href='https:\/\/www.sosw.elblag.com.pl\/index.php\/2026\/04\/29\/mali-odkrywcy-w-swiecie-igly-i-nitki-poznajemy-zawod-krawcowej\/mali-odkrywcy-w-swiecie-igly-i-nitki-poznajemy-zawod-krawcowej-18\/'><img loading=\"lazy\" decoding=\"async\" width=\"200\" height=\"200\" src=\"https:\/\/www.sosw.elblag.com.pl\/wp-content\/uploads\/2026\/04\/Mali-Odkrywcy-w-swiecie-igly-i-nitki-\u2013-poznajemy-zawod-krawcowej-18-200x200.jpg\" class=\"attachment-thumbnail size-thumbnail\" alt=\"\" \/><\/a>\n\t\t\t<\/dt><\/dl><br style=\"clear: both\" \/><dl class='gallery-item'>\n\t\t\t<dt class='gallery-icon portrait'>\n\t\t\t\t<a title=\"Mali Odkrywcy w \u015bwiecie ig\u0142y i nitki \u2013 poznajemy zaw\u00f3d krawcowej (19)\" href='https:\/\/www.sosw.elblag.com.pl\/index.php\/2026\/04\/29\/mali-odkrywcy-w-swiecie-igly-i-nitki-poznajemy-zawod-krawcowej\/mali-odkrywcy-w-swiecie-igly-i-nitki-poznajemy-zawod-krawcowej-19\/'><img loading=\"lazy\" decoding=\"async\" width=\"200\" height=\"200\" src=\"https:\/\/www.sosw.elblag.com.pl\/wp-content\/uploads\/2026\/04\/Mali-Odkrywcy-w-swiecie-igly-i-nitki-\u2013-poznajemy-zawod-krawcowej-19-200x200.jpg\" class=\"attachment-thumbnail size-thumbnail\" alt=\"\" \/><\/a>\n\t\t\t<\/dt><\/dl>\n\t\t\t<br style='clear: both' \/>\n\t\t<\/div>\n\n","protected":false},"excerpt":{"rendered":"<p>W ramach naszego przedszkolnego programu \u201eMali Odkrywcy \u015awiata Zawod\u00f3w\u201d tym razem dzieci mia\u0142y okazj\u0119 pozna\u0107, na czym polega precyzyjna praca krawca i <a class=\"more-link\" href=\"https:\/\/www.sosw.elblag.com.pl\/index.php\/2026\/04\/29\/mali-odkrywcy-w-swiecie-igly-i-nitki-poznajemy-zawod-krawcowej\/\">Czytaj dalej&#8230;<\/a><\/p>\n","protected":false},"author":1,"featured_media":66539,"comment_status":"closed","ping_status":"closed","sticky":false,"template":"","format":"standard","meta":{"footnotes":""},"categories":[78],"tags":[],"class_list":["post-66521","post","type-post","status-publish","format-standard","has-post-thumbnail","hentry","category-punkt-przedszkolny-2025-2026"],"_links":{"self":[{"href":"https:\/\/www.sosw.elblag.com.pl\/index.php\/wp-json\/wp\/v2\/posts\/66521","targetHints":{"allow":["GET"]}}],"collection":[{"href":"https:\/\/www.sosw.elblag.com.pl\/index.php\/wp-json\/wp\/v2\/posts"}],"about":[{"href":"https:\/\/www.sosw.elblag.com.pl\/index.php\/wp-json\/wp\/v2\/types\/post"}],"author":[{"embeddable":true,"href":"https:\/\/www.sosw.elblag.com.pl\/index.php\/wp-json\/wp\/v2\/users\/1"}],"replies":[{"embeddable":true,"href":"https:\/\/www.sosw.elblag.com.pl\/index.php\/wp-json\/wp\/v2\/comments?post=66521"}],"version-history":[{"count":1,"href":"https:\/\/www.sosw.elblag.com.pl\/index.php\/wp-json\/wp\/v2\/posts\/66521\/revisions"}],"predecessor-version":[{"id":66541,"href":"https:\/\/www.sosw.elblag.com.pl\/index.php\/wp-json\/wp\/v2\/posts\/66521\/revisions\/66541"}],"wp:featuredmedia":[{"embeddable":true,"href":"https:\/\/www.sosw.elblag.com.pl\/index.php\/wp-json\/wp\/v2\/media\/66539"}],"wp:attachment":[{"href":"https:\/\/www.sosw.elblag.com.pl\/index.php\/wp-json\/wp\/v2\/media?parent=66521"}],"wp:term":[{"taxonomy":"category","embeddable":true,"href":"https:\/\/www.sosw.elblag.com.pl\/index.php\/wp-json\/wp\/v2\/categories?post=66521"},{"taxonomy":"post_tag","embeddable":true,"href":"https:\/\/www.sosw.elblag.com.pl\/index.php\/wp-json\/wp\/v2\/tags?post=66521"}],"curies":[{"name":"wp","href":"https:\/\/api.w.org\/{rel}","templated":true}]}}