{"id":66463,"date":"2026-04-28T13:50:14","date_gmt":"2026-04-28T11:50:14","guid":{"rendered":"https:\/\/www.sosw.elblag.com.pl\/?p=66463"},"modified":"2026-04-28T13:51:50","modified_gmt":"2026-04-28T11:51:50","slug":"ksiazki-pelne-znaczen-dzien-ksiazki-i-praw-autorskich","status":"publish","type":"post","link":"https:\/\/www.sosw.elblag.com.pl\/index.php\/2026\/04\/28\/ksiazki-pelne-znaczen-dzien-ksiazki-i-praw-autorskich\/","title":{"rendered":"Ksi\u0105\u017cki pe\u0142ne znacze\u0144 \u2013 Dzie\u0144 Ksi\u0105\u017cki i Praw Autorskich"},"content":{"rendered":"<p style=\"text-align: justify;\">W naszej szkole obchodzili\u015bmy \u015awiatowy Dzie\u0144 Ksi\u0105\u017cki i Praw Autorskich, kt\u00f3ry przypada 23 kwietnia. Zaj\u0119cia zosta\u0142y zrealizowane w ramach innowacji pedagogicznej \u201eFrazeologiczny kalejdoskop\u201d i mia\u0142y charakter aktywizuj\u0105cy.<\/p>\n<p style=\"text-align: justify;\">Spotkanie rozpocz\u0119\u0142o si\u0119 od prezentacji, podczas kt\u00f3rej uczniowie dowiedzieli si\u0119, dlaczego w\u0142a\u015bnie 23 kwietnia jest dniem ksi\u0105\u017cki oraz jak wa\u017cn\u0105 rol\u0119 odgrywaj\u0105 ksi\u0105\u017cki w naszym \u017cyciu \u2013 jako \u017ar\u00f3d\u0142o wiedzy, rozwijania wyobra\u017ani i emocji. Om\u00f3wione zosta\u0142o tak\u017ce poj\u0119cie praw autorskich. Uczniowie poznali podstawowe zasady, takie jak konieczno\u015b\u0107 podawania autora, szanowanie cudzej pracy oraz zakaz podpisywania si\u0119 pod czyim\u015b tekstem.<\/p>\n<p style=\"text-align: justify;\">Najwa\u017cniejsz\u0105 cz\u0119\u015bci\u0105 zaj\u0119\u0107 by\u0142y frazeologizmy zwi\u0105zane z ksi\u0105\u017ck\u0105 i czytaniem. Uczniowie uczyli si\u0119 rozr\u00f3\u017cnia\u0107 znaczenie dos\u0142owne i przeno\u015bne wyra\u017ce\u0144 oraz odkrywali ich ukryte sensy. Poznali m.in. takie zwroty jak \u201em\u00f3l ksi\u0105\u017ckowy\u201d, \u201eczyta\u0107 od deski do deski\u201d czy \u201epoch\u0142on\u0105\u0107 ksi\u0105\u017ck\u0119\u201d. Dzi\u0119ki obrazowym przyk\u0142adom i ilustracjom uczniowie \u0142atwiej rozumieli znaczenie tych wyra\u017ce\u0144 i ch\u0119tnie w\u0142\u0105czali si\u0119 w prac\u0119.<\/p>\n<p style=\"text-align: justify;\">Na zako\u0144czenie zaj\u0119\u0107 uczniowie wzi\u0119li udzia\u0142 w quizie Kahoot, kt\u00f3ry sprawdza\u0142 ich wiedz\u0119 o frazeologizmach. Forma quizu wzbudzi\u0142a du\u017ce zaanga\u017cowanie i pozytywne emocje, a jednocze\u015bnie pozwoli\u0142a utrwali\u0107 zdobyte wiadomo\u015bci.<\/p>\n<p style=\"text-align: justify;\">Zaj\u0119cia pokaza\u0142y, \u017ce j\u0119zyk polski mo\u017ce by\u0107 ciekawy i pe\u0142en ukrytych znacze\u0144, a ksi\u0105\u017cki to nie tylko lektura, ale tak\u017ce inspiracja do odkrywania nowych s\u0142\u00f3w i sposob\u00f3w wyra\u017cania my\u015bli.<\/p>\n<p style=\"text-align: justify;\">Aleksandra Niedzielska-Walendykiewicz, Edyta Pardo, Magdalena Janiak<\/p>\n\n\t\t<style type=\"text\/css\">\n\t\t\t#gallery-1 {\n\t\t\t\tmargin: auto;\n\t\t\t}\n\t\t\t#gallery-1 .gallery-item {\n\t\t\t\tfloat: left;\n\t\t\t\tmargin-top: 10px;\n\t\t\t\ttext-align: center;\n\t\t\t\twidth: 50%;\n\t\t\t}\n\t\t\t#gallery-1 img {\n\t\t\t\tborder: 2px solid #cfcfcf;\n\t\t\t}\n\t\t\t#gallery-1 .gallery-caption {\n\t\t\t\tmargin-left: 0;\n\t\t\t}\n\t\t\t\/* see gallery_shortcode() in wp-includes\/media.php *\/\n\t\t<\/style>\n\t\t<div id='gallery-1' class='gallery galleryid-66463 gallery-columns-2 gallery-size-thumbnail'><dl class='gallery-item'>\n\t\t\t<dt class='gallery-icon landscape'>\n\t\t\t\t<a title=\"Dzien-ksiazki-w-bibliotece\" href='https:\/\/www.sosw.elblag.com.pl\/wp-content\/uploads\/2026\/04\/Dzien-ksiazki-w-bibliotece-scaled.jpeg'><img loading=\"lazy\" decoding=\"async\" width=\"200\" height=\"200\" src=\"https:\/\/www.sosw.elblag.com.pl\/wp-content\/uploads\/2026\/04\/Dzien-ksiazki-w-bibliotece-200x200.jpeg\" class=\"attachment-thumbnail size-thumbnail\" alt=\"\" \/><\/a>\n\t\t\t<\/dt><\/dl><dl class='gallery-item'>\n\t\t\t<dt class='gallery-icon landscape'>\n\t\t\t\t<a title=\"frazeologizm-mol-ksiazkowy\" href='https:\/\/www.sosw.elblag.com.pl\/wp-content\/uploads\/2026\/04\/frazeologizm-mol-ksiazkowy-scaled.jpeg'><img loading=\"lazy\" decoding=\"async\" width=\"200\" height=\"200\" src=\"https:\/\/www.sosw.elblag.com.pl\/wp-content\/uploads\/2026\/04\/frazeologizm-mol-ksiazkowy-200x200.jpeg\" class=\"attachment-thumbnail size-thumbnail\" alt=\"\" \/><\/a>\n\t\t\t<\/dt><\/dl><br style=\"clear: both\" \/><dl class='gallery-item'>\n\t\t\t<dt class='gallery-icon landscape'>\n\t\t\t\t<a title=\"frazeologizmy-czytac-od-deski-do-deski\" href='https:\/\/www.sosw.elblag.com.pl\/wp-content\/uploads\/2026\/04\/frazeologizmy-czytac-od-deski-do-deski-scaled.jpeg'><img loading=\"lazy\" decoding=\"async\" width=\"200\" height=\"200\" src=\"https:\/\/www.sosw.elblag.com.pl\/wp-content\/uploads\/2026\/04\/frazeologizmy-czytac-od-deski-do-deski-200x200.jpeg\" class=\"attachment-thumbnail size-thumbnail\" alt=\"\" \/><\/a>\n\t\t\t<\/dt><\/dl><dl class='gallery-item'>\n\t\t\t<dt class='gallery-icon landscape'>\n\t\t\t\t<a title=\"frazeologizmy-pochlonac-ksiazke\" href='https:\/\/www.sosw.elblag.com.pl\/wp-content\/uploads\/2026\/04\/frazeologizmy-pochlonac-ksiazke-scaled.jpeg'><img loading=\"lazy\" decoding=\"async\" width=\"200\" height=\"200\" src=\"https:\/\/www.sosw.elblag.com.pl\/wp-content\/uploads\/2026\/04\/frazeologizmy-pochlonac-ksiazke-200x200.jpeg\" class=\"attachment-thumbnail size-thumbnail\" alt=\"\" \/><\/a>\n\t\t\t<\/dt><\/dl><br style=\"clear: both\" \/><dl class='gallery-item'>\n\t\t\t<dt class='gallery-icon landscape'>\n\t\t\t\t<a title=\"kahoot-frazeologizmy\" href='https:\/\/www.sosw.elblag.com.pl\/wp-content\/uploads\/2026\/04\/kahoot-frazeologizmy-scaled.jpeg'><img loading=\"lazy\" decoding=\"async\" width=\"200\" height=\"200\" src=\"https:\/\/www.sosw.elblag.com.pl\/wp-content\/uploads\/2026\/04\/kahoot-frazeologizmy-200x200.jpeg\" class=\"attachment-thumbnail size-thumbnail\" alt=\"\" \/><\/a>\n\t\t\t<\/dt><\/dl><dl class='gallery-item'>\n\t\t\t<dt class='gallery-icon landscape'>\n\t\t\t\t<a title=\"kahoot-o-ksiazkach\" href='https:\/\/www.sosw.elblag.com.pl\/wp-content\/uploads\/2026\/04\/kahoot-o-ksiazkach-scaled.jpeg'><img loading=\"lazy\" decoding=\"async\" width=\"200\" height=\"200\" src=\"https:\/\/www.sosw.elblag.com.pl\/wp-content\/uploads\/2026\/04\/kahoot-o-ksiazkach-200x200.jpeg\" class=\"attachment-thumbnail size-thumbnail\" alt=\"\" \/><\/a>\n\t\t\t<\/dt><\/dl><br style=\"clear: both\" \/><dl class='gallery-item'>\n\t\t\t<dt class='gallery-icon landscape'>\n\t\t\t\t<a title=\"quiz-dzien-ksiazki\" href='https:\/\/www.sosw.elblag.com.pl\/wp-content\/uploads\/2026\/04\/quiz-dzien-ksiazki-scaled.jpeg'><img loading=\"lazy\" decoding=\"async\" width=\"200\" height=\"200\" src=\"https:\/\/www.sosw.elblag.com.pl\/wp-content\/uploads\/2026\/04\/quiz-dzien-ksiazki-200x200.jpeg\" class=\"attachment-thumbnail size-thumbnail\" alt=\"\" \/><\/a>\n\t\t\t<\/dt><\/dl><dl class='gallery-item'>\n\t\t\t<dt class='gallery-icon landscape'>\n\t\t\t\t<a title=\"quiz-frazeologizmy\" href='https:\/\/www.sosw.elblag.com.pl\/wp-content\/uploads\/2026\/04\/quiz-frazeologizmy-scaled.jpeg'><img loading=\"lazy\" decoding=\"async\" width=\"200\" height=\"200\" src=\"https:\/\/www.sosw.elblag.com.pl\/wp-content\/uploads\/2026\/04\/quiz-frazeologizmy-200x200.jpeg\" class=\"attachment-thumbnail size-thumbnail\" alt=\"\" \/><\/a>\n\t\t\t<\/dt><\/dl><br style=\"clear: both\" \/><dl class='gallery-item'>\n\t\t\t<dt class='gallery-icon landscape'>\n\t\t\t\t<a title=\"supermoce-czytania\" href='https:\/\/www.sosw.elblag.com.pl\/wp-content\/uploads\/2026\/04\/supermoce-czytania-scaled.jpeg'><img loading=\"lazy\" decoding=\"async\" width=\"200\" height=\"200\" src=\"https:\/\/www.sosw.elblag.com.pl\/wp-content\/uploads\/2026\/04\/supermoce-czytania-200x200.jpeg\" class=\"attachment-thumbnail size-thumbnail\" alt=\"\" \/><\/a>\n\t\t\t<\/dt><\/dl><dl class='gallery-item'>\n\t\t\t<dt class='gallery-icon landscape'>\n\t\t\t\t<a title=\"swieto-ksiazki-w-sosw\" href='https:\/\/www.sosw.elblag.com.pl\/wp-content\/uploads\/2026\/04\/swieto-ksiazki-w-sosw-scaled.jpeg'><img loading=\"lazy\" decoding=\"async\" width=\"200\" height=\"200\" src=\"https:\/\/www.sosw.elblag.com.pl\/wp-content\/uploads\/2026\/04\/swieto-ksiazki-w-sosw-200x200.jpeg\" class=\"attachment-thumbnail size-thumbnail\" alt=\"\" \/><\/a>\n\t\t\t<\/dt><\/dl><br style=\"clear: both\" \/><dl class='gallery-item'>\n\t\t\t<dt class='gallery-icon landscape'>\n\t\t\t\t<a title=\"tatrcza-praw-autorskich\" href='https:\/\/www.sosw.elblag.com.pl\/wp-content\/uploads\/2026\/04\/tatrcza-praw-autorskich-scaled.jpeg'><img loading=\"lazy\" decoding=\"async\" width=\"200\" height=\"200\" src=\"https:\/\/www.sosw.elblag.com.pl\/wp-content\/uploads\/2026\/04\/tatrcza-praw-autorskich-200x200.jpeg\" class=\"attachment-thumbnail size-thumbnail\" alt=\"\" \/><\/a>\n\t\t\t<\/dt><\/dl>\n\t\t\t<br style='clear: both' \/>\n\t\t<\/div>\n\n","protected":false},"excerpt":{"rendered":"<p>W naszej szkole obchodzili\u015bmy \u015awiatowy Dzie\u0144 Ksi\u0105\u017cki i Praw Autorskich, kt\u00f3ry przypada 23 kwietnia. Zaj\u0119cia zosta\u0142y zrealizowane w ramach innowacji pedagogicznej \u201eFrazeologiczny <a class=\"more-link\" href=\"https:\/\/www.sosw.elblag.com.pl\/index.php\/2026\/04\/28\/ksiazki-pelne-znaczen-dzien-ksiazki-i-praw-autorskich\/\">Czytaj dalej&#8230;<\/a><\/p>\n","protected":false},"author":1,"featured_media":66474,"comment_status":"closed","ping_status":"closed","sticky":false,"template":"","format":"standard","meta":{"footnotes":""},"categories":[10,77],"tags":[],"class_list":["post-66463","post","type-post","status-publish","format-standard","has-post-thumbnail","hentry","category-dzialania-biblioteki","category-z-zycia-osrodka-2025-2026"],"_links":{"self":[{"href":"https:\/\/www.sosw.elblag.com.pl\/index.php\/wp-json\/wp\/v2\/posts\/66463","targetHints":{"allow":["GET"]}}],"collection":[{"href":"https:\/\/www.sosw.elblag.com.pl\/index.php\/wp-json\/wp\/v2\/posts"}],"about":[{"href":"https:\/\/www.sosw.elblag.com.pl\/index.php\/wp-json\/wp\/v2\/types\/post"}],"author":[{"embeddable":true,"href":"https:\/\/www.sosw.elblag.com.pl\/index.php\/wp-json\/wp\/v2\/users\/1"}],"replies":[{"embeddable":true,"href":"https:\/\/www.sosw.elblag.com.pl\/index.php\/wp-json\/wp\/v2\/comments?post=66463"}],"version-history":[{"count":1,"href":"https:\/\/www.sosw.elblag.com.pl\/index.php\/wp-json\/wp\/v2\/posts\/66463\/revisions"}],"predecessor-version":[{"id":66475,"href":"https:\/\/www.sosw.elblag.com.pl\/index.php\/wp-json\/wp\/v2\/posts\/66463\/revisions\/66475"}],"wp:featuredmedia":[{"embeddable":true,"href":"https:\/\/www.sosw.elblag.com.pl\/index.php\/wp-json\/wp\/v2\/media\/66474"}],"wp:attachment":[{"href":"https:\/\/www.sosw.elblag.com.pl\/index.php\/wp-json\/wp\/v2\/media?parent=66463"}],"wp:term":[{"taxonomy":"category","embeddable":true,"href":"https:\/\/www.sosw.elblag.com.pl\/index.php\/wp-json\/wp\/v2\/categories?post=66463"},{"taxonomy":"post_tag","embeddable":true,"href":"https:\/\/www.sosw.elblag.com.pl\/index.php\/wp-json\/wp\/v2\/tags?post=66463"}],"curies":[{"name":"wp","href":"https:\/\/api.w.org\/{rel}","templated":true}]}}