{"id":66449,"date":"2026-04-27T11:31:39","date_gmt":"2026-04-27T09:31:39","guid":{"rendered":"https:\/\/www.sosw.elblag.com.pl\/?p=66449"},"modified":"2026-04-27T11:33:06","modified_gmt":"2026-04-27T09:33:06","slug":"dbamy-o-ziemie-na-co-dzien-obchody-dnia-ziemi-w-naszej-szkole","status":"publish","type":"post","link":"https:\/\/www.sosw.elblag.com.pl\/index.php\/2026\/04\/27\/dbamy-o-ziemie-na-co-dzien-obchody-dnia-ziemi-w-naszej-szkole\/","title":{"rendered":"Dbamy o Ziemi\u0119 na co dzie\u0144 \u2013 obchody Dnia Ziemi w naszej szkole"},"content":{"rendered":"<p style=\"text-align: justify;\">W ramach obchod\u00f3w Dnia Ziemi w naszej szkole odby\u0142y si\u0119 zaj\u0119cia o tematyce ekologicznej. By\u0142y one cz\u0119\u015bci\u0105 realizowanego programu\u00a0<strong>\u201eOcalimy \u015bwiat\u201d<\/strong>, prowadzonego we wsp\u00f3\u0142pracy z Fundacj\u0105 \u201eABCXXI \u2013 Ca\u0142a Polska czyta dzieciom\u201d oraz WWF Polska.<\/p>\n<p style=\"text-align: justify;\">Podczas zaj\u0119\u0107 uczniowie obejrzeli prezentacj\u0119 po\u015bwi\u0119con\u0105 naszej planecie oraz wp\u0142ywowi dzia\u0142alno\u015bci cz\u0142owieka na \u015brodowisko. Dowiedzieli si\u0119, czym jest smog i jakie niesie skutki dla zdrowia, jak powstaj\u0105 odpady oraz jak d\u0142ugo rozk\u0142adaj\u0105 si\u0119 w \u015brodowisku. Zwr\u00f3cono uwag\u0119 na znaczenie segregacji \u015bmieci, oszcz\u0119dzania wody i energii oraz codziennych nawyk\u00f3w, kt\u00f3re realnie wp\u0142ywaj\u0105 na stan Ziemi.<\/p>\n<p style=\"text-align: justify;\">Uczniowie klas\u00a0<strong>L<\/strong>\u00a0wzi\u0119li udzia\u0142 w ekologicznym quizie w formie\u00a0<strong>Kahoot<\/strong>, kt\u00f3ry pozwoli\u0142 im sprawdzi\u0107 i utrwali\u0107 zdobyt\u0105 wiedz\u0119. Element rywalizacji wywo\u0142a\u0142 du\u017ce zaanga\u017cowanie i emocje.<\/p>\n<p style=\"text-align: justify;\">Z kolei uczniowie klas\u00a0<strong>ZET<\/strong>\u00a0oraz\u00a0<strong>PDP<\/strong>\u00a0uczestniczyli w zaj\u0119ciach plastycznych. Kolorowali tematyczne kolorowanki zwi\u0105zane z Dniem Ziemi, kt\u00f3re dzi\u0119ki aplikacji\u00a0<strong>Quiver<\/strong>\u00a0\u201eo\u017cywa\u0142y\u201d na ekranie.<\/p>\n<p style=\"text-align: justify;\">Zaj\u0119cia pokaza\u0142y, \u017ce troska o \u015brodowisko zaczyna si\u0119 od prostych, codziennych dzia\u0142a\u0144, a ka\u017cdy z nas ma wp\u0142yw na przysz\u0142o\u015b\u0107 naszej planety.<\/p>\n<p style=\"text-align: justify;\">Agnieszka Fedak, Magdalena Janiak<\/p>\n\n\t\t<style type=\"text\/css\">\n\t\t\t#gallery-1 {\n\t\t\t\tmargin: auto;\n\t\t\t}\n\t\t\t#gallery-1 .gallery-item {\n\t\t\t\tfloat: left;\n\t\t\t\tmargin-top: 10px;\n\t\t\t\ttext-align: center;\n\t\t\t\twidth: 50%;\n\t\t\t}\n\t\t\t#gallery-1 img {\n\t\t\t\tborder: 2px solid #cfcfcf;\n\t\t\t}\n\t\t\t#gallery-1 .gallery-caption {\n\t\t\t\tmargin-left: 0;\n\t\t\t}\n\t\t\t\/* see gallery_shortcode() in wp-includes\/media.php *\/\n\t\t<\/style>\n\t\t<div id='gallery-1' class='gallery galleryid-66449 gallery-columns-2 gallery-size-thumbnail'><dl class='gallery-item'>\n\t\t\t<dt class='gallery-icon portrait'>\n\t\t\t\t<a title=\"Dzien_Ziemi-w-klasach_PdP\" href='https:\/\/www.sosw.elblag.com.pl\/wp-content\/uploads\/2026\/04\/Dzien_Ziemi-w-klasach_PdP-scaled.jpeg'><img loading=\"lazy\" decoding=\"async\" width=\"200\" height=\"200\" src=\"https:\/\/www.sosw.elblag.com.pl\/wp-content\/uploads\/2026\/04\/Dzien_Ziemi-w-klasach_PdP-200x200.jpeg\" class=\"attachment-thumbnail size-thumbnail\" alt=\"\" \/><\/a>\n\t\t\t<\/dt><\/dl><dl class='gallery-item'>\n\t\t\t<dt class='gallery-icon portrait'>\n\t\t\t\t<a title=\"Dzien_Ziemi-zajecia-plastyczne\" href='https:\/\/www.sosw.elblag.com.pl\/wp-content\/uploads\/2026\/04\/Dzien_Ziemi-zajecia-plastyczne-scaled.jpeg'><img loading=\"lazy\" decoding=\"async\" width=\"200\" height=\"200\" src=\"https:\/\/www.sosw.elblag.com.pl\/wp-content\/uploads\/2026\/04\/Dzien_Ziemi-zajecia-plastyczne-200x200.jpeg\" class=\"attachment-thumbnail size-thumbnail\" alt=\"\" \/><\/a>\n\t\t\t<\/dt><\/dl><br style=\"clear: both\" \/><dl class='gallery-item'>\n\t\t\t<dt class='gallery-icon landscape'>\n\t\t\t\t<a title=\"Dzien-Ziemi-prezentacja\" href='https:\/\/www.sosw.elblag.com.pl\/wp-content\/uploads\/2026\/04\/Dzien-Ziemi-prezentacja-scaled.jpeg'><img loading=\"lazy\" decoding=\"async\" width=\"200\" height=\"200\" src=\"https:\/\/www.sosw.elblag.com.pl\/wp-content\/uploads\/2026\/04\/Dzien-Ziemi-prezentacja-200x200.jpeg\" class=\"attachment-thumbnail size-thumbnail\" alt=\"\" \/><\/a>\n\t\t\t<\/dt><\/dl><dl class='gallery-item'>\n\t\t\t<dt class='gallery-icon landscape'>\n\t\t\t\t<a title=\"Dzien-Ziemi-prezentacja-o-ekologii\" href='https:\/\/www.sosw.elblag.com.pl\/wp-content\/uploads\/2026\/04\/Dzien-Ziemi-prezentacja-o-ekologii-scaled.jpeg'><img loading=\"lazy\" decoding=\"async\" width=\"200\" height=\"200\" src=\"https:\/\/www.sosw.elblag.com.pl\/wp-content\/uploads\/2026\/04\/Dzien-Ziemi-prezentacja-o-ekologii-200x200.jpeg\" class=\"attachment-thumbnail size-thumbnail\" alt=\"\" \/><\/a>\n\t\t\t<\/dt><\/dl><br style=\"clear: both\" \/><dl class='gallery-item'>\n\t\t\t<dt class='gallery-icon landscape'>\n\t\t\t\t<a title=\"Dzien-Ziemi-quiz-kahoot\" href='https:\/\/www.sosw.elblag.com.pl\/wp-content\/uploads\/2026\/04\/Dzien-Ziemi-quiz-kahoot-scaled.jpeg'><img loading=\"lazy\" decoding=\"async\" width=\"200\" height=\"200\" src=\"https:\/\/www.sosw.elblag.com.pl\/wp-content\/uploads\/2026\/04\/Dzien-Ziemi-quiz-kahoot-200x200.jpeg\" class=\"attachment-thumbnail size-thumbnail\" alt=\"\" \/><\/a>\n\t\t\t<\/dt><\/dl><dl class='gallery-item'>\n\t\t\t<dt class='gallery-icon portrait'>\n\t\t\t\t<a title=\"klasy_PDp-Dzien-Zeimi\" href='https:\/\/www.sosw.elblag.com.pl\/wp-content\/uploads\/2026\/04\/klasy_PDp-Dzien-Zeimi-scaled.jpeg'><img loading=\"lazy\" decoding=\"async\" width=\"200\" height=\"200\" src=\"https:\/\/www.sosw.elblag.com.pl\/wp-content\/uploads\/2026\/04\/klasy_PDp-Dzien-Zeimi-200x200.jpeg\" class=\"attachment-thumbnail size-thumbnail\" alt=\"\" \/><\/a>\n\t\t\t<\/dt><\/dl><br style=\"clear: both\" \/><dl class='gallery-item'>\n\t\t\t<dt class='gallery-icon portrait'>\n\t\t\t\t<a title=\"Natalia-obchody-Dnia-Ziemi\" href='https:\/\/www.sosw.elblag.com.pl\/wp-content\/uploads\/2026\/04\/Natalia-obchody-Dnia-Ziemi-scaled.jpeg'><img loading=\"lazy\" decoding=\"async\" width=\"200\" height=\"200\" src=\"https:\/\/www.sosw.elblag.com.pl\/wp-content\/uploads\/2026\/04\/Natalia-obchody-Dnia-Ziemi-200x200.jpeg\" class=\"attachment-thumbnail size-thumbnail\" alt=\"\" \/><\/a>\n\t\t\t<\/dt><\/dl><dl class='gallery-item'>\n\t\t\t<dt class='gallery-icon portrait'>\n\t\t\t\t<a title=\"obchody0Dnia-Ziemi\" href='https:\/\/www.sosw.elblag.com.pl\/wp-content\/uploads\/2026\/04\/obchody0Dnia-Ziemi-scaled.jpeg'><img loading=\"lazy\" decoding=\"async\" width=\"200\" height=\"200\" src=\"https:\/\/www.sosw.elblag.com.pl\/wp-content\/uploads\/2026\/04\/obchody0Dnia-Ziemi-200x200.jpeg\" class=\"attachment-thumbnail size-thumbnail\" alt=\"\" \/><\/a>\n\t\t\t<\/dt><\/dl><br style=\"clear: both\" \/><dl class='gallery-item'>\n\t\t\t<dt class='gallery-icon landscape'>\n\t\t\t\t<a title=\"przentacja-z-okazji-Dnia_Ziemi\" href='https:\/\/www.sosw.elblag.com.pl\/wp-content\/uploads\/2026\/04\/przentacja-z-okazji-Dnia_Ziemi-scaled.jpeg'><img loading=\"lazy\" decoding=\"async\" width=\"200\" height=\"200\" src=\"https:\/\/www.sosw.elblag.com.pl\/wp-content\/uploads\/2026\/04\/przentacja-z-okazji-Dnia_Ziemi-200x200.jpeg\" class=\"attachment-thumbnail size-thumbnail\" alt=\"\" \/><\/a>\n\t\t\t<\/dt><\/dl><dl class='gallery-item'>\n\t\t\t<dt class='gallery-icon portrait'>\n\t\t\t\t<a title=\"ratujmy_ziemie-Dzien-Ziemi\" href='https:\/\/www.sosw.elblag.com.pl\/wp-content\/uploads\/2026\/04\/ratujmy_ziemie-Dzien-Ziemi-scaled.jpeg'><img loading=\"lazy\" decoding=\"async\" width=\"200\" height=\"200\" src=\"https:\/\/www.sosw.elblag.com.pl\/wp-content\/uploads\/2026\/04\/ratujmy_ziemie-Dzien-Ziemi-200x200.jpeg\" class=\"attachment-thumbnail size-thumbnail\" alt=\"\" \/><\/a>\n\t\t\t<\/dt><\/dl><br style=\"clear: both\" \/><dl class='gallery-item'>\n\t\t\t<dt class='gallery-icon landscape'>\n\t\t\t\t<a title=\"zajecia-ekolodiczne-Dzien-Ziemi\" href='https:\/\/www.sosw.elblag.com.pl\/wp-content\/uploads\/2026\/04\/zajecia-ekolodiczne-Dzien-Ziemi-scaled.jpeg'><img loading=\"lazy\" decoding=\"async\" width=\"200\" height=\"200\" src=\"https:\/\/www.sosw.elblag.com.pl\/wp-content\/uploads\/2026\/04\/zajecia-ekolodiczne-Dzien-Ziemi-200x200.jpeg\" class=\"attachment-thumbnail size-thumbnail\" alt=\"\" \/><\/a>\n\t\t\t<\/dt><\/dl>\n\t\t\t<br style='clear: both' \/>\n\t\t<\/div>\n\n<p>&nbsp;<\/p>\n<p>&nbsp;<\/p>\n","protected":false},"excerpt":{"rendered":"<p>W ramach obchod\u00f3w Dnia Ziemi w naszej szkole odby\u0142y si\u0119 zaj\u0119cia o tematyce ekologicznej. By\u0142y one cz\u0119\u015bci\u0105 realizowanego programu\u00a0\u201eOcalimy \u015bwiat\u201d, prowadzonego we <a class=\"more-link\" href=\"https:\/\/www.sosw.elblag.com.pl\/index.php\/2026\/04\/27\/dbamy-o-ziemie-na-co-dzien-obchody-dnia-ziemi-w-naszej-szkole\/\">Czytaj dalej&#8230;<\/a><\/p>\n","protected":false},"author":1,"featured_media":66457,"comment_status":"closed","ping_status":"closed","sticky":false,"template":"","format":"standard","meta":{"footnotes":""},"categories":[10,77],"tags":[],"class_list":["post-66449","post","type-post","status-publish","format-standard","has-post-thumbnail","hentry","category-dzialania-biblioteki","category-z-zycia-osrodka-2025-2026"],"_links":{"self":[{"href":"https:\/\/www.sosw.elblag.com.pl\/index.php\/wp-json\/wp\/v2\/posts\/66449","targetHints":{"allow":["GET"]}}],"collection":[{"href":"https:\/\/www.sosw.elblag.com.pl\/index.php\/wp-json\/wp\/v2\/posts"}],"about":[{"href":"https:\/\/www.sosw.elblag.com.pl\/index.php\/wp-json\/wp\/v2\/types\/post"}],"author":[{"embeddable":true,"href":"https:\/\/www.sosw.elblag.com.pl\/index.php\/wp-json\/wp\/v2\/users\/1"}],"replies":[{"embeddable":true,"href":"https:\/\/www.sosw.elblag.com.pl\/index.php\/wp-json\/wp\/v2\/comments?post=66449"}],"version-history":[{"count":1,"href":"https:\/\/www.sosw.elblag.com.pl\/index.php\/wp-json\/wp\/v2\/posts\/66449\/revisions"}],"predecessor-version":[{"id":66461,"href":"https:\/\/www.sosw.elblag.com.pl\/index.php\/wp-json\/wp\/v2\/posts\/66449\/revisions\/66461"}],"wp:featuredmedia":[{"embeddable":true,"href":"https:\/\/www.sosw.elblag.com.pl\/index.php\/wp-json\/wp\/v2\/media\/66457"}],"wp:attachment":[{"href":"https:\/\/www.sosw.elblag.com.pl\/index.php\/wp-json\/wp\/v2\/media?parent=66449"}],"wp:term":[{"taxonomy":"category","embeddable":true,"href":"https:\/\/www.sosw.elblag.com.pl\/index.php\/wp-json\/wp\/v2\/categories?post=66449"},{"taxonomy":"post_tag","embeddable":true,"href":"https:\/\/www.sosw.elblag.com.pl\/index.php\/wp-json\/wp\/v2\/tags?post=66449"}],"curies":[{"name":"wp","href":"https:\/\/api.w.org\/{rel}","templated":true}]}}