{"id":66413,"date":"2026-04-27T10:42:46","date_gmt":"2026-04-27T08:42:46","guid":{"rendered":"https:\/\/www.sosw.elblag.com.pl\/?p=66413"},"modified":"2026-04-27T10:42:46","modified_gmt":"2026-04-27T08:42:46","slug":"dzien-ziemi-w-swietlicy-szkolnej","status":"publish","type":"post","link":"https:\/\/www.sosw.elblag.com.pl\/index.php\/2026\/04\/27\/dzien-ziemi-w-swietlicy-szkolnej\/","title":{"rendered":"Dzie\u0144 Ziemi w \u015bwietlicy szkolnej"},"content":{"rendered":"<p style=\"text-align: justify;\">Z okazji Dnia Ziemi w \u015bwietlicy odby\u0142y si\u0119 zaj\u0119cia edukacyjne, kt\u00f3rych celem by\u0142o zwi\u0119kszenie \u015bwiadomo\u015bci ekologicznej w\u015br\u00f3d dzieci. Spotkanie rozpocz\u0119\u0142o si\u0119 od obejrzenia filmu edukacyjnego, kt\u00f3ry w przyst\u0119pny i ciekawy spos\u00f3b przybli\u017cy\u0142 uczniom zagadnienia zwi\u0105zane z ochron\u0105 \u015brodowiska oraz wp\u0142ywem cz\u0142owieka na nasz\u0105 planet\u0119.<\/p>\n<p style=\"text-align: justify;\">Po seansie rozmawiali\u015bmy o tym, jak na co dzie\u0144 dba\u0107 o Ziemi\u0119, dlaczego warto oszcz\u0119dza\u0107 wod\u0119 i energi\u0119 oraz jak wa\u017cna jest segregacja \u015bmieci. Na zako\u0144czenie zaj\u0119\u0107 dzieci wype\u0142ni\u0142y karty pracy zwi\u0105zane z tematyk\u0105 ekologii. Zadania pozwoli\u0142y im utrwali\u0107 zdobyt\u0105 wiedz\u0119 w praktyczny i ciekawy spos\u00f3b.<\/p>\n<p style=\"text-align: justify;\">\u015awietlica<\/p>\n\n\t\t<style type=\"text\/css\">\n\t\t\t#gallery-1 {\n\t\t\t\tmargin: auto;\n\t\t\t}\n\t\t\t#gallery-1 .gallery-item {\n\t\t\t\tfloat: left;\n\t\t\t\tmargin-top: 10px;\n\t\t\t\ttext-align: center;\n\t\t\t\twidth: 50%;\n\t\t\t}\n\t\t\t#gallery-1 img {\n\t\t\t\tborder: 2px solid #cfcfcf;\n\t\t\t}\n\t\t\t#gallery-1 .gallery-caption {\n\t\t\t\tmargin-left: 0;\n\t\t\t}\n\t\t\t\/* see gallery_shortcode() in wp-includes\/media.php *\/\n\t\t<\/style>\n\t\t<div id='gallery-1' class='gallery galleryid-66413 gallery-columns-2 gallery-size-thumbnail'><dl class='gallery-item'>\n\t\t\t<dt class='gallery-icon portrait'>\n\t\t\t\t<a title=\"Dzie\u0144 Ziemi w \u015bwietlicy szkolnej (1)\" href='https:\/\/www.sosw.elblag.com.pl\/wp-content\/uploads\/2026\/04\/Dzien-Ziemi-w-swietlicy-szkolnej-1-scaled.jpg'><img loading=\"lazy\" decoding=\"async\" width=\"200\" height=\"200\" src=\"https:\/\/www.sosw.elblag.com.pl\/wp-content\/uploads\/2026\/04\/Dzien-Ziemi-w-swietlicy-szkolnej-1-200x200.jpg\" class=\"attachment-thumbnail size-thumbnail\" alt=\"\" \/><\/a>\n\t\t\t<\/dt><\/dl><dl class='gallery-item'>\n\t\t\t<dt class='gallery-icon portrait'>\n\t\t\t\t<a title=\"Dzie\u0144 Ziemi w \u015bwietlicy szkolnej (2)\" href='https:\/\/www.sosw.elblag.com.pl\/wp-content\/uploads\/2026\/04\/Dzien-Ziemi-w-swietlicy-szkolnej-2-scaled.jpg'><img loading=\"lazy\" decoding=\"async\" width=\"200\" height=\"200\" src=\"https:\/\/www.sosw.elblag.com.pl\/wp-content\/uploads\/2026\/04\/Dzien-Ziemi-w-swietlicy-szkolnej-2-200x200.jpg\" class=\"attachment-thumbnail size-thumbnail\" alt=\"\" \/><\/a>\n\t\t\t<\/dt><\/dl><br style=\"clear: both\" \/><dl class='gallery-item'>\n\t\t\t<dt class='gallery-icon portrait'>\n\t\t\t\t<a title=\"Dzie\u0144 Ziemi w \u015bwietlicy szkolnej (3)\" href='https:\/\/www.sosw.elblag.com.pl\/wp-content\/uploads\/2026\/04\/Dzien-Ziemi-w-swietlicy-szkolnej-3-scaled.jpg'><img loading=\"lazy\" decoding=\"async\" width=\"200\" height=\"200\" src=\"https:\/\/www.sosw.elblag.com.pl\/wp-content\/uploads\/2026\/04\/Dzien-Ziemi-w-swietlicy-szkolnej-3-200x200.jpg\" class=\"attachment-thumbnail size-thumbnail\" alt=\"\" \/><\/a>\n\t\t\t<\/dt><\/dl><dl class='gallery-item'>\n\t\t\t<dt class='gallery-icon portrait'>\n\t\t\t\t<a title=\"Dzie\u0144 Ziemi w \u015bwietlicy szkolnej (4)\" href='https:\/\/www.sosw.elblag.com.pl\/wp-content\/uploads\/2026\/04\/Dzien-Ziemi-w-swietlicy-szkolnej-4-scaled.jpg'><img loading=\"lazy\" decoding=\"async\" width=\"200\" height=\"200\" src=\"https:\/\/www.sosw.elblag.com.pl\/wp-content\/uploads\/2026\/04\/Dzien-Ziemi-w-swietlicy-szkolnej-4-200x200.jpg\" class=\"attachment-thumbnail size-thumbnail\" alt=\"\" \/><\/a>\n\t\t\t<\/dt><\/dl><br style=\"clear: both\" \/><dl class='gallery-item'>\n\t\t\t<dt class='gallery-icon portrait'>\n\t\t\t\t<a title=\"Dzie\u0144 Ziemi w \u015bwietlicy szkolnej (5)\" href='https:\/\/www.sosw.elblag.com.pl\/wp-content\/uploads\/2026\/04\/Dzien-Ziemi-w-swietlicy-szkolnej-5-scaled.jpg'><img loading=\"lazy\" decoding=\"async\" width=\"200\" height=\"200\" src=\"https:\/\/www.sosw.elblag.com.pl\/wp-content\/uploads\/2026\/04\/Dzien-Ziemi-w-swietlicy-szkolnej-5-200x200.jpg\" class=\"attachment-thumbnail size-thumbnail\" alt=\"\" \/><\/a>\n\t\t\t<\/dt><\/dl>\n\t\t\t<br style='clear: both' \/>\n\t\t<\/div>\n\n<p>&nbsp;<\/p>\n","protected":false},"excerpt":{"rendered":"<p>Z okazji Dnia Ziemi w \u015bwietlicy odby\u0142y si\u0119 zaj\u0119cia edukacyjne, kt\u00f3rych celem by\u0142o zwi\u0119kszenie \u015bwiadomo\u015bci ekologicznej w\u015br\u00f3d dzieci. Spotkanie rozpocz\u0119\u0142o si\u0119 od <a class=\"more-link\" href=\"https:\/\/www.sosw.elblag.com.pl\/index.php\/2026\/04\/27\/dzien-ziemi-w-swietlicy-szkolnej\/\">Czytaj dalej&#8230;<\/a><\/p>\n","protected":false},"author":1,"featured_media":66417,"comment_status":"closed","ping_status":"closed","sticky":false,"template":"","format":"standard","meta":{"footnotes":""},"categories":[52],"tags":[],"class_list":["post-66413","post","type-post","status-publish","format-standard","has-post-thumbnail","hentry","category-swietlica"],"_links":{"self":[{"href":"https:\/\/www.sosw.elblag.com.pl\/index.php\/wp-json\/wp\/v2\/posts\/66413","targetHints":{"allow":["GET"]}}],"collection":[{"href":"https:\/\/www.sosw.elblag.com.pl\/index.php\/wp-json\/wp\/v2\/posts"}],"about":[{"href":"https:\/\/www.sosw.elblag.com.pl\/index.php\/wp-json\/wp\/v2\/types\/post"}],"author":[{"embeddable":true,"href":"https:\/\/www.sosw.elblag.com.pl\/index.php\/wp-json\/wp\/v2\/users\/1"}],"replies":[{"embeddable":true,"href":"https:\/\/www.sosw.elblag.com.pl\/index.php\/wp-json\/wp\/v2\/comments?post=66413"}],"version-history":[{"count":1,"href":"https:\/\/www.sosw.elblag.com.pl\/index.php\/wp-json\/wp\/v2\/posts\/66413\/revisions"}],"predecessor-version":[{"id":66419,"href":"https:\/\/www.sosw.elblag.com.pl\/index.php\/wp-json\/wp\/v2\/posts\/66413\/revisions\/66419"}],"wp:featuredmedia":[{"embeddable":true,"href":"https:\/\/www.sosw.elblag.com.pl\/index.php\/wp-json\/wp\/v2\/media\/66417"}],"wp:attachment":[{"href":"https:\/\/www.sosw.elblag.com.pl\/index.php\/wp-json\/wp\/v2\/media?parent=66413"}],"wp:term":[{"taxonomy":"category","embeddable":true,"href":"https:\/\/www.sosw.elblag.com.pl\/index.php\/wp-json\/wp\/v2\/categories?post=66413"},{"taxonomy":"post_tag","embeddable":true,"href":"https:\/\/www.sosw.elblag.com.pl\/index.php\/wp-json\/wp\/v2\/tags?post=66413"}],"curies":[{"name":"wp","href":"https:\/\/api.w.org\/{rel}","templated":true}]}}