{"id":66384,"date":"2026-04-25T22:08:54","date_gmt":"2026-04-25T20:08:54","guid":{"rendered":"https:\/\/www.sosw.elblag.com.pl\/?p=66384"},"modified":"2026-04-25T22:08:54","modified_gmt":"2026-04-25T20:08:54","slug":"cala-polska-czyta-dzieciom-swiatowy-dzien-ksiazki","status":"publish","type":"post","link":"https:\/\/www.sosw.elblag.com.pl\/index.php\/2026\/04\/25\/cala-polska-czyta-dzieciom-swiatowy-dzien-ksiazki\/","title":{"rendered":"Ca\u0142a Polska czyta dzieciom \u201e\u015awiatowy dzie\u0144 ksi\u0105\u017cki\u201d"},"content":{"rendered":"<p style=\"text-align: justify;\">W ramach og\u00f3lnopolskiej akcji \u201eCa\u0142a Polska czyta dzieciom\u201d w naszej szkole odby\u0142y si\u0119 kolejne zaj\u0119cia z okazji \u015awiatowego Dnia Ksi\u0105\u017cki. Ich celem by\u0142o promowanie czytelnictwa oraz kszta\u0142towanie postawy szacunku do ksi\u0105\u017cek w\u015br\u00f3d najm\u0142odszych uczni\u00f3w.<\/p>\n<p style=\"text-align: justify;\">W spotkaniu uczestniczy\u0142a pani z biblioteki, kt\u00f3ra zaprezentowa\u0142a dzieciom r\u00f3\u017cnorodne ksi\u0105\u017cki \u2013 od klasycznych bajek po nowoczesne publikacje dla m\u0142odych czytelnik\u00f3w. Uczniowie z du\u017cym zainteresowaniem ogl\u0105dali ksi\u0105\u017cki, poznaj\u0105c ich budow\u0119 i przeznaczenie.<\/p>\n<p style=\"text-align: justify;\">Jednym z element\u00f3w zaj\u0119\u0107 by\u0142o uk\u0142adanie puzzli z has\u0142ami dotycz\u0105cymi poszanowania ksi\u0105\u017cek, co w ciekawy i anga\u017cuj\u0105cy spos\u00f3b utrwali\u0142o zasady w\u0142a\u015bciwego obchodzenia si\u0119 z nimi. Dzieci obejrza\u0142y r\u00f3wnie\u017c prezentacj\u0119 przedstawiaj\u0105c\u0105 proces powstawania ksi\u0105\u017cki \u2013 od drzew rosn\u0105cych w lasach, a\u017c po gotowy egzemplarz trafiaj\u0105cy do r\u0105k czytelnika.<\/p>\n<p style=\"text-align: justify;\">Nie zabrak\u0142o tak\u017ce aktywno\u015bci rozwijaj\u0105cych wiedz\u0119 i wyobra\u017ani\u0119 \u2013 uczniowie rozwi\u0105zywali zagadki literackie oraz s\u0142uchali wierszy czytanych przez nauczycieli, kt\u00f3rych tematem by\u0142o dbanie o ksi\u0105\u017cki i ich szanowanie. Du\u017cym zainteresowaniem cieszy\u0142 si\u0119 r\u00f3wnie\u017c teatrzyk kamishibai, kt\u00f3ry wprowadzi\u0142 dzieci w \u015bwiat opowie\u015bci w niezwykle atrakcyjnej, obrazkowo-narracyjnej formie.<\/p>\n<p style=\"text-align: justify;\">Zaj\u0119cia przebieg\u0142y w mi\u0142ej i tw\u00f3rczej atmosferze, a ich r\u00f3\u017cnorodna forma sprawi\u0142a, \u017ce dzieci nie tylko zdoby\u0142y now\u0105 wiedz\u0119, ale mamy nadziej\u0119, \u017ce jeszcze bardziej polubi\u0142y kontakt z ksi\u0105\u017ck\u0105.<\/p>\n<p style=\"text-align: justify;\">\n<p style=\"text-align: justify;\">Bo\u017cena Kowalewska, S\u0142awomira Sroczy\u0144ska, Anna W\u00f3jtowicz<\/p>\n\n\t\t<style type=\"text\/css\">\n\t\t\t#gallery-1 {\n\t\t\t\tmargin: auto;\n\t\t\t}\n\t\t\t#gallery-1 .gallery-item {\n\t\t\t\tfloat: left;\n\t\t\t\tmargin-top: 10px;\n\t\t\t\ttext-align: center;\n\t\t\t\twidth: 33%;\n\t\t\t}\n\t\t\t#gallery-1 img {\n\t\t\t\tborder: 2px solid #cfcfcf;\n\t\t\t}\n\t\t\t#gallery-1 .gallery-caption {\n\t\t\t\tmargin-left: 0;\n\t\t\t}\n\t\t\t\/* see gallery_shortcode() in wp-includes\/media.php *\/\n\t\t<\/style>\n\t\t<div id='gallery-1' class='gallery galleryid-66384 gallery-columns-3 gallery-size-thumbnail'><dl class='gallery-item'>\n\t\t\t<dt class='gallery-icon landscape'>\n\t\t\t\t<a title=\"Ca\u0142a Polska 1\" href='https:\/\/www.sosw.elblag.com.pl\/wp-content\/uploads\/2026\/04\/Cala-Polska-1.jpg'><img loading=\"lazy\" decoding=\"async\" width=\"200\" height=\"200\" src=\"https:\/\/www.sosw.elblag.com.pl\/wp-content\/uploads\/2026\/04\/Cala-Polska-1-200x200.jpg\" class=\"attachment-thumbnail size-thumbnail\" alt=\"\" \/><\/a>\n\t\t\t<\/dt><\/dl><dl class='gallery-item'>\n\t\t\t<dt class='gallery-icon landscape'>\n\t\t\t\t<a title=\"Ca\u0142a Polska 2\" href='https:\/\/www.sosw.elblag.com.pl\/wp-content\/uploads\/2026\/04\/Cala-Polska-2.jpg'><img loading=\"lazy\" decoding=\"async\" width=\"200\" height=\"200\" src=\"https:\/\/www.sosw.elblag.com.pl\/wp-content\/uploads\/2026\/04\/Cala-Polska-2-200x200.jpg\" class=\"attachment-thumbnail size-thumbnail\" alt=\"\" \/><\/a>\n\t\t\t<\/dt><\/dl><dl class='gallery-item'>\n\t\t\t<dt class='gallery-icon landscape'>\n\t\t\t\t<a title=\"Ca\u0142a Polska 3\" href='https:\/\/www.sosw.elblag.com.pl\/wp-content\/uploads\/2026\/04\/Cala-Polska-3.jpg'><img loading=\"lazy\" decoding=\"async\" width=\"200\" height=\"200\" src=\"https:\/\/www.sosw.elblag.com.pl\/wp-content\/uploads\/2026\/04\/Cala-Polska-3-200x200.jpg\" class=\"attachment-thumbnail size-thumbnail\" alt=\"\" \/><\/a>\n\t\t\t<\/dt><\/dl><br style=\"clear: both\" \/><dl class='gallery-item'>\n\t\t\t<dt class='gallery-icon landscape'>\n\t\t\t\t<a title=\"Ca\u0142a Polska 4\" href='https:\/\/www.sosw.elblag.com.pl\/wp-content\/uploads\/2026\/04\/Cala-Polska-4.jpg'><img loading=\"lazy\" decoding=\"async\" width=\"200\" height=\"200\" src=\"https:\/\/www.sosw.elblag.com.pl\/wp-content\/uploads\/2026\/04\/Cala-Polska-4-200x200.jpg\" class=\"attachment-thumbnail size-thumbnail\" alt=\"\" \/><\/a>\n\t\t\t<\/dt><\/dl><dl class='gallery-item'>\n\t\t\t<dt class='gallery-icon landscape'>\n\t\t\t\t<a title=\"Ca\u0142a Polska 5\" href='https:\/\/www.sosw.elblag.com.pl\/wp-content\/uploads\/2026\/04\/Cala-Polska-5.jpg'><img loading=\"lazy\" decoding=\"async\" width=\"200\" height=\"200\" src=\"https:\/\/www.sosw.elblag.com.pl\/wp-content\/uploads\/2026\/04\/Cala-Polska-5-200x200.jpg\" class=\"attachment-thumbnail size-thumbnail\" alt=\"\" \/><\/a>\n\t\t\t<\/dt><\/dl><dl class='gallery-item'>\n\t\t\t<dt class='gallery-icon landscape'>\n\t\t\t\t<a title=\"Ca\u0142a Polska 6\" href='https:\/\/www.sosw.elblag.com.pl\/wp-content\/uploads\/2026\/04\/Cala-Polska-6.jpg'><img loading=\"lazy\" decoding=\"async\" width=\"200\" height=\"200\" src=\"https:\/\/www.sosw.elblag.com.pl\/wp-content\/uploads\/2026\/04\/Cala-Polska-6-200x200.jpg\" class=\"attachment-thumbnail size-thumbnail\" alt=\"\" \/><\/a>\n\t\t\t<\/dt><\/dl><br style=\"clear: both\" \/><dl class='gallery-item'>\n\t\t\t<dt class='gallery-icon landscape'>\n\t\t\t\t<a title=\"Ca\u0142a Polska 7\" href='https:\/\/www.sosw.elblag.com.pl\/wp-content\/uploads\/2026\/04\/Cala-Polska-7.jpg'><img loading=\"lazy\" decoding=\"async\" width=\"200\" height=\"200\" src=\"https:\/\/www.sosw.elblag.com.pl\/wp-content\/uploads\/2026\/04\/Cala-Polska-7-200x200.jpg\" class=\"attachment-thumbnail size-thumbnail\" alt=\"\" \/><\/a>\n\t\t\t<\/dt><\/dl><dl class='gallery-item'>\n\t\t\t<dt class='gallery-icon landscape'>\n\t\t\t\t<a title=\"Ca\u0142a Polska 8\" href='https:\/\/www.sosw.elblag.com.pl\/wp-content\/uploads\/2026\/04\/Cala-Polska-8.jpg'><img loading=\"lazy\" decoding=\"async\" width=\"200\" height=\"200\" src=\"https:\/\/www.sosw.elblag.com.pl\/wp-content\/uploads\/2026\/04\/Cala-Polska-8-200x200.jpg\" class=\"attachment-thumbnail size-thumbnail\" alt=\"\" \/><\/a>\n\t\t\t<\/dt><\/dl>\n\t\t\t<br style='clear: both' \/>\n\t\t<\/div>\n\n","protected":false},"excerpt":{"rendered":"<p>W ramach og\u00f3lnopolskiej akcji \u201eCa\u0142a Polska czyta dzieciom\u201d w naszej szkole odby\u0142y si\u0119 kolejne zaj\u0119cia z okazji \u015awiatowego Dnia Ksi\u0105\u017cki. Ich celem <a class=\"more-link\" href=\"https:\/\/www.sosw.elblag.com.pl\/index.php\/2026\/04\/25\/cala-polska-czyta-dzieciom-swiatowy-dzien-ksiazki\/\">Czytaj dalej&#8230;<\/a><\/p>\n","protected":false},"author":1,"featured_media":66393,"comment_status":"closed","ping_status":"closed","sticky":false,"template":"","format":"standard","meta":{"footnotes":""},"categories":[77],"tags":[],"class_list":["post-66384","post","type-post","status-publish","format-standard","has-post-thumbnail","hentry","category-z-zycia-osrodka-2025-2026"],"_links":{"self":[{"href":"https:\/\/www.sosw.elblag.com.pl\/index.php\/wp-json\/wp\/v2\/posts\/66384","targetHints":{"allow":["GET"]}}],"collection":[{"href":"https:\/\/www.sosw.elblag.com.pl\/index.php\/wp-json\/wp\/v2\/posts"}],"about":[{"href":"https:\/\/www.sosw.elblag.com.pl\/index.php\/wp-json\/wp\/v2\/types\/post"}],"author":[{"embeddable":true,"href":"https:\/\/www.sosw.elblag.com.pl\/index.php\/wp-json\/wp\/v2\/users\/1"}],"replies":[{"embeddable":true,"href":"https:\/\/www.sosw.elblag.com.pl\/index.php\/wp-json\/wp\/v2\/comments?post=66384"}],"version-history":[{"count":1,"href":"https:\/\/www.sosw.elblag.com.pl\/index.php\/wp-json\/wp\/v2\/posts\/66384\/revisions"}],"predecessor-version":[{"id":66398,"href":"https:\/\/www.sosw.elblag.com.pl\/index.php\/wp-json\/wp\/v2\/posts\/66384\/revisions\/66398"}],"wp:featuredmedia":[{"embeddable":true,"href":"https:\/\/www.sosw.elblag.com.pl\/index.php\/wp-json\/wp\/v2\/media\/66393"}],"wp:attachment":[{"href":"https:\/\/www.sosw.elblag.com.pl\/index.php\/wp-json\/wp\/v2\/media?parent=66384"}],"wp:term":[{"taxonomy":"category","embeddable":true,"href":"https:\/\/www.sosw.elblag.com.pl\/index.php\/wp-json\/wp\/v2\/categories?post=66384"},{"taxonomy":"post_tag","embeddable":true,"href":"https:\/\/www.sosw.elblag.com.pl\/index.php\/wp-json\/wp\/v2\/tags?post=66384"}],"curies":[{"name":"wp","href":"https:\/\/api.w.org\/{rel}","templated":true}]}}