{"id":65197,"date":"2026-03-05T10:15:35","date_gmt":"2026-03-05T09:15:35","guid":{"rendered":"https:\/\/www.sosw.elblag.com.pl\/?p=65197"},"modified":"2026-03-05T10:19:58","modified_gmt":"2026-03-05T09:19:58","slug":"wycieczka-do-gdanska-4","status":"publish","type":"post","link":"https:\/\/www.sosw.elblag.com.pl\/index.php\/2026\/03\/05\/wycieczka-do-gdanska-4\/","title":{"rendered":"Wycieczka do Gda\u0144ska"},"content":{"rendered":"<p style=\"text-align: justify;\">Topniej\u0105ce \u015bniegi i s\u0142oneczko zach\u0119ci\u0142o nas do wyruszenia poza miasto. 3marca klasy IaPdP,\u00a0 IIIaPdP i IIIc PdP wybra\u0142y si\u0119 na wycieczk\u0119 do Gda\u0144ska. Wizyt\u0119 rozpocz\u0119li\u015bmy od spaceru uliczkami Starego Miasta , nast\u0119pnie poszli\u015bmy do kawiarni Pikawka. Tam uczniowie doskonalili umiej\u0119tno\u015b\u0107 zamawiania r\u00f3\u017cnych smako\u0142yk\u00f3w. Nast\u0119pnie udali\u015bmy si\u0119 do Domu Technika NOT na musical \u201eOpowie\u015b\u0107 wigilijna\u201d wystawiany przez Teatr Muzyczny \u201eForte\u201d. To by\u0142 bardzo udany dzie\u0144.<\/p>\n<p>Iwona Kochanowska<\/p>\n<p>Ma\u0142gorzata Sierek<\/p>\n<p>Wioletta Szczepa\u0144ska<\/p>\n\n\t\t<style type=\"text\/css\">\n\t\t\t#gallery-1 {\n\t\t\t\tmargin: auto;\n\t\t\t}\n\t\t\t#gallery-1 .gallery-item {\n\t\t\t\tfloat: left;\n\t\t\t\tmargin-top: 10px;\n\t\t\t\ttext-align: center;\n\t\t\t\twidth: 33%;\n\t\t\t}\n\t\t\t#gallery-1 img {\n\t\t\t\tborder: 2px solid #cfcfcf;\n\t\t\t}\n\t\t\t#gallery-1 .gallery-caption {\n\t\t\t\tmargin-left: 0;\n\t\t\t}\n\t\t\t\/* see gallery_shortcode() in wp-includes\/media.php *\/\n\t\t<\/style>\n\t\t<div id='gallery-1' class='gallery galleryid-65197 gallery-columns-3 gallery-size-thumbnail'><dl class='gallery-item'>\n\t\t\t<dt class='gallery-icon portrait'>\n\t\t\t\t<a title=\"Wycieczka do Gda\u0144ska (1)\" href='https:\/\/www.sosw.elblag.com.pl\/wp-content\/uploads\/2026\/03\/Wycieczka-do-Gdanska-1-scaled.jpg'><img loading=\"lazy\" decoding=\"async\" width=\"200\" height=\"200\" src=\"https:\/\/www.sosw.elblag.com.pl\/wp-content\/uploads\/2026\/03\/Wycieczka-do-Gdanska-1-200x200.jpg\" class=\"attachment-thumbnail size-thumbnail\" alt=\"\" \/><\/a>\n\t\t\t<\/dt><\/dl><dl class='gallery-item'>\n\t\t\t<dt class='gallery-icon portrait'>\n\t\t\t\t<a title=\"Wycieczka do Gda\u0144ska (2)\" href='https:\/\/www.sosw.elblag.com.pl\/wp-content\/uploads\/2026\/03\/Wycieczka-do-Gdanska-2-scaled.jpg'><img loading=\"lazy\" decoding=\"async\" width=\"200\" height=\"200\" src=\"https:\/\/www.sosw.elblag.com.pl\/wp-content\/uploads\/2026\/03\/Wycieczka-do-Gdanska-2-200x200.jpg\" class=\"attachment-thumbnail size-thumbnail\" alt=\"\" \/><\/a>\n\t\t\t<\/dt><\/dl><dl class='gallery-item'>\n\t\t\t<dt class='gallery-icon portrait'>\n\t\t\t\t<a title=\"Wycieczka do Gda\u0144ska (3)\" href='https:\/\/www.sosw.elblag.com.pl\/wp-content\/uploads\/2026\/03\/Wycieczka-do-Gdanska-3-scaled.jpg'><img loading=\"lazy\" decoding=\"async\" width=\"200\" height=\"200\" src=\"https:\/\/www.sosw.elblag.com.pl\/wp-content\/uploads\/2026\/03\/Wycieczka-do-Gdanska-3-200x200.jpg\" class=\"attachment-thumbnail size-thumbnail\" alt=\"\" \/><\/a>\n\t\t\t<\/dt><\/dl><br style=\"clear: both\" \/><dl class='gallery-item'>\n\t\t\t<dt class='gallery-icon portrait'>\n\t\t\t\t<a title=\"Wycieczka do Gda\u0144ska (4)\" href='https:\/\/www.sosw.elblag.com.pl\/wp-content\/uploads\/2026\/03\/Wycieczka-do-Gdanska-4-scaled.jpg'><img loading=\"lazy\" decoding=\"async\" width=\"200\" height=\"200\" src=\"https:\/\/www.sosw.elblag.com.pl\/wp-content\/uploads\/2026\/03\/Wycieczka-do-Gdanska-4-200x200.jpg\" class=\"attachment-thumbnail size-thumbnail\" alt=\"\" \/><\/a>\n\t\t\t<\/dt><\/dl><dl class='gallery-item'>\n\t\t\t<dt class='gallery-icon portrait'>\n\t\t\t\t<a title=\"Wycieczka do Gda\u0144ska (5)\" href='https:\/\/www.sosw.elblag.com.pl\/wp-content\/uploads\/2026\/03\/Wycieczka-do-Gdanska-5-scaled.jpg'><img loading=\"lazy\" decoding=\"async\" width=\"200\" height=\"200\" src=\"https:\/\/www.sosw.elblag.com.pl\/wp-content\/uploads\/2026\/03\/Wycieczka-do-Gdanska-5-200x200.jpg\" class=\"attachment-thumbnail size-thumbnail\" alt=\"\" \/><\/a>\n\t\t\t<\/dt><\/dl><dl class='gallery-item'>\n\t\t\t<dt class='gallery-icon landscape'>\n\t\t\t\t<a title=\"Wycieczka do Gda\u0144ska (6)\" href='https:\/\/www.sosw.elblag.com.pl\/wp-content\/uploads\/2026\/03\/Wycieczka-do-Gdanska-6-scaled.jpg'><img loading=\"lazy\" decoding=\"async\" width=\"200\" height=\"200\" src=\"https:\/\/www.sosw.elblag.com.pl\/wp-content\/uploads\/2026\/03\/Wycieczka-do-Gdanska-6-200x200.jpg\" class=\"attachment-thumbnail size-thumbnail\" alt=\"\" \/><\/a>\n\t\t\t<\/dt><\/dl><br style=\"clear: both\" \/><dl class='gallery-item'>\n\t\t\t<dt class='gallery-icon portrait'>\n\t\t\t\t<a title=\"Wycieczka do Gda\u0144ska (7)\" href='https:\/\/www.sosw.elblag.com.pl\/wp-content\/uploads\/2026\/03\/Wycieczka-do-Gdanska-7.jpg'><img loading=\"lazy\" decoding=\"async\" width=\"200\" height=\"200\" src=\"https:\/\/www.sosw.elblag.com.pl\/wp-content\/uploads\/2026\/03\/Wycieczka-do-Gdanska-7-200x200.jpg\" class=\"attachment-thumbnail size-thumbnail\" alt=\"\" \/><\/a>\n\t\t\t<\/dt><\/dl><dl class='gallery-item'>\n\t\t\t<dt class='gallery-icon landscape'>\n\t\t\t\t<a title=\"Wycieczka do Gda\u0144ska (8)\" href='https:\/\/www.sosw.elblag.com.pl\/wp-content\/uploads\/2026\/03\/Wycieczka-do-Gdanska-8.jpg'><img loading=\"lazy\" decoding=\"async\" width=\"200\" height=\"200\" src=\"https:\/\/www.sosw.elblag.com.pl\/wp-content\/uploads\/2026\/03\/Wycieczka-do-Gdanska-8-200x200.jpg\" class=\"attachment-thumbnail size-thumbnail\" alt=\"\" \/><\/a>\n\t\t\t<\/dt><\/dl><dl class='gallery-item'>\n\t\t\t<dt class='gallery-icon portrait'>\n\t\t\t\t<a title=\"Wycieczka do Gda\u0144ska (9)\" href='https:\/\/www.sosw.elblag.com.pl\/wp-content\/uploads\/2026\/03\/Wycieczka-do-Gdanska-9.jpg'><img loading=\"lazy\" decoding=\"async\" width=\"200\" height=\"200\" src=\"https:\/\/www.sosw.elblag.com.pl\/wp-content\/uploads\/2026\/03\/Wycieczka-do-Gdanska-9-200x200.jpg\" class=\"attachment-thumbnail size-thumbnail\" alt=\"\" \/><\/a>\n\t\t\t<\/dt><\/dl><br style=\"clear: both\" \/><dl class='gallery-item'>\n\t\t\t<dt class='gallery-icon portrait'>\n\t\t\t\t<a title=\"Wycieczka do Gda\u0144ska (10)\" href='https:\/\/www.sosw.elblag.com.pl\/wp-content\/uploads\/2026\/03\/Wycieczka-do-Gdanska-10.jpg'><img loading=\"lazy\" decoding=\"async\" width=\"200\" height=\"200\" src=\"https:\/\/www.sosw.elblag.com.pl\/wp-content\/uploads\/2026\/03\/Wycieczka-do-Gdanska-10-200x200.jpg\" class=\"attachment-thumbnail size-thumbnail\" alt=\"\" \/><\/a>\n\t\t\t<\/dt><\/dl>\n\t\t\t<br style='clear: both' \/>\n\t\t<\/div>\n\n","protected":false},"excerpt":{"rendered":"<p>Topniej\u0105ce \u015bniegi i s\u0142oneczko zach\u0119ci\u0142o nas do wyruszenia poza miasto. 3marca klasy IaPdP,\u00a0 IIIaPdP i IIIc PdP wybra\u0142y si\u0119 na wycieczk\u0119 do <a class=\"more-link\" href=\"https:\/\/www.sosw.elblag.com.pl\/index.php\/2026\/03\/05\/wycieczka-do-gdanska-4\/\">Czytaj dalej&#8230;<\/a><\/p>\n","protected":false},"author":1,"featured_media":65207,"comment_status":"closed","ping_status":"closed","sticky":false,"template":"","format":"standard","meta":{"footnotes":""},"categories":[77],"tags":[],"class_list":["post-65197","post","type-post","status-publish","format-standard","has-post-thumbnail","hentry","category-z-zycia-osrodka-2025-2026"],"_links":{"self":[{"href":"https:\/\/www.sosw.elblag.com.pl\/index.php\/wp-json\/wp\/v2\/posts\/65197","targetHints":{"allow":["GET"]}}],"collection":[{"href":"https:\/\/www.sosw.elblag.com.pl\/index.php\/wp-json\/wp\/v2\/posts"}],"about":[{"href":"https:\/\/www.sosw.elblag.com.pl\/index.php\/wp-json\/wp\/v2\/types\/post"}],"author":[{"embeddable":true,"href":"https:\/\/www.sosw.elblag.com.pl\/index.php\/wp-json\/wp\/v2\/users\/1"}],"replies":[{"embeddable":true,"href":"https:\/\/www.sosw.elblag.com.pl\/index.php\/wp-json\/wp\/v2\/comments?post=65197"}],"version-history":[{"count":3,"href":"https:\/\/www.sosw.elblag.com.pl\/index.php\/wp-json\/wp\/v2\/posts\/65197\/revisions"}],"predecessor-version":[{"id":65211,"href":"https:\/\/www.sosw.elblag.com.pl\/index.php\/wp-json\/wp\/v2\/posts\/65197\/revisions\/65211"}],"wp:featuredmedia":[{"embeddable":true,"href":"https:\/\/www.sosw.elblag.com.pl\/index.php\/wp-json\/wp\/v2\/media\/65207"}],"wp:attachment":[{"href":"https:\/\/www.sosw.elblag.com.pl\/index.php\/wp-json\/wp\/v2\/media?parent=65197"}],"wp:term":[{"taxonomy":"category","embeddable":true,"href":"https:\/\/www.sosw.elblag.com.pl\/index.php\/wp-json\/wp\/v2\/categories?post=65197"},{"taxonomy":"post_tag","embeddable":true,"href":"https:\/\/www.sosw.elblag.com.pl\/index.php\/wp-json\/wp\/v2\/tags?post=65197"}],"curies":[{"name":"wp","href":"https:\/\/api.w.org\/{rel}","templated":true}]}}