{"id":60649,"date":"2025-06-26T12:14:29","date_gmt":"2025-06-26T10:14:29","guid":{"rendered":"http:\/\/www.sosw.elblag.com.pl\/?p=60649"},"modified":"2025-06-26T12:14:29","modified_gmt":"2025-06-26T10:14:29","slug":"urodziny-rozy-w-internacie","status":"publish","type":"post","link":"https:\/\/www.sosw.elblag.com.pl\/index.php\/2025\/06\/26\/urodziny-rozy-w-internacie\/","title":{"rendered":"Urodziny R\u00f3\u017cy w internacie"},"content":{"rendered":"<p style=\"text-align: justify;\">Wczoraj w internacie obchodzili\u015bmy urodziny R\u00f3\u017cy. By\u0142a to \u015bwietna okazja do wsp\u00f3lnego sp\u0119dzenia czasu. Nie zabrak\u0142o pysznego ciasta, kt\u00f3re szybko znikn\u0119\u0142o ze sto\u0142u, a tak\u017ce tradycyjnego sk\u0142adania \u017cycze\u0144. Po cz\u0119\u015bci oficjalnej nadszed\u0142 czas na wsp\u00f3lne s\u0142uchanie muzyki i rozmowy. Tematem numer jeden by\u0142y oczywi\u015bcie zbli\u017caj\u0105ce si\u0119 wakacje \u2013 plany, marzenia i wyjazdy. Atmosfera by\u0142a bardzo przyjazna i pe\u0142na pozytywnej energii.<\/p>\n<p style=\"text-align: justify;\">To by\u0142 naprawd\u0119 mi\u0142y wiecz\u00f3r, kt\u00f3ry na d\u0142ugo zostanie w naszej pami\u0119ci.<\/p>\n<p style=\"text-align: justify;\">Marta Wo\u017aniak<\/p>\n\n\t\t<style type=\"text\/css\">\n\t\t\t#gallery-1 {\n\t\t\t\tmargin: auto;\n\t\t\t}\n\t\t\t#gallery-1 .gallery-item {\n\t\t\t\tfloat: left;\n\t\t\t\tmargin-top: 10px;\n\t\t\t\ttext-align: center;\n\t\t\t\twidth: 50%;\n\t\t\t}\n\t\t\t#gallery-1 img {\n\t\t\t\tborder: 2px solid #cfcfcf;\n\t\t\t}\n\t\t\t#gallery-1 .gallery-caption {\n\t\t\t\tmargin-left: 0;\n\t\t\t}\n\t\t\t\/* see gallery_shortcode() in wp-includes\/media.php *\/\n\t\t<\/style>\n\t\t<div id='gallery-1' class='gallery galleryid-60649 gallery-columns-2 gallery-size-thumbnail'><dl class='gallery-item'>\n\t\t\t<dt class='gallery-icon portrait'>\n\t\t\t\t<a title=\"Urodziny R\u00f3\u017cy w internacie (1)\" href='https:\/\/www.sosw.elblag.com.pl\/wp-content\/uploads\/2025\/06\/Urodziny-Rozy-w-internacie-1-scaled.jpg'><img loading=\"lazy\" decoding=\"async\" width=\"200\" height=\"200\" src=\"https:\/\/www.sosw.elblag.com.pl\/wp-content\/uploads\/2025\/06\/Urodziny-Rozy-w-internacie-1-200x200.jpg\" class=\"attachment-thumbnail size-thumbnail\" alt=\"\" \/><\/a>\n\t\t\t<\/dt><\/dl><dl class='gallery-item'>\n\t\t\t<dt class='gallery-icon portrait'>\n\t\t\t\t<a title=\"Urodziny R\u00f3\u017cy w internacie (2)\" href='https:\/\/www.sosw.elblag.com.pl\/wp-content\/uploads\/2025\/06\/Urodziny-Rozy-w-internacie-2-scaled.jpg'><img loading=\"lazy\" decoding=\"async\" width=\"200\" height=\"200\" src=\"https:\/\/www.sosw.elblag.com.pl\/wp-content\/uploads\/2025\/06\/Urodziny-Rozy-w-internacie-2-200x200.jpg\" class=\"attachment-thumbnail size-thumbnail\" alt=\"\" \/><\/a>\n\t\t\t<\/dt><\/dl><br style=\"clear: both\" \/><dl class='gallery-item'>\n\t\t\t<dt class='gallery-icon portrait'>\n\t\t\t\t<a title=\"Urodziny R\u00f3\u017cy w internacie (3)\" href='https:\/\/www.sosw.elblag.com.pl\/wp-content\/uploads\/2025\/06\/Urodziny-Rozy-w-internacie-3-scaled.jpg'><img loading=\"lazy\" decoding=\"async\" width=\"200\" height=\"200\" src=\"https:\/\/www.sosw.elblag.com.pl\/wp-content\/uploads\/2025\/06\/Urodziny-Rozy-w-internacie-3-200x200.jpg\" class=\"attachment-thumbnail size-thumbnail\" alt=\"\" \/><\/a>\n\t\t\t<\/dt><\/dl><dl class='gallery-item'>\n\t\t\t<dt class='gallery-icon portrait'>\n\t\t\t\t<a title=\"Urodziny R\u00f3\u017cy w internacie (4)\" href='https:\/\/www.sosw.elblag.com.pl\/wp-content\/uploads\/2025\/06\/Urodziny-Rozy-w-internacie-4-scaled.jpg'><img loading=\"lazy\" decoding=\"async\" width=\"200\" height=\"200\" src=\"https:\/\/www.sosw.elblag.com.pl\/wp-content\/uploads\/2025\/06\/Urodziny-Rozy-w-internacie-4-200x200.jpg\" class=\"attachment-thumbnail size-thumbnail\" alt=\"\" \/><\/a>\n\t\t\t<\/dt><\/dl><br style=\"clear: both\" \/><dl class='gallery-item'>\n\t\t\t<dt class='gallery-icon portrait'>\n\t\t\t\t<a title=\"Urodziny R\u00f3\u017cy w internacie (5)\" href='https:\/\/www.sosw.elblag.com.pl\/wp-content\/uploads\/2025\/06\/Urodziny-Rozy-w-internacie-5-scaled.jpg'><img loading=\"lazy\" decoding=\"async\" width=\"200\" height=\"200\" src=\"https:\/\/www.sosw.elblag.com.pl\/wp-content\/uploads\/2025\/06\/Urodziny-Rozy-w-internacie-5-200x200.jpg\" class=\"attachment-thumbnail size-thumbnail\" alt=\"\" \/><\/a>\n\t\t\t<\/dt><\/dl>\n\t\t\t<br style='clear: both' \/>\n\t\t<\/div>\n\n","protected":false},"excerpt":{"rendered":"<p>Wczoraj w internacie obchodzili\u015bmy urodziny R\u00f3\u017cy. By\u0142a to \u015bwietna okazja do wsp\u00f3lnego sp\u0119dzenia czasu. Nie zabrak\u0142o pysznego ciasta, kt\u00f3re szybko znikn\u0119\u0142o ze <a class=\"more-link\" href=\"https:\/\/www.sosw.elblag.com.pl\/index.php\/2025\/06\/26\/urodziny-rozy-w-internacie\/\">Czytaj dalej&#8230;<\/a><\/p>\n","protected":false},"author":1,"featured_media":60650,"comment_status":"closed","ping_status":"closed","sticky":false,"template":"","format":"standard","meta":{"footnotes":""},"categories":[76],"tags":[],"class_list":["post-60649","post","type-post","status-publish","format-standard","has-post-thumbnail","hentry","category-internat-2024-2025"],"_links":{"self":[{"href":"https:\/\/www.sosw.elblag.com.pl\/index.php\/wp-json\/wp\/v2\/posts\/60649","targetHints":{"allow":["GET"]}}],"collection":[{"href":"https:\/\/www.sosw.elblag.com.pl\/index.php\/wp-json\/wp\/v2\/posts"}],"about":[{"href":"https:\/\/www.sosw.elblag.com.pl\/index.php\/wp-json\/wp\/v2\/types\/post"}],"author":[{"embeddable":true,"href":"https:\/\/www.sosw.elblag.com.pl\/index.php\/wp-json\/wp\/v2\/users\/1"}],"replies":[{"embeddable":true,"href":"https:\/\/www.sosw.elblag.com.pl\/index.php\/wp-json\/wp\/v2\/comments?post=60649"}],"version-history":[{"count":1,"href":"https:\/\/www.sosw.elblag.com.pl\/index.php\/wp-json\/wp\/v2\/posts\/60649\/revisions"}],"predecessor-version":[{"id":60655,"href":"https:\/\/www.sosw.elblag.com.pl\/index.php\/wp-json\/wp\/v2\/posts\/60649\/revisions\/60655"}],"wp:featuredmedia":[{"embeddable":true,"href":"https:\/\/www.sosw.elblag.com.pl\/index.php\/wp-json\/wp\/v2\/media\/60650"}],"wp:attachment":[{"href":"https:\/\/www.sosw.elblag.com.pl\/index.php\/wp-json\/wp\/v2\/media?parent=60649"}],"wp:term":[{"taxonomy":"category","embeddable":true,"href":"https:\/\/www.sosw.elblag.com.pl\/index.php\/wp-json\/wp\/v2\/categories?post=60649"},{"taxonomy":"post_tag","embeddable":true,"href":"https:\/\/www.sosw.elblag.com.pl\/index.php\/wp-json\/wp\/v2\/tags?post=60649"}],"curies":[{"name":"wp","href":"https:\/\/api.w.org\/{rel}","templated":true}]}}