{"id":59162,"date":"2025-05-15T08:29:50","date_gmt":"2025-05-15T06:29:50","guid":{"rendered":"http:\/\/www.sosw.elblag.com.pl\/?p=59162"},"modified":"2025-05-15T08:29:50","modified_gmt":"2025-05-15T06:29:50","slug":"wycieczka-do-warsztatow-terapii-zajeciowej-przy-ul-saperow","status":"publish","type":"post","link":"https:\/\/www.sosw.elblag.com.pl\/index.php\/2025\/05\/15\/wycieczka-do-warsztatow-terapii-zajeciowej-przy-ul-saperow\/","title":{"rendered":"Wycieczka do Warsztat\u00f3w Terapii Zaj\u0119ciowej przy ul. Saper\u00f3w"},"content":{"rendered":"<p style=\"text-align: justify;\">W pi\u0105tek 9 maja 2025 r. odby\u0142a si\u0119 wycieczka klas trzecich PdP do Warsztat\u00f3w Terapii Zaj\u0119ciowej mieszcz\u0105cych si\u0119 przy ulicy Saper\u00f3w. W wydarzeniu wzi\u0119li udzia\u0142 uczniowie, ich rodzice oraz wychowawcy. Celem wycieczki by\u0142o zapoznanie si\u0119 z funkcjonowaniem warsztat\u00f3w, poznanie oferty zaj\u0119\u0107 terapeutycznych oraz mo\u017cliwo\u015bci rozwoju zawodowego<br \/>\ni spo\u0142ecznego dla os\u00f3b z niepe\u0142nosprawno\u015bciami.<\/p>\n<p style=\"text-align: justify;\">Na miejscu zostali\u015bmy serdecznie powitani przez kadr\u0119 plac\u00f3wki, kt\u00f3ra oprowadzi\u0142a nas po pracowniach tematycznych, takich jak: pracownia stolarska, krawiecka, r\u0119kodzielnicza czy kulinarna. Du\u017ce wra\u017cenie zrobi\u0142 na nas ogr\u00f3d, w kt\u00f3rym uczestnicy warsztat\u00f3w ch\u0119tnie pracuj\u0105 i odpoczywaj\u0105. Mieli\u015bmy okazj\u0119 zobaczy\u0107, jak wygl\u0105daj\u0105 codzienne zaj\u0119cia, porozmawia\u0107 z terapeutami i uczestnikami warsztat\u00f3w. Rodzice mogli uzyska\u0107 odpowiedzi na pytania dotycz\u0105ce dalszej \u015bcie\u017cki edukacyjnej i zawodowej swoich dzieci po zako\u0144czeniu szko\u0142y.<\/p>\n<p style=\"text-align: justify;\">Atmosfera by\u0142a bardzo przyjazna, wiele rado\u015bci sprawi\u0142o nam spotkanie z kole\u017cankami i kolegami \u2013 absolwentami naszego O\u015brodka. Wycieczka by\u0142a nie tylko cennym do\u015bwiadczeniem edukacyjnym, ale r\u00f3wnie\u017c inspiracj\u0105 do dalszego rozwoju.<\/p>\n<p style=\"text-align: justify;\">Uczniowie wr\u00f3cili z wycieczki zadowoleni i pe\u0142ni wra\u017ce\u0144. By\u0142o to warto\u015bciowe spotkanie, kt\u00f3re na d\u0142ugo pozostanie w naszej pami\u0119ci.<\/p>\n\n\t\t<style type=\"text\/css\">\n\t\t\t#gallery-1 {\n\t\t\t\tmargin: auto;\n\t\t\t}\n\t\t\t#gallery-1 .gallery-item {\n\t\t\t\tfloat: left;\n\t\t\t\tmargin-top: 10px;\n\t\t\t\ttext-align: center;\n\t\t\t\twidth: 50%;\n\t\t\t}\n\t\t\t#gallery-1 img {\n\t\t\t\tborder: 2px solid #cfcfcf;\n\t\t\t}\n\t\t\t#gallery-1 .gallery-caption {\n\t\t\t\tmargin-left: 0;\n\t\t\t}\n\t\t\t\/* see gallery_shortcode() in wp-includes\/media.php *\/\n\t\t<\/style>\n\t\t<div id='gallery-1' class='gallery galleryid-59162 gallery-columns-2 gallery-size-thumbnail'><dl class='gallery-item'>\n\t\t\t<dt class='gallery-icon landscape'>\n\t\t\t\t<a title=\"Wycieczka do Warsztat\u00f3w Terapii Zaj\u0119ciowej (1)\" href='https:\/\/www.sosw.elblag.com.pl\/wp-content\/uploads\/2025\/05\/Wycieczka-do-Warsztatow-Terapii-Zajeciowej-1-scaled.jpg'><img loading=\"lazy\" decoding=\"async\" width=\"200\" height=\"200\" src=\"https:\/\/www.sosw.elblag.com.pl\/wp-content\/uploads\/2025\/05\/Wycieczka-do-Warsztatow-Terapii-Zajeciowej-1-200x200.jpg\" class=\"attachment-thumbnail size-thumbnail\" alt=\"\" \/><\/a>\n\t\t\t<\/dt><\/dl><dl class='gallery-item'>\n\t\t\t<dt class='gallery-icon landscape'>\n\t\t\t\t<a title=\"Wycieczka do Warsztat\u00f3w Terapii Zaj\u0119ciowej (2)\" href='https:\/\/www.sosw.elblag.com.pl\/wp-content\/uploads\/2025\/05\/Wycieczka-do-Warsztatow-Terapii-Zajeciowej-2-scaled.jpg'><img loading=\"lazy\" decoding=\"async\" width=\"200\" height=\"200\" src=\"https:\/\/www.sosw.elblag.com.pl\/wp-content\/uploads\/2025\/05\/Wycieczka-do-Warsztatow-Terapii-Zajeciowej-2-200x200.jpg\" class=\"attachment-thumbnail size-thumbnail\" alt=\"\" \/><\/a>\n\t\t\t<\/dt><\/dl><br style=\"clear: both\" \/><dl class='gallery-item'>\n\t\t\t<dt class='gallery-icon landscape'>\n\t\t\t\t<a title=\"Wycieczka do Warsztat\u00f3w Terapii Zaj\u0119ciowej (3)\" href='https:\/\/www.sosw.elblag.com.pl\/wp-content\/uploads\/2025\/05\/Wycieczka-do-Warsztatow-Terapii-Zajeciowej-3-scaled.jpg'><img loading=\"lazy\" decoding=\"async\" width=\"200\" height=\"200\" src=\"https:\/\/www.sosw.elblag.com.pl\/wp-content\/uploads\/2025\/05\/Wycieczka-do-Warsztatow-Terapii-Zajeciowej-3-200x200.jpg\" class=\"attachment-thumbnail size-thumbnail\" alt=\"\" \/><\/a>\n\t\t\t<\/dt><\/dl><dl class='gallery-item'>\n\t\t\t<dt class='gallery-icon landscape'>\n\t\t\t\t<a title=\"Wycieczka do Warsztat\u00f3w Terapii Zaj\u0119ciowej (4)\" href='https:\/\/www.sosw.elblag.com.pl\/wp-content\/uploads\/2025\/05\/Wycieczka-do-Warsztatow-Terapii-Zajeciowej-4-scaled.jpg'><img loading=\"lazy\" decoding=\"async\" width=\"200\" height=\"200\" src=\"https:\/\/www.sosw.elblag.com.pl\/wp-content\/uploads\/2025\/05\/Wycieczka-do-Warsztatow-Terapii-Zajeciowej-4-200x200.jpg\" class=\"attachment-thumbnail size-thumbnail\" alt=\"\" \/><\/a>\n\t\t\t<\/dt><\/dl><br style=\"clear: both\" \/><dl class='gallery-item'>\n\t\t\t<dt class='gallery-icon landscape'>\n\t\t\t\t<a title=\"Wycieczka do Warsztat\u00f3w Terapii Zaj\u0119ciowej (5)\" href='https:\/\/www.sosw.elblag.com.pl\/wp-content\/uploads\/2025\/05\/Wycieczka-do-Warsztatow-Terapii-Zajeciowej-5-scaled.jpg'><img loading=\"lazy\" decoding=\"async\" width=\"200\" height=\"200\" src=\"https:\/\/www.sosw.elblag.com.pl\/wp-content\/uploads\/2025\/05\/Wycieczka-do-Warsztatow-Terapii-Zajeciowej-5-200x200.jpg\" class=\"attachment-thumbnail size-thumbnail\" alt=\"\" \/><\/a>\n\t\t\t<\/dt><\/dl><dl class='gallery-item'>\n\t\t\t<dt class='gallery-icon landscape'>\n\t\t\t\t<a title=\"Wycieczka do Warsztat\u00f3w Terapii Zaj\u0119ciowej (6)\" href='https:\/\/www.sosw.elblag.com.pl\/wp-content\/uploads\/2025\/05\/Wycieczka-do-Warsztatow-Terapii-Zajeciowej-6-scaled.jpg'><img loading=\"lazy\" decoding=\"async\" width=\"200\" height=\"200\" src=\"https:\/\/www.sosw.elblag.com.pl\/wp-content\/uploads\/2025\/05\/Wycieczka-do-Warsztatow-Terapii-Zajeciowej-6-200x200.jpg\" class=\"attachment-thumbnail size-thumbnail\" alt=\"\" \/><\/a>\n\t\t\t<\/dt><\/dl><br style=\"clear: both\" \/><dl class='gallery-item'>\n\t\t\t<dt class='gallery-icon landscape'>\n\t\t\t\t<a title=\"Wycieczka do Warsztat\u00f3w Terapii Zaj\u0119ciowej (7)\" href='https:\/\/www.sosw.elblag.com.pl\/wp-content\/uploads\/2025\/05\/Wycieczka-do-Warsztatow-Terapii-Zajeciowej-7-scaled.jpg'><img loading=\"lazy\" decoding=\"async\" width=\"200\" height=\"200\" src=\"https:\/\/www.sosw.elblag.com.pl\/wp-content\/uploads\/2025\/05\/Wycieczka-do-Warsztatow-Terapii-Zajeciowej-7-200x200.jpg\" class=\"attachment-thumbnail size-thumbnail\" alt=\"\" \/><\/a>\n\t\t\t<\/dt><\/dl><dl class='gallery-item'>\n\t\t\t<dt class='gallery-icon landscape'>\n\t\t\t\t<a title=\"Wycieczka do Warsztat\u00f3w Terapii Zaj\u0119ciowej (8)\" href='https:\/\/www.sosw.elblag.com.pl\/wp-content\/uploads\/2025\/05\/Wycieczka-do-Warsztatow-Terapii-Zajeciowej-8-scaled.jpg'><img loading=\"lazy\" decoding=\"async\" width=\"200\" height=\"200\" src=\"https:\/\/www.sosw.elblag.com.pl\/wp-content\/uploads\/2025\/05\/Wycieczka-do-Warsztatow-Terapii-Zajeciowej-8-200x200.jpg\" class=\"attachment-thumbnail size-thumbnail\" alt=\"\" \/><\/a>\n\t\t\t<\/dt><\/dl><br style=\"clear: both\" \/><dl class='gallery-item'>\n\t\t\t<dt class='gallery-icon landscape'>\n\t\t\t\t<a title=\"Wycieczka do Warsztat\u00f3w Terapii Zaj\u0119ciowej (9)\" href='https:\/\/www.sosw.elblag.com.pl\/wp-content\/uploads\/2025\/05\/Wycieczka-do-Warsztatow-Terapii-Zajeciowej-9-scaled.jpg'><img loading=\"lazy\" decoding=\"async\" width=\"200\" height=\"200\" src=\"https:\/\/www.sosw.elblag.com.pl\/wp-content\/uploads\/2025\/05\/Wycieczka-do-Warsztatow-Terapii-Zajeciowej-9-200x200.jpg\" class=\"attachment-thumbnail size-thumbnail\" alt=\"\" \/><\/a>\n\t\t\t<\/dt><\/dl><dl class='gallery-item'>\n\t\t\t<dt class='gallery-icon landscape'>\n\t\t\t\t<a title=\"Wycieczka do Warsztat\u00f3w Terapii Zaj\u0119ciowej (10)\" href='https:\/\/www.sosw.elblag.com.pl\/wp-content\/uploads\/2025\/05\/Wycieczka-do-Warsztatow-Terapii-Zajeciowej-10-scaled.jpg'><img loading=\"lazy\" decoding=\"async\" width=\"200\" height=\"200\" src=\"https:\/\/www.sosw.elblag.com.pl\/wp-content\/uploads\/2025\/05\/Wycieczka-do-Warsztatow-Terapii-Zajeciowej-10-200x200.jpg\" class=\"attachment-thumbnail size-thumbnail\" alt=\"\" \/><\/a>\n\t\t\t<\/dt><\/dl><br style=\"clear: both\" \/>\n\t\t<\/div>\n\n","protected":false},"excerpt":{"rendered":"<p>W pi\u0105tek 9 maja 2025 r. odby\u0142a si\u0119 wycieczka klas trzecich PdP do Warsztat\u00f3w Terapii Zaj\u0119ciowej mieszcz\u0105cych si\u0119 przy ulicy Saper\u00f3w. W <a class=\"more-link\" href=\"https:\/\/www.sosw.elblag.com.pl\/index.php\/2025\/05\/15\/wycieczka-do-warsztatow-terapii-zajeciowej-przy-ul-saperow\/\">Czytaj dalej&#8230;<\/a><\/p>\n","protected":false},"author":1,"featured_media":59171,"comment_status":"closed","ping_status":"closed","sticky":false,"template":"","format":"standard","meta":{"footnotes":""},"categories":[74],"tags":[],"class_list":["post-59162","post","type-post","status-publish","format-standard","has-post-thumbnail","hentry","category-z-zycia-osrodka-2024-2025"],"_links":{"self":[{"href":"https:\/\/www.sosw.elblag.com.pl\/index.php\/wp-json\/wp\/v2\/posts\/59162","targetHints":{"allow":["GET"]}}],"collection":[{"href":"https:\/\/www.sosw.elblag.com.pl\/index.php\/wp-json\/wp\/v2\/posts"}],"about":[{"href":"https:\/\/www.sosw.elblag.com.pl\/index.php\/wp-json\/wp\/v2\/types\/post"}],"author":[{"embeddable":true,"href":"https:\/\/www.sosw.elblag.com.pl\/index.php\/wp-json\/wp\/v2\/users\/1"}],"replies":[{"embeddable":true,"href":"https:\/\/www.sosw.elblag.com.pl\/index.php\/wp-json\/wp\/v2\/comments?post=59162"}],"version-history":[{"count":1,"href":"https:\/\/www.sosw.elblag.com.pl\/index.php\/wp-json\/wp\/v2\/posts\/59162\/revisions"}],"predecessor-version":[{"id":59173,"href":"https:\/\/www.sosw.elblag.com.pl\/index.php\/wp-json\/wp\/v2\/posts\/59162\/revisions\/59173"}],"wp:featuredmedia":[{"embeddable":true,"href":"https:\/\/www.sosw.elblag.com.pl\/index.php\/wp-json\/wp\/v2\/media\/59171"}],"wp:attachment":[{"href":"https:\/\/www.sosw.elblag.com.pl\/index.php\/wp-json\/wp\/v2\/media?parent=59162"}],"wp:term":[{"taxonomy":"category","embeddable":true,"href":"https:\/\/www.sosw.elblag.com.pl\/index.php\/wp-json\/wp\/v2\/categories?post=59162"},{"taxonomy":"post_tag","embeddable":true,"href":"https:\/\/www.sosw.elblag.com.pl\/index.php\/wp-json\/wp\/v2\/tags?post=59162"}],"curies":[{"name":"wp","href":"https:\/\/api.w.org\/{rel}","templated":true}]}}