{"id":57076,"date":"2025-01-29T13:22:47","date_gmt":"2025-01-29T12:22:47","guid":{"rendered":"http:\/\/www.sosw.elblag.com.pl\/?p=57076"},"modified":"2025-01-29T13:22:47","modified_gmt":"2025-01-29T12:22:47","slug":"ferie-czas-odpoczynku-i-zmian","status":"publish","type":"post","link":"https:\/\/www.sosw.elblag.com.pl\/index.php\/2025\/01\/29\/ferie-czas-odpoczynku-i-zmian\/","title":{"rendered":"Ferie \u2013 czas odpoczynku i zmian"},"content":{"rendered":"<div>\n<div class=\"gmail_default\" style=\"text-align: justify;\">Okres wakacji i ferii to doskona\u0142y czas na odpoczynek, regeneracj\u0119 si\u0142 oraz na dystans do codziennych obowi\u0105zk\u00f3w zawodowych oraz szkolnych. Ale jest to r\u00f3wnie\u017c dobry moment, aby poprawi\u0107 jako\u015b\u0107 i walory miejsca naszej pracy i nauki. Dlatego w\u00a0 o\u015brodku &#8211; tradycyjnie ju\u017c &#8211; podejmowane s\u0105 dzia\u0142ania, maj\u0105ce na celu estetyzacj\u0119 oraz korekt\u0119 stanu tego miejsca. Zreszt\u0105, po powrocie sami zobaczycie i ocenicie te wysi\u0142ki. Tymczasem &#8211; spokojnych i bezpiecznych ferii. Do zobaczenia.<\/div>\n<p><span style=\"color: #888888;\"><br clear=\"all\" \/><\/span><\/div>\n<div>\n<div class=\"gmail_signature\" dir=\"ltr\" data-smartmail=\"gmail_signature\">\n<div dir=\"ltr\">\n<div>\n<div dir=\"ltr\">\n<div>\n<div dir=\"ltr\">\n<div dir=\"ltr\">\n<div dir=\"ltr\"><b><i>Leszek Iwa\u0144czuk<\/i><\/b><\/div>\n<\/div>\n<\/div>\n<\/div>\n<div dir=\"ltr\">\n\n\t\t<style type=\"text\/css\">\n\t\t\t#gallery-1 {\n\t\t\t\tmargin: auto;\n\t\t\t}\n\t\t\t#gallery-1 .gallery-item {\n\t\t\t\tfloat: left;\n\t\t\t\tmargin-top: 10px;\n\t\t\t\ttext-align: center;\n\t\t\t\twidth: 50%;\n\t\t\t}\n\t\t\t#gallery-1 img {\n\t\t\t\tborder: 2px solid #cfcfcf;\n\t\t\t}\n\t\t\t#gallery-1 .gallery-caption {\n\t\t\t\tmargin-left: 0;\n\t\t\t}\n\t\t\t\/* see gallery_shortcode() in wp-includes\/media.php *\/\n\t\t<\/style>\n\t\t<div id='gallery-1' class='gallery galleryid-57076 gallery-columns-2 gallery-size-thumbnail'><dl class='gallery-item'>\n\t\t\t<dt class='gallery-icon portrait'>\n\t\t\t\t<a title=\"Ferie \u2013 czas odpoczynku i zmian (1)\" href='https:\/\/www.sosw.elblag.com.pl\/wp-content\/uploads\/2025\/01\/Ferie-\u2013-czas-odpoczynku-i-zmian-1-scaled.jpg'><img loading=\"lazy\" decoding=\"async\" width=\"200\" height=\"200\" src=\"https:\/\/www.sosw.elblag.com.pl\/wp-content\/uploads\/2025\/01\/Ferie-\u2013-czas-odpoczynku-i-zmian-1-200x200.jpg\" class=\"attachment-thumbnail size-thumbnail\" alt=\"\" \/><\/a>\n\t\t\t<\/dt><\/dl><dl class='gallery-item'>\n\t\t\t<dt class='gallery-icon portrait'>\n\t\t\t\t<a title=\"Ferie \u2013 czas odpoczynku i zmian (2)\" href='https:\/\/www.sosw.elblag.com.pl\/wp-content\/uploads\/2025\/01\/Ferie-\u2013-czas-odpoczynku-i-zmian-2-scaled.jpg'><img loading=\"lazy\" decoding=\"async\" width=\"200\" height=\"200\" src=\"https:\/\/www.sosw.elblag.com.pl\/wp-content\/uploads\/2025\/01\/Ferie-\u2013-czas-odpoczynku-i-zmian-2-200x200.jpg\" class=\"attachment-thumbnail size-thumbnail\" alt=\"\" \/><\/a>\n\t\t\t<\/dt><\/dl><br style=\"clear: both\" \/><dl class='gallery-item'>\n\t\t\t<dt class='gallery-icon portrait'>\n\t\t\t\t<a title=\"Ferie \u2013 czas odpoczynku i zmian (3)\" href='https:\/\/www.sosw.elblag.com.pl\/wp-content\/uploads\/2025\/01\/Ferie-\u2013-czas-odpoczynku-i-zmian-3-scaled.jpg'><img loading=\"lazy\" decoding=\"async\" width=\"200\" height=\"200\" src=\"https:\/\/www.sosw.elblag.com.pl\/wp-content\/uploads\/2025\/01\/Ferie-\u2013-czas-odpoczynku-i-zmian-3-200x200.jpg\" class=\"attachment-thumbnail size-thumbnail\" alt=\"\" \/><\/a>\n\t\t\t<\/dt><\/dl><dl class='gallery-item'>\n\t\t\t<dt class='gallery-icon portrait'>\n\t\t\t\t<a title=\"Ferie \u2013 czas odpoczynku i zmian (4)\" href='https:\/\/www.sosw.elblag.com.pl\/wp-content\/uploads\/2025\/01\/Ferie-\u2013-czas-odpoczynku-i-zmian-4-scaled.jpg'><img loading=\"lazy\" decoding=\"async\" width=\"200\" height=\"200\" src=\"https:\/\/www.sosw.elblag.com.pl\/wp-content\/uploads\/2025\/01\/Ferie-\u2013-czas-odpoczynku-i-zmian-4-200x200.jpg\" class=\"attachment-thumbnail size-thumbnail\" alt=\"\" \/><\/a>\n\t\t\t<\/dt><\/dl><br style=\"clear: both\" \/>\n\t\t<\/div>\n\n<\/div>\n<\/div>\n<\/div>\n<\/div>\n<\/div>\n<\/div>\n","protected":false},"excerpt":{"rendered":"<p>Okres wakacji i ferii to doskona\u0142y czas na odpoczynek, regeneracj\u0119 si\u0142 oraz na dystans do codziennych obowi\u0105zk\u00f3w zawodowych oraz szkolnych. Ale jest <a class=\"more-link\" href=\"https:\/\/www.sosw.elblag.com.pl\/index.php\/2025\/01\/29\/ferie-czas-odpoczynku-i-zmian\/\">Czytaj dalej&#8230;<\/a><\/p>\n","protected":false},"author":1,"featured_media":57078,"comment_status":"closed","ping_status":"closed","sticky":false,"template":"","format":"standard","meta":{"footnotes":""},"categories":[74],"tags":[],"class_list":["post-57076","post","type-post","status-publish","format-standard","has-post-thumbnail","hentry","category-z-zycia-osrodka-2024-2025"],"_links":{"self":[{"href":"https:\/\/www.sosw.elblag.com.pl\/index.php\/wp-json\/wp\/v2\/posts\/57076","targetHints":{"allow":["GET"]}}],"collection":[{"href":"https:\/\/www.sosw.elblag.com.pl\/index.php\/wp-json\/wp\/v2\/posts"}],"about":[{"href":"https:\/\/www.sosw.elblag.com.pl\/index.php\/wp-json\/wp\/v2\/types\/post"}],"author":[{"embeddable":true,"href":"https:\/\/www.sosw.elblag.com.pl\/index.php\/wp-json\/wp\/v2\/users\/1"}],"replies":[{"embeddable":true,"href":"https:\/\/www.sosw.elblag.com.pl\/index.php\/wp-json\/wp\/v2\/comments?post=57076"}],"version-history":[{"count":1,"href":"https:\/\/www.sosw.elblag.com.pl\/index.php\/wp-json\/wp\/v2\/posts\/57076\/revisions"}],"predecessor-version":[{"id":57081,"href":"https:\/\/www.sosw.elblag.com.pl\/index.php\/wp-json\/wp\/v2\/posts\/57076\/revisions\/57081"}],"wp:featuredmedia":[{"embeddable":true,"href":"https:\/\/www.sosw.elblag.com.pl\/index.php\/wp-json\/wp\/v2\/media\/57078"}],"wp:attachment":[{"href":"https:\/\/www.sosw.elblag.com.pl\/index.php\/wp-json\/wp\/v2\/media?parent=57076"}],"wp:term":[{"taxonomy":"category","embeddable":true,"href":"https:\/\/www.sosw.elblag.com.pl\/index.php\/wp-json\/wp\/v2\/categories?post=57076"},{"taxonomy":"post_tag","embeddable":true,"href":"https:\/\/www.sosw.elblag.com.pl\/index.php\/wp-json\/wp\/v2\/tags?post=57076"}],"curies":[{"name":"wp","href":"https:\/\/api.w.org\/{rel}","templated":true}]}}