{"id":56960,"date":"2025-01-24T10:39:42","date_gmt":"2025-01-24T09:39:42","guid":{"rendered":"http:\/\/www.sosw.elblag.com.pl\/?p=56960"},"modified":"2025-01-24T10:39:42","modified_gmt":"2025-01-24T09:39:42","slug":"bezpieczenstwo-na-feriach-zimowych-spotkanie-z-przedstawicielkami-strazy-miejskiej","status":"publish","type":"post","link":"https:\/\/www.sosw.elblag.com.pl\/index.php\/2025\/01\/24\/bezpieczenstwo-na-feriach-zimowych-spotkanie-z-przedstawicielkami-strazy-miejskiej\/","title":{"rendered":"\u201eBezpiecze\u0144stwo na feriach zimowych&#8221; \u2013 Spotkanie z przedstawicielkami Stra\u017cy Miejskiej"},"content":{"rendered":"<p style=\"text-align: justify;\">24 stycznia odby\u0142y si\u0119 zaj\u0119cia profilaktyczne dla uczni\u00f3w klas 4-8 SP, podczas kt\u00f3rych przedstawicielki Stra\u017cy Miejskiej opowiada\u0142y o zasadach bezpiecze\u0144stwa w czasie ferii zimowych. Podczas spotkania uczniowie dowiedzieli si\u0119 o istotnych zasadach dotycz\u0105cych bezpiecznego zachowania, w tym m.in. w\u0142a\u015bciwego kontaktu z nieznajomymi oraz bezpiecze\u0144stwa podczas zabaw na \u015bniegu. Stra\u017cniczki przypomnia\u0142y r\u00f3wnie\u017c o numerach alarmowych, kt\u00f3re mog\u0105 okaza\u0107 si\u0119 niezb\u0119dne w sytuacjach kryzysowych.<\/p>\n<p style=\"text-align: justify;\">Ponadto, szczeg\u00f3ln\u0105 uwag\u0119 po\u015bwi\u0119ci\u0142y konieczno\u015bci noszenia odblask\u00f3w, kt\u00f3re poprawiaj\u0105 widoczno\u015b\u0107 na drodze, zw\u0142aszcza w okresie zimowym, gdy dni s\u0105 kr\u00f3tkie, a warunki pogodowe mog\u0105 utrudnia\u0107 zauwa\u017cenie pieszych. Przypomniano, jak wa\u017cne jest dbanie o w\u0142asne bezpiecze\u0144stwo, zw\u0142aszcza w sytuacjach, gdy poruszamy si\u0119 po zmroku.<\/p>\n\n\t\t<style type=\"text\/css\">\n\t\t\t#gallery-1 {\n\t\t\t\tmargin: auto;\n\t\t\t}\n\t\t\t#gallery-1 .gallery-item {\n\t\t\t\tfloat: left;\n\t\t\t\tmargin-top: 10px;\n\t\t\t\ttext-align: center;\n\t\t\t\twidth: 50%;\n\t\t\t}\n\t\t\t#gallery-1 img {\n\t\t\t\tborder: 2px solid #cfcfcf;\n\t\t\t}\n\t\t\t#gallery-1 .gallery-caption {\n\t\t\t\tmargin-left: 0;\n\t\t\t}\n\t\t\t\/* see gallery_shortcode() in wp-includes\/media.php *\/\n\t\t<\/style>\n\t\t<div id='gallery-1' class='gallery galleryid-56960 gallery-columns-2 gallery-size-thumbnail'><dl class='gallery-item'>\n\t\t\t<dt class='gallery-icon landscape'>\n\t\t\t\t<a title=\"bezpieczenstwo-w-czasie-ferii\" href='https:\/\/www.sosw.elblag.com.pl\/wp-content\/uploads\/2025\/01\/bezpieczenstwo-w-czasie-ferii-scaled.jpg'><img loading=\"lazy\" decoding=\"async\" width=\"200\" height=\"200\" src=\"https:\/\/www.sosw.elblag.com.pl\/wp-content\/uploads\/2025\/01\/bezpieczenstwo-w-czasie-ferii-200x200.jpg\" class=\"attachment-thumbnail size-thumbnail\" alt=\"\" \/><\/a>\n\t\t\t<\/dt><\/dl><dl class='gallery-item'>\n\t\t\t<dt class='gallery-icon portrait'>\n\t\t\t\t<a title=\"bezpieczne-ferie-spotkanie-ze-SM\" href='https:\/\/www.sosw.elblag.com.pl\/wp-content\/uploads\/2025\/01\/bezpieczne-ferie-spotkanie-ze-SM-scaled.jpg'><img loading=\"lazy\" decoding=\"async\" width=\"200\" height=\"200\" src=\"https:\/\/www.sosw.elblag.com.pl\/wp-content\/uploads\/2025\/01\/bezpieczne-ferie-spotkanie-ze-SM-200x200.jpg\" class=\"attachment-thumbnail size-thumbnail\" alt=\"\" \/><\/a>\n\t\t\t<\/dt><\/dl><br style=\"clear: both\" \/><dl class='gallery-item'>\n\t\t\t<dt class='gallery-icon landscape'>\n\t\t\t\t<a title=\"bezpieczne-ferie-zajecia\" href='https:\/\/www.sosw.elblag.com.pl\/wp-content\/uploads\/2025\/01\/bezpieczne-ferie-zajecia-scaled.jpg'><img loading=\"lazy\" decoding=\"async\" width=\"200\" height=\"200\" src=\"https:\/\/www.sosw.elblag.com.pl\/wp-content\/uploads\/2025\/01\/bezpieczne-ferie-zajecia-200x200.jpg\" class=\"attachment-thumbnail size-thumbnail\" alt=\"\" \/><\/a>\n\t\t\t<\/dt><\/dl><dl class='gallery-item'>\n\t\t\t<dt class='gallery-icon landscape'>\n\t\t\t\t<a title=\"jak-bezpiecznie-spedzic-ferie\" href='https:\/\/www.sosw.elblag.com.pl\/wp-content\/uploads\/2025\/01\/jak-bezpiecznie-spedzic-ferie-scaled.jpg'><img loading=\"lazy\" decoding=\"async\" width=\"200\" height=\"200\" src=\"https:\/\/www.sosw.elblag.com.pl\/wp-content\/uploads\/2025\/01\/jak-bezpiecznie-spedzic-ferie-200x200.jpg\" class=\"attachment-thumbnail size-thumbnail\" alt=\"\" \/><\/a>\n\t\t\t<\/dt><\/dl><br style=\"clear: both\" \/><dl class='gallery-item'>\n\t\t\t<dt class='gallery-icon landscape'>\n\t\t\t\t<a title=\"STraz-Miejska-bezpieczne-ferie\" href='https:\/\/www.sosw.elblag.com.pl\/wp-content\/uploads\/2025\/01\/STraz-Miejska-bezpieczne-ferie-scaled.jpg'><img loading=\"lazy\" decoding=\"async\" width=\"200\" height=\"200\" src=\"https:\/\/www.sosw.elblag.com.pl\/wp-content\/uploads\/2025\/01\/STraz-Miejska-bezpieczne-ferie-200x200.jpg\" class=\"attachment-thumbnail size-thumbnail\" alt=\"\" \/><\/a>\n\t\t\t<\/dt><\/dl><dl class='gallery-item'>\n\t\t\t<dt class='gallery-icon landscape'>\n\t\t\t\t<a title=\"zajecia-profilaktyczne\" href='https:\/\/www.sosw.elblag.com.pl\/wp-content\/uploads\/2025\/01\/zajecia-profilaktyczne-scaled.jpg'><img loading=\"lazy\" decoding=\"async\" width=\"200\" height=\"200\" src=\"https:\/\/www.sosw.elblag.com.pl\/wp-content\/uploads\/2025\/01\/zajecia-profilaktyczne-200x200.jpg\" class=\"attachment-thumbnail size-thumbnail\" alt=\"\" \/><\/a>\n\t\t\t<\/dt><\/dl><br style=\"clear: both\" \/>\n\t\t<\/div>\n\n","protected":false},"excerpt":{"rendered":"<p>24 stycznia odby\u0142y si\u0119 zaj\u0119cia profilaktyczne dla uczni\u00f3w klas 4-8 SP, podczas kt\u00f3rych przedstawicielki Stra\u017cy Miejskiej opowiada\u0142y o zasadach bezpiecze\u0144stwa w czasie <a class=\"more-link\" href=\"https:\/\/www.sosw.elblag.com.pl\/index.php\/2025\/01\/24\/bezpieczenstwo-na-feriach-zimowych-spotkanie-z-przedstawicielkami-strazy-miejskiej\/\">Czytaj dalej&#8230;<\/a><\/p>\n","protected":false},"author":1,"featured_media":56966,"comment_status":"closed","ping_status":"closed","sticky":false,"template":"","format":"standard","meta":{"footnotes":""},"categories":[74],"tags":[],"class_list":["post-56960","post","type-post","status-publish","format-standard","has-post-thumbnail","hentry","category-z-zycia-osrodka-2024-2025"],"_links":{"self":[{"href":"https:\/\/www.sosw.elblag.com.pl\/index.php\/wp-json\/wp\/v2\/posts\/56960","targetHints":{"allow":["GET"]}}],"collection":[{"href":"https:\/\/www.sosw.elblag.com.pl\/index.php\/wp-json\/wp\/v2\/posts"}],"about":[{"href":"https:\/\/www.sosw.elblag.com.pl\/index.php\/wp-json\/wp\/v2\/types\/post"}],"author":[{"embeddable":true,"href":"https:\/\/www.sosw.elblag.com.pl\/index.php\/wp-json\/wp\/v2\/users\/1"}],"replies":[{"embeddable":true,"href":"https:\/\/www.sosw.elblag.com.pl\/index.php\/wp-json\/wp\/v2\/comments?post=56960"}],"version-history":[{"count":1,"href":"https:\/\/www.sosw.elblag.com.pl\/index.php\/wp-json\/wp\/v2\/posts\/56960\/revisions"}],"predecessor-version":[{"id":56967,"href":"https:\/\/www.sosw.elblag.com.pl\/index.php\/wp-json\/wp\/v2\/posts\/56960\/revisions\/56967"}],"wp:featuredmedia":[{"embeddable":true,"href":"https:\/\/www.sosw.elblag.com.pl\/index.php\/wp-json\/wp\/v2\/media\/56966"}],"wp:attachment":[{"href":"https:\/\/www.sosw.elblag.com.pl\/index.php\/wp-json\/wp\/v2\/media?parent=56960"}],"wp:term":[{"taxonomy":"category","embeddable":true,"href":"https:\/\/www.sosw.elblag.com.pl\/index.php\/wp-json\/wp\/v2\/categories?post=56960"},{"taxonomy":"post_tag","embeddable":true,"href":"https:\/\/www.sosw.elblag.com.pl\/index.php\/wp-json\/wp\/v2\/tags?post=56960"}],"curies":[{"name":"wp","href":"https:\/\/api.w.org\/{rel}","templated":true}]}}