{"id":56928,"date":"2025-01-24T07:18:01","date_gmt":"2025-01-24T06:18:01","guid":{"rendered":"http:\/\/www.sosw.elblag.com.pl\/?p=56928"},"modified":"2025-01-24T07:19:51","modified_gmt":"2025-01-24T06:19:51","slug":"bal-karnawalowy-w-naszym-przedszkolu","status":"publish","type":"post","link":"https:\/\/www.sosw.elblag.com.pl\/index.php\/2025\/01\/24\/bal-karnawalowy-w-naszym-przedszkolu\/","title":{"rendered":"Bal karnawa\u0142owy w naszym przedszkolu"},"content":{"rendered":"<p style=\"text-align: justify;\">Bal karnawa\u0142owy dla przedszkolak\u00f3w to dzie\u0144 niezwyk\u0142y, cz\u0119sto wyczekiwany przez wiele tygodni. Jest atrakcj\u0105 bardzo lubian\u0105 przez dzieci, dostarczaj\u0105c\u0105 im wielu prze\u017cy\u0107\u00a0i rado\u015bci. Tak te\u017c by\u0142o w naszym przedszkolu 23 stycznia 2025 r. Dzieci przebrane by\u0142y za bohater\u00f3w znanych bajek,\u00a0w sali przedszkolnej mo\u017cna by\u0142o spotka\u0107 wr\u00f3\u017cki, ksi\u0119\u017cniczki, super-mena, tygryska, policjanta , nie spos\u00f3b zliczy\u0107 i wymieni\u0107 tych wszystkich postaci. Wystr\u00f3j sali wprowadzi\u0142\u00a0w radosny nastr\u00f3j oraz zach\u0119ca\u0142 wszystkich do weso\u0142ej zabawy. Przedszkolaki \u015bwietnie bawi\u0142y si\u0119 w rytm muzyki porywaj\u0105cej do ta\u0144ca. Bal umo\u017cliwi\u0142 dzieciom\u00a0i wychowawcom sp\u0119dzenie czasu w mi\u0142ej atmosferze oraz integracj\u0119 dzieci z ca\u0142ego przedszkola. Dzi\u0119kujemy Rodzicom przedszkolak\u00f3w za przygotowanie stroj\u00f3w karnawa\u0142owych dla dzieci oraz naszej kole\u017cance Justynie animatorce z firmy ,,ARTinka\u201d -malowanie twarzy i atrakcje eventowe za fantastyczn\u0105 zabaw\u0119.<\/p>\n<p>Organizatorzy: Katarzyna Filip i Gra\u017cyna Koz\u0142owska<\/p>\n\n\t\t<style type=\"text\/css\">\n\t\t\t#gallery-1 {\n\t\t\t\tmargin: auto;\n\t\t\t}\n\t\t\t#gallery-1 .gallery-item {\n\t\t\t\tfloat: left;\n\t\t\t\tmargin-top: 10px;\n\t\t\t\ttext-align: center;\n\t\t\t\twidth: 33%;\n\t\t\t}\n\t\t\t#gallery-1 img {\n\t\t\t\tborder: 2px solid #cfcfcf;\n\t\t\t}\n\t\t\t#gallery-1 .gallery-caption {\n\t\t\t\tmargin-left: 0;\n\t\t\t}\n\t\t\t\/* see gallery_shortcode() in wp-includes\/media.php *\/\n\t\t<\/style>\n\t\t<div id='gallery-1' class='gallery galleryid-56928 gallery-columns-3 gallery-size-thumbnail'><dl class='gallery-item'>\n\t\t\t<dt class='gallery-icon portrait'>\n\t\t\t\t<a title=\"Bal karnawa\u0142owy w naszym przedszkolu (1)\" href='https:\/\/www.sosw.elblag.com.pl\/wp-content\/uploads\/2025\/01\/Bal-karnawalowy-w-naszym-przedszkolu-1.jpg'><img loading=\"lazy\" decoding=\"async\" width=\"200\" height=\"200\" src=\"https:\/\/www.sosw.elblag.com.pl\/wp-content\/uploads\/2025\/01\/Bal-karnawalowy-w-naszym-przedszkolu-1-200x200.jpg\" class=\"attachment-thumbnail size-thumbnail\" alt=\"\" \/><\/a>\n\t\t\t<\/dt><\/dl><dl class='gallery-item'>\n\t\t\t<dt class='gallery-icon portrait'>\n\t\t\t\t<a title=\"Bal karnawa\u0142owy w naszym przedszkolu (2)\" href='https:\/\/www.sosw.elblag.com.pl\/wp-content\/uploads\/2025\/01\/Bal-karnawalowy-w-naszym-przedszkolu-2.jpg'><img loading=\"lazy\" decoding=\"async\" width=\"200\" height=\"200\" src=\"https:\/\/www.sosw.elblag.com.pl\/wp-content\/uploads\/2025\/01\/Bal-karnawalowy-w-naszym-przedszkolu-2-200x200.jpg\" class=\"attachment-thumbnail size-thumbnail\" alt=\"\" \/><\/a>\n\t\t\t<\/dt><\/dl><dl class='gallery-item'>\n\t\t\t<dt class='gallery-icon portrait'>\n\t\t\t\t<a title=\"Bal karnawa\u0142owy w naszym przedszkolu (3)\" href='https:\/\/www.sosw.elblag.com.pl\/wp-content\/uploads\/2025\/01\/Bal-karnawalowy-w-naszym-przedszkolu-3.jpg'><img loading=\"lazy\" decoding=\"async\" width=\"200\" height=\"200\" src=\"https:\/\/www.sosw.elblag.com.pl\/wp-content\/uploads\/2025\/01\/Bal-karnawalowy-w-naszym-przedszkolu-3-200x200.jpg\" class=\"attachment-thumbnail size-thumbnail\" alt=\"\" \/><\/a>\n\t\t\t<\/dt><\/dl><br style=\"clear: both\" \/><dl class='gallery-item'>\n\t\t\t<dt class='gallery-icon portrait'>\n\t\t\t\t<a title=\"Bal karnawa\u0142owy w naszym przedszkolu (4)\" href='https:\/\/www.sosw.elblag.com.pl\/wp-content\/uploads\/2025\/01\/Bal-karnawalowy-w-naszym-przedszkolu-4.jpg'><img loading=\"lazy\" decoding=\"async\" width=\"200\" height=\"200\" src=\"https:\/\/www.sosw.elblag.com.pl\/wp-content\/uploads\/2025\/01\/Bal-karnawalowy-w-naszym-przedszkolu-4-200x200.jpg\" class=\"attachment-thumbnail size-thumbnail\" alt=\"\" \/><\/a>\n\t\t\t<\/dt><\/dl><dl class='gallery-item'>\n\t\t\t<dt class='gallery-icon portrait'>\n\t\t\t\t<a title=\"Bal karnawa\u0142owy w naszym przedszkolu (5)\" href='https:\/\/www.sosw.elblag.com.pl\/wp-content\/uploads\/2025\/01\/Bal-karnawalowy-w-naszym-przedszkolu-5.jpg'><img loading=\"lazy\" decoding=\"async\" width=\"200\" height=\"200\" src=\"https:\/\/www.sosw.elblag.com.pl\/wp-content\/uploads\/2025\/01\/Bal-karnawalowy-w-naszym-przedszkolu-5-200x200.jpg\" class=\"attachment-thumbnail size-thumbnail\" alt=\"\" \/><\/a>\n\t\t\t<\/dt><\/dl><dl class='gallery-item'>\n\t\t\t<dt class='gallery-icon portrait'>\n\t\t\t\t<a title=\"Bal karnawa\u0142owy w naszym przedszkolu (6)\" href='https:\/\/www.sosw.elblag.com.pl\/wp-content\/uploads\/2025\/01\/Bal-karnawalowy-w-naszym-przedszkolu-6.jpg'><img loading=\"lazy\" decoding=\"async\" width=\"200\" height=\"200\" src=\"https:\/\/www.sosw.elblag.com.pl\/wp-content\/uploads\/2025\/01\/Bal-karnawalowy-w-naszym-przedszkolu-6-200x200.jpg\" class=\"attachment-thumbnail size-thumbnail\" alt=\"\" \/><\/a>\n\t\t\t<\/dt><\/dl><br style=\"clear: both\" \/><dl class='gallery-item'>\n\t\t\t<dt class='gallery-icon portrait'>\n\t\t\t\t<a title=\"Bal karnawa\u0142owy w naszym przedszkolu (7)\" href='https:\/\/www.sosw.elblag.com.pl\/wp-content\/uploads\/2025\/01\/Bal-karnawalowy-w-naszym-przedszkolu-7.jpg'><img loading=\"lazy\" decoding=\"async\" width=\"200\" height=\"200\" src=\"https:\/\/www.sosw.elblag.com.pl\/wp-content\/uploads\/2025\/01\/Bal-karnawalowy-w-naszym-przedszkolu-7-200x200.jpg\" class=\"attachment-thumbnail size-thumbnail\" alt=\"\" \/><\/a>\n\t\t\t<\/dt><\/dl><dl class='gallery-item'>\n\t\t\t<dt class='gallery-icon portrait'>\n\t\t\t\t<a title=\"Bal karnawa\u0142owy w naszym przedszkolu (8)\" href='https:\/\/www.sosw.elblag.com.pl\/wp-content\/uploads\/2025\/01\/Bal-karnawalowy-w-naszym-przedszkolu-8.jpg'><img loading=\"lazy\" decoding=\"async\" width=\"200\" height=\"200\" src=\"https:\/\/www.sosw.elblag.com.pl\/wp-content\/uploads\/2025\/01\/Bal-karnawalowy-w-naszym-przedszkolu-8-200x200.jpg\" class=\"attachment-thumbnail size-thumbnail\" alt=\"\" \/><\/a>\n\t\t\t<\/dt><\/dl><dl class='gallery-item'>\n\t\t\t<dt class='gallery-icon portrait'>\n\t\t\t\t<a title=\"Bal karnawa\u0142owy w naszym przedszkolu (9)\" href='https:\/\/www.sosw.elblag.com.pl\/wp-content\/uploads\/2025\/01\/Bal-karnawalowy-w-naszym-przedszkolu-9.jpg'><img loading=\"lazy\" decoding=\"async\" width=\"200\" height=\"200\" src=\"https:\/\/www.sosw.elblag.com.pl\/wp-content\/uploads\/2025\/01\/Bal-karnawalowy-w-naszym-przedszkolu-9-200x200.jpg\" class=\"attachment-thumbnail size-thumbnail\" alt=\"\" \/><\/a>\n\t\t\t<\/dt><\/dl><br style=\"clear: both\" \/><dl class='gallery-item'>\n\t\t\t<dt class='gallery-icon portrait'>\n\t\t\t\t<a title=\"Bal karnawa\u0142owy w naszym przedszkolu (10)\" href='https:\/\/www.sosw.elblag.com.pl\/wp-content\/uploads\/2025\/01\/Bal-karnawalowy-w-naszym-przedszkolu-10.jpg'><img loading=\"lazy\" decoding=\"async\" width=\"200\" height=\"200\" src=\"https:\/\/www.sosw.elblag.com.pl\/wp-content\/uploads\/2025\/01\/Bal-karnawalowy-w-naszym-przedszkolu-10-200x200.jpg\" class=\"attachment-thumbnail size-thumbnail\" alt=\"\" \/><\/a>\n\t\t\t<\/dt><\/dl><dl class='gallery-item'>\n\t\t\t<dt class='gallery-icon portrait'>\n\t\t\t\t<a title=\"Bal karnawa\u0142owy w naszym przedszkolu (11)\" href='https:\/\/www.sosw.elblag.com.pl\/wp-content\/uploads\/2025\/01\/Bal-karnawalowy-w-naszym-przedszkolu-11.jpg'><img loading=\"lazy\" decoding=\"async\" width=\"200\" height=\"200\" src=\"https:\/\/www.sosw.elblag.com.pl\/wp-content\/uploads\/2025\/01\/Bal-karnawalowy-w-naszym-przedszkolu-11-200x200.jpg\" class=\"attachment-thumbnail size-thumbnail\" alt=\"\" \/><\/a>\n\t\t\t<\/dt><\/dl><dl class='gallery-item'>\n\t\t\t<dt class='gallery-icon portrait'>\n\t\t\t\t<a title=\"Bal karnawa\u0142owy w naszym przedszkolu (12)\" href='https:\/\/www.sosw.elblag.com.pl\/wp-content\/uploads\/2025\/01\/Bal-karnawalowy-w-naszym-przedszkolu-12.jpg'><img loading=\"lazy\" decoding=\"async\" width=\"200\" height=\"200\" src=\"https:\/\/www.sosw.elblag.com.pl\/wp-content\/uploads\/2025\/01\/Bal-karnawalowy-w-naszym-przedszkolu-12-200x200.jpg\" class=\"attachment-thumbnail size-thumbnail\" alt=\"\" \/><\/a>\n\t\t\t<\/dt><\/dl><br style=\"clear: both\" \/><dl class='gallery-item'>\n\t\t\t<dt class='gallery-icon landscape'>\n\t\t\t\t<a title=\"Bal karnawa\u0142owy w naszym przedszkolu (13)\" href='https:\/\/www.sosw.elblag.com.pl\/wp-content\/uploads\/2025\/01\/Bal-karnawalowy-w-naszym-przedszkolu-13.jpg'><img loading=\"lazy\" decoding=\"async\" width=\"200\" height=\"200\" src=\"https:\/\/www.sosw.elblag.com.pl\/wp-content\/uploads\/2025\/01\/Bal-karnawalowy-w-naszym-przedszkolu-13-200x200.jpg\" class=\"attachment-thumbnail size-thumbnail\" alt=\"\" \/><\/a>\n\t\t\t<\/dt><\/dl><dl class='gallery-item'>\n\t\t\t<dt class='gallery-icon portrait'>\n\t\t\t\t<a title=\"Bal karnawa\u0142owy w naszym przedszkolu (14)\" href='https:\/\/www.sosw.elblag.com.pl\/wp-content\/uploads\/2025\/01\/Bal-karnawalowy-w-naszym-przedszkolu-14.jpg'><img loading=\"lazy\" decoding=\"async\" width=\"200\" height=\"200\" src=\"https:\/\/www.sosw.elblag.com.pl\/wp-content\/uploads\/2025\/01\/Bal-karnawalowy-w-naszym-przedszkolu-14-200x200.jpg\" class=\"attachment-thumbnail size-thumbnail\" alt=\"\" \/><\/a>\n\t\t\t<\/dt><\/dl><dl class='gallery-item'>\n\t\t\t<dt class='gallery-icon portrait'>\n\t\t\t\t<a title=\"Bal karnawa\u0142owy w naszym przedszkolu (15)\" href='https:\/\/www.sosw.elblag.com.pl\/wp-content\/uploads\/2025\/01\/Bal-karnawalowy-w-naszym-przedszkolu-15.jpg'><img loading=\"lazy\" decoding=\"async\" width=\"200\" height=\"200\" src=\"https:\/\/www.sosw.elblag.com.pl\/wp-content\/uploads\/2025\/01\/Bal-karnawalowy-w-naszym-przedszkolu-15-200x200.jpg\" class=\"attachment-thumbnail size-thumbnail\" alt=\"\" \/><\/a>\n\t\t\t<\/dt><\/dl><br style=\"clear: both\" \/><dl class='gallery-item'>\n\t\t\t<dt class='gallery-icon portrait'>\n\t\t\t\t<a title=\"Bal karnawa\u0142owy w naszym przedszkolu (16)\" href='https:\/\/www.sosw.elblag.com.pl\/wp-content\/uploads\/2025\/01\/Bal-karnawalowy-w-naszym-przedszkolu-16.jpg'><img loading=\"lazy\" decoding=\"async\" width=\"200\" height=\"200\" src=\"https:\/\/www.sosw.elblag.com.pl\/wp-content\/uploads\/2025\/01\/Bal-karnawalowy-w-naszym-przedszkolu-16-200x200.jpg\" class=\"attachment-thumbnail size-thumbnail\" alt=\"\" \/><\/a>\n\t\t\t<\/dt><\/dl><dl class='gallery-item'>\n\t\t\t<dt class='gallery-icon portrait'>\n\t\t\t\t<a title=\"Bal karnawa\u0142owy w naszym przedszkolu (17)\" href='https:\/\/www.sosw.elblag.com.pl\/wp-content\/uploads\/2025\/01\/Bal-karnawalowy-w-naszym-przedszkolu-17.jpg'><img loading=\"lazy\" decoding=\"async\" width=\"200\" height=\"200\" src=\"https:\/\/www.sosw.elblag.com.pl\/wp-content\/uploads\/2025\/01\/Bal-karnawalowy-w-naszym-przedszkolu-17-200x200.jpg\" class=\"attachment-thumbnail size-thumbnail\" alt=\"\" \/><\/a>\n\t\t\t<\/dt><\/dl><dl class='gallery-item'>\n\t\t\t<dt class='gallery-icon portrait'>\n\t\t\t\t<a title=\"Bal karnawa\u0142owy w naszym przedszkolu (18)\" href='https:\/\/www.sosw.elblag.com.pl\/wp-content\/uploads\/2025\/01\/Bal-karnawalowy-w-naszym-przedszkolu-18.jpg'><img loading=\"lazy\" decoding=\"async\" width=\"200\" height=\"200\" src=\"https:\/\/www.sosw.elblag.com.pl\/wp-content\/uploads\/2025\/01\/Bal-karnawalowy-w-naszym-przedszkolu-18-200x200.jpg\" class=\"attachment-thumbnail size-thumbnail\" alt=\"\" \/><\/a>\n\t\t\t<\/dt><\/dl><br style=\"clear: both\" \/>\n\t\t<\/div>\n\n","protected":false},"excerpt":{"rendered":"<p>Bal karnawa\u0142owy dla przedszkolak\u00f3w to dzie\u0144 niezwyk\u0142y, cz\u0119sto wyczekiwany przez wiele tygodni. Jest atrakcj\u0105 bardzo lubian\u0105 przez dzieci, dostarczaj\u0105c\u0105 im wielu prze\u017cy\u0107\u00a0i <a class=\"more-link\" href=\"https:\/\/www.sosw.elblag.com.pl\/index.php\/2025\/01\/24\/bal-karnawalowy-w-naszym-przedszkolu\/\">Czytaj dalej&#8230;<\/a><\/p>\n","protected":false},"author":1,"featured_media":56939,"comment_status":"closed","ping_status":"closed","sticky":false,"template":"","format":"standard","meta":{"footnotes":""},"categories":[75],"tags":[],"class_list":["post-56928","post","type-post","status-publish","format-standard","has-post-thumbnail","hentry","category-punkt-przedszkolny-2024-2025"],"_links":{"self":[{"href":"https:\/\/www.sosw.elblag.com.pl\/index.php\/wp-json\/wp\/v2\/posts\/56928","targetHints":{"allow":["GET"]}}],"collection":[{"href":"https:\/\/www.sosw.elblag.com.pl\/index.php\/wp-json\/wp\/v2\/posts"}],"about":[{"href":"https:\/\/www.sosw.elblag.com.pl\/index.php\/wp-json\/wp\/v2\/types\/post"}],"author":[{"embeddable":true,"href":"https:\/\/www.sosw.elblag.com.pl\/index.php\/wp-json\/wp\/v2\/users\/1"}],"replies":[{"embeddable":true,"href":"https:\/\/www.sosw.elblag.com.pl\/index.php\/wp-json\/wp\/v2\/comments?post=56928"}],"version-history":[{"count":1,"href":"https:\/\/www.sosw.elblag.com.pl\/index.php\/wp-json\/wp\/v2\/posts\/56928\/revisions"}],"predecessor-version":[{"id":56947,"href":"https:\/\/www.sosw.elblag.com.pl\/index.php\/wp-json\/wp\/v2\/posts\/56928\/revisions\/56947"}],"wp:featuredmedia":[{"embeddable":true,"href":"https:\/\/www.sosw.elblag.com.pl\/index.php\/wp-json\/wp\/v2\/media\/56939"}],"wp:attachment":[{"href":"https:\/\/www.sosw.elblag.com.pl\/index.php\/wp-json\/wp\/v2\/media?parent=56928"}],"wp:term":[{"taxonomy":"category","embeddable":true,"href":"https:\/\/www.sosw.elblag.com.pl\/index.php\/wp-json\/wp\/v2\/categories?post=56928"},{"taxonomy":"post_tag","embeddable":true,"href":"https:\/\/www.sosw.elblag.com.pl\/index.php\/wp-json\/wp\/v2\/tags?post=56928"}],"curies":[{"name":"wp","href":"https:\/\/api.w.org\/{rel}","templated":true}]}}