{"id":50911,"date":"2024-03-01T13:15:58","date_gmt":"2024-03-01T12:15:58","guid":{"rendered":"http:\/\/www.sosw.elblag.com.pl\/?p=50911"},"modified":"2024-03-01T13:15:58","modified_gmt":"2024-03-01T12:15:58","slug":"dzien-niedzwiedzia-polarnego-swietliczaki-ratuja-swiat","status":"publish","type":"post","link":"https:\/\/www.sosw.elblag.com.pl\/index.php\/2024\/03\/01\/dzien-niedzwiedzia-polarnego-swietliczaki-ratuja-swiat\/","title":{"rendered":"Dzie\u0144 Nied\u017awiedzia Polarnego \u015awietliczaki ratuj\u0105 \u015bwiat!!!"},"content":{"rendered":"<p style=\"text-align: justify;\"><em>Ostatni tydzie\u0144 lutego obfitowa\u0142 wieloma nietypowymi \u015bwi\u0119tami. Od kilku lat korzystamy z tego kalendarza i \u015bwietnie si\u0119 przy tym bawimy.<\/em><\/p>\n<p style=\"text-align: justify;\"><em>Na ten tydzie\u0144 przypada\u0142y mi\u0119dzy innymi Dzie\u0144 Kabanosa, Dzie\u0144 Tosta, Dzie\u0144 Niespodziewanego Ca\u0142usa, Dzie\u0144 Pomocy Potrzebuj\u0105cym, Dzie\u0144 \u017baby i wiele innych. Dzieci w \u015bwietlicy skupi\u0142y si\u0119 na Dniu Nied\u017awiedzia Polarnego. <\/em><\/p>\n<p style=\"text-align: justify;\"><em>W ramach akcji pod nazw\u0105 \u201e<strong>Ca\u0142a Polska czyta dzieciom<\/strong>\u201d, nauczyciele \u015bwietlicy przygotowali zaj\u0119cia tematyczne oraz wiele atrakcji, by stosownie uczci\u0107 ten dzie\u0144. Najwa\u017cniejszym zadaniem by\u0142o u\u015bwiadomienie dzieciom, jak bardzo wa\u017cne jest dbanie o nasz\u0105 planet\u0119 oraz jakie nieodwracalne skutki przynosi globalne ocieplenie.<\/em><\/p>\n<p style=\"text-align: justify;\"><em>Dzieci \u015bledzi\u0142y losy nied\u017awiedzia, jego zwyczaje i naturalne \u015brodowisko. Na podstawie czytanego opowiadania, dzieci pracowa\u0142y z kartami pracy,\u00a0 przygotowa\u0142y plakaty informacyjne nawo\u0142uj\u0105ce doros\u0142ych do zadbania o nasze \u015brodowisko. <\/em><\/p>\n<p style=\"text-align: justify;\"><em>W my\u015bl s\u0142\u00f3w Antoine M. R. de Saint-Exup\u00e9ry \u201eZiemi nie dziedziczymy po naszych rodzicach, po\u017cyczamy j\u0105 od naszych dzieci\u201d. Zadbajmy o to, by zostawi\u0107 po sobie nie tylko wspomnienie, ale r\u00f3wnie\u017c bezpieczn\u0105 i czyst\u0105 planet\u0119. <\/em><\/p>\n<p style=\"text-align: justify;\"><em>Natalia D\u0142ugosz<\/em><\/p>\n<p style=\"text-align: justify;\"><em>Anna Wojtczak<\/em><\/p>\n<p style=\"text-align: justify;\"><em>Magdalena Janiak<\/em><\/p>\n\n\t\t<style type=\"text\/css\">\n\t\t\t#gallery-1 {\n\t\t\t\tmargin: auto;\n\t\t\t}\n\t\t\t#gallery-1 .gallery-item {\n\t\t\t\tfloat: left;\n\t\t\t\tmargin-top: 10px;\n\t\t\t\ttext-align: center;\n\t\t\t\twidth: 33%;\n\t\t\t}\n\t\t\t#gallery-1 img {\n\t\t\t\tborder: 2px solid #cfcfcf;\n\t\t\t}\n\t\t\t#gallery-1 .gallery-caption {\n\t\t\t\tmargin-left: 0;\n\t\t\t}\n\t\t\t\/* see gallery_shortcode() in wp-includes\/media.php *\/\n\t\t<\/style>\n\t\t<div id='gallery-1' class='gallery galleryid-50911 gallery-columns-3 gallery-size-thumbnail'><dl class='gallery-item'>\n\t\t\t<dt class='gallery-icon portrait'>\n\t\t\t\t<a title=\"1\" href='https:\/\/www.sosw.elblag.com.pl\/wp-content\/uploads\/2024\/03\/1-rotated.jpg'><img loading=\"lazy\" decoding=\"async\" width=\"200\" height=\"200\" src=\"https:\/\/www.sosw.elblag.com.pl\/wp-content\/uploads\/2024\/03\/1-200x200.jpg\" class=\"attachment-thumbnail size-thumbnail\" alt=\"Dzie\u0144 Nied\u017awiedzia Polarnego \u015awietliczaki ratuj\u0105 \u015bwiat!!!\" srcset=\"https:\/\/www.sosw.elblag.com.pl\/wp-content\/uploads\/2024\/03\/1-200x200.jpg 200w, https:\/\/www.sosw.elblag.com.pl\/wp-content\/uploads\/2024\/03\/1-480x480.jpg 480w\" sizes=\"auto, (max-width: 200px) 100vw, 200px\" \/><\/a>\n\t\t\t<\/dt><\/dl><dl class='gallery-item'>\n\t\t\t<dt class='gallery-icon portrait'>\n\t\t\t\t<a title=\"2\" href='https:\/\/www.sosw.elblag.com.pl\/wp-content\/uploads\/2024\/03\/2-rotated.jpg'><img loading=\"lazy\" decoding=\"async\" width=\"200\" height=\"200\" src=\"https:\/\/www.sosw.elblag.com.pl\/wp-content\/uploads\/2024\/03\/2-200x200.jpg\" class=\"attachment-thumbnail size-thumbnail\" alt=\"Dzie\u0144 Nied\u017awiedzia Polarnego \u015awietliczaki ratuj\u0105 \u015bwiat!!!\" srcset=\"https:\/\/www.sosw.elblag.com.pl\/wp-content\/uploads\/2024\/03\/2-200x200.jpg 200w, https:\/\/www.sosw.elblag.com.pl\/wp-content\/uploads\/2024\/03\/2-480x480.jpg 480w\" sizes=\"auto, (max-width: 200px) 100vw, 200px\" \/><\/a>\n\t\t\t<\/dt><\/dl><dl class='gallery-item'>\n\t\t\t<dt class='gallery-icon portrait'>\n\t\t\t\t<a title=\"3\" href='https:\/\/www.sosw.elblag.com.pl\/wp-content\/uploads\/2024\/03\/3-rotated.jpg'><img loading=\"lazy\" decoding=\"async\" width=\"200\" height=\"200\" src=\"https:\/\/www.sosw.elblag.com.pl\/wp-content\/uploads\/2024\/03\/3-200x200.jpg\" class=\"attachment-thumbnail size-thumbnail\" alt=\"Dzie\u0144 Nied\u017awiedzia Polarnego \u015awietliczaki ratuj\u0105 \u015bwiat!!!\" srcset=\"https:\/\/www.sosw.elblag.com.pl\/wp-content\/uploads\/2024\/03\/3-200x200.jpg 200w, https:\/\/www.sosw.elblag.com.pl\/wp-content\/uploads\/2024\/03\/3-480x480.jpg 480w\" sizes=\"auto, (max-width: 200px) 100vw, 200px\" \/><\/a>\n\t\t\t<\/dt><\/dl><br style=\"clear: both\" \/><dl class='gallery-item'>\n\t\t\t<dt class='gallery-icon landscape'>\n\t\t\t\t<a title=\"4\" href='https:\/\/www.sosw.elblag.com.pl\/wp-content\/uploads\/2024\/03\/4.jpg'><img loading=\"lazy\" decoding=\"async\" width=\"200\" height=\"200\" src=\"https:\/\/www.sosw.elblag.com.pl\/wp-content\/uploads\/2024\/03\/4-200x200.jpg\" class=\"attachment-thumbnail size-thumbnail\" alt=\"Dzie\u0144 Nied\u017awiedzia Polarnego \u015awietliczaki ratuj\u0105 \u015bwiat!!!\" \/><\/a>\n\t\t\t<\/dt><\/dl><dl class='gallery-item'>\n\t\t\t<dt class='gallery-icon portrait'>\n\t\t\t\t<a title=\"5\" href='https:\/\/www.sosw.elblag.com.pl\/wp-content\/uploads\/2024\/03\/5-rotated.jpg'><img loading=\"lazy\" decoding=\"async\" width=\"200\" height=\"200\" src=\"https:\/\/www.sosw.elblag.com.pl\/wp-content\/uploads\/2024\/03\/5-200x200.jpg\" class=\"attachment-thumbnail size-thumbnail\" alt=\"Dzie\u0144 Nied\u017awiedzia Polarnego \u015awietliczaki ratuj\u0105 \u015bwiat!!!\" srcset=\"https:\/\/www.sosw.elblag.com.pl\/wp-content\/uploads\/2024\/03\/5-200x200.jpg 200w, https:\/\/www.sosw.elblag.com.pl\/wp-content\/uploads\/2024\/03\/5-480x480.jpg 480w\" sizes=\"auto, (max-width: 200px) 100vw, 200px\" \/><\/a>\n\t\t\t<\/dt><\/dl><dl class='gallery-item'>\n\t\t\t<dt class='gallery-icon portrait'>\n\t\t\t\t<a title=\"6\" href='https:\/\/www.sosw.elblag.com.pl\/wp-content\/uploads\/2024\/03\/6-rotated.jpg'><img loading=\"lazy\" decoding=\"async\" width=\"200\" height=\"200\" src=\"https:\/\/www.sosw.elblag.com.pl\/wp-content\/uploads\/2024\/03\/6-200x200.jpg\" class=\"attachment-thumbnail size-thumbnail\" alt=\"Dzie\u0144 Nied\u017awiedzia Polarnego \u015awietliczaki ratuj\u0105 \u015bwiat!!!\" srcset=\"https:\/\/www.sosw.elblag.com.pl\/wp-content\/uploads\/2024\/03\/6-200x200.jpg 200w, https:\/\/www.sosw.elblag.com.pl\/wp-content\/uploads\/2024\/03\/6-480x480.jpg 480w\" sizes=\"auto, (max-width: 200px) 100vw, 200px\" \/><\/a>\n\t\t\t<\/dt><\/dl><br style=\"clear: both\" \/><dl class='gallery-item'>\n\t\t\t<dt class='gallery-icon portrait'>\n\t\t\t\t<a title=\"7\" href='https:\/\/www.sosw.elblag.com.pl\/wp-content\/uploads\/2024\/03\/7-rotated.jpg'><img loading=\"lazy\" decoding=\"async\" width=\"200\" height=\"200\" src=\"https:\/\/www.sosw.elblag.com.pl\/wp-content\/uploads\/2024\/03\/7-200x200.jpg\" class=\"attachment-thumbnail size-thumbnail\" alt=\"Dzie\u0144 Nied\u017awiedzia Polarnego \u015awietliczaki ratuj\u0105 \u015bwiat!!!\" srcset=\"https:\/\/www.sosw.elblag.com.pl\/wp-content\/uploads\/2024\/03\/7-200x200.jpg 200w, https:\/\/www.sosw.elblag.com.pl\/wp-content\/uploads\/2024\/03\/7-480x480.jpg 480w\" sizes=\"auto, (max-width: 200px) 100vw, 200px\" \/><\/a>\n\t\t\t<\/dt><\/dl><dl class='gallery-item'>\n\t\t\t<dt class='gallery-icon portrait'>\n\t\t\t\t<a title=\"8\" href='https:\/\/www.sosw.elblag.com.pl\/wp-content\/uploads\/2024\/03\/8-rotated.jpg'><img loading=\"lazy\" decoding=\"async\" width=\"200\" height=\"200\" src=\"https:\/\/www.sosw.elblag.com.pl\/wp-content\/uploads\/2024\/03\/8-200x200.jpg\" class=\"attachment-thumbnail size-thumbnail\" alt=\"Dzie\u0144 Nied\u017awiedzia Polarnego \u015awietliczaki ratuj\u0105 \u015bwiat!!!\" srcset=\"https:\/\/www.sosw.elblag.com.pl\/wp-content\/uploads\/2024\/03\/8-200x200.jpg 200w, https:\/\/www.sosw.elblag.com.pl\/wp-content\/uploads\/2024\/03\/8-480x480.jpg 480w\" sizes=\"auto, (max-width: 200px) 100vw, 200px\" \/><\/a>\n\t\t\t<\/dt><\/dl><dl class='gallery-item'>\n\t\t\t<dt class='gallery-icon portrait'>\n\t\t\t\t<a title=\"9\" href='https:\/\/www.sosw.elblag.com.pl\/wp-content\/uploads\/2024\/03\/9-rotated.jpg'><img loading=\"lazy\" decoding=\"async\" width=\"200\" height=\"200\" src=\"https:\/\/www.sosw.elblag.com.pl\/wp-content\/uploads\/2024\/03\/9-200x200.jpg\" class=\"attachment-thumbnail size-thumbnail\" alt=\"Dzie\u0144 Nied\u017awiedzia Polarnego \u015awietliczaki ratuj\u0105 \u015bwiat!!!\" srcset=\"https:\/\/www.sosw.elblag.com.pl\/wp-content\/uploads\/2024\/03\/9-200x200.jpg 200w, https:\/\/www.sosw.elblag.com.pl\/wp-content\/uploads\/2024\/03\/9-480x480.jpg 480w\" sizes=\"auto, (max-width: 200px) 100vw, 200px\" \/><\/a>\n\t\t\t<\/dt><\/dl><br style=\"clear: both\" \/><dl class='gallery-item'>\n\t\t\t<dt class='gallery-icon portrait'>\n\t\t\t\t<a title=\"10\" href='https:\/\/www.sosw.elblag.com.pl\/wp-content\/uploads\/2024\/03\/10-rotated.jpg'><img loading=\"lazy\" decoding=\"async\" width=\"200\" height=\"200\" src=\"https:\/\/www.sosw.elblag.com.pl\/wp-content\/uploads\/2024\/03\/10-200x200.jpg\" class=\"attachment-thumbnail size-thumbnail\" alt=\"Dzie\u0144 Nied\u017awiedzia Polarnego \u015awietliczaki ratuj\u0105 \u015bwiat!!!\" srcset=\"https:\/\/www.sosw.elblag.com.pl\/wp-content\/uploads\/2024\/03\/10-200x200.jpg 200w, https:\/\/www.sosw.elblag.com.pl\/wp-content\/uploads\/2024\/03\/10-480x480.jpg 480w\" sizes=\"auto, (max-width: 200px) 100vw, 200px\" \/><\/a>\n\t\t\t<\/dt><\/dl><dl class='gallery-item'>\n\t\t\t<dt class='gallery-icon portrait'>\n\t\t\t\t<a title=\"11\" href='https:\/\/www.sosw.elblag.com.pl\/wp-content\/uploads\/2024\/03\/11-rotated.jpg'><img loading=\"lazy\" decoding=\"async\" width=\"200\" height=\"200\" src=\"https:\/\/www.sosw.elblag.com.pl\/wp-content\/uploads\/2024\/03\/11-200x200.jpg\" class=\"attachment-thumbnail size-thumbnail\" alt=\"Dzie\u0144 Nied\u017awiedzia Polarnego \u015awietliczaki ratuj\u0105 \u015bwiat!!!\" srcset=\"https:\/\/www.sosw.elblag.com.pl\/wp-content\/uploads\/2024\/03\/11-200x200.jpg 200w, https:\/\/www.sosw.elblag.com.pl\/wp-content\/uploads\/2024\/03\/11-480x480.jpg 480w\" sizes=\"auto, (max-width: 200px) 100vw, 200px\" \/><\/a>\n\t\t\t<\/dt><\/dl>\n\t\t\t<br style='clear: both' \/>\n\t\t<\/div>\n\n<p>&nbsp;<\/p>\n","protected":false},"excerpt":{"rendered":"<p>Ostatni tydzie\u0144 lutego obfitowa\u0142 wieloma nietypowymi \u015bwi\u0119tami. Od kilku lat korzystamy z tego kalendarza i \u015bwietnie si\u0119 przy tym bawimy. Na ten <a class=\"more-link\" href=\"https:\/\/www.sosw.elblag.com.pl\/index.php\/2024\/03\/01\/dzien-niedzwiedzia-polarnego-swietliczaki-ratuja-swiat\/\">Czytaj dalej&#8230;<\/a><\/p>\n","protected":false},"author":1,"featured_media":50917,"comment_status":"closed","ping_status":"closed","sticky":false,"template":"","format":"standard","meta":{"footnotes":""},"categories":[68],"tags":[],"class_list":["post-50911","post","type-post","status-publish","format-standard","has-post-thumbnail","hentry","category-z-zycia-osrodka-2023-2024"],"_links":{"self":[{"href":"https:\/\/www.sosw.elblag.com.pl\/index.php\/wp-json\/wp\/v2\/posts\/50911","targetHints":{"allow":["GET"]}}],"collection":[{"href":"https:\/\/www.sosw.elblag.com.pl\/index.php\/wp-json\/wp\/v2\/posts"}],"about":[{"href":"https:\/\/www.sosw.elblag.com.pl\/index.php\/wp-json\/wp\/v2\/types\/post"}],"author":[{"embeddable":true,"href":"https:\/\/www.sosw.elblag.com.pl\/index.php\/wp-json\/wp\/v2\/users\/1"}],"replies":[{"embeddable":true,"href":"https:\/\/www.sosw.elblag.com.pl\/index.php\/wp-json\/wp\/v2\/comments?post=50911"}],"version-history":[{"count":1,"href":"https:\/\/www.sosw.elblag.com.pl\/index.php\/wp-json\/wp\/v2\/posts\/50911\/revisions"}],"predecessor-version":[{"id":50923,"href":"https:\/\/www.sosw.elblag.com.pl\/index.php\/wp-json\/wp\/v2\/posts\/50911\/revisions\/50923"}],"wp:featuredmedia":[{"embeddable":true,"href":"https:\/\/www.sosw.elblag.com.pl\/index.php\/wp-json\/wp\/v2\/media\/50917"}],"wp:attachment":[{"href":"https:\/\/www.sosw.elblag.com.pl\/index.php\/wp-json\/wp\/v2\/media?parent=50911"}],"wp:term":[{"taxonomy":"category","embeddable":true,"href":"https:\/\/www.sosw.elblag.com.pl\/index.php\/wp-json\/wp\/v2\/categories?post=50911"},{"taxonomy":"post_tag","embeddable":true,"href":"https:\/\/www.sosw.elblag.com.pl\/index.php\/wp-json\/wp\/v2\/tags?post=50911"}],"curies":[{"name":"wp","href":"https:\/\/api.w.org\/{rel}","templated":true}]}}