{"id":50895,"date":"2024-03-01T11:14:02","date_gmt":"2024-03-01T10:14:02","guid":{"rendered":"http:\/\/www.sosw.elblag.com.pl\/?p=50895"},"modified":"2024-03-01T11:14:02","modified_gmt":"2024-03-01T10:14:02","slug":"odkrywanie-wiosny-spacer-fotograficzny","status":"publish","type":"post","link":"https:\/\/www.sosw.elblag.com.pl\/index.php\/2024\/03\/01\/odkrywanie-wiosny-spacer-fotograficzny\/","title":{"rendered":"Odkrywanie Wiosny: Spacer Fotograficzny"},"content":{"rendered":"<p style=\"font-weight: 400; text-align: justify;\">W ostatnich dniach zimy uczniowie klasy 3f i 7b \u00a0uczestniczyli w zaj\u0119ciach, kt\u00f3re po\u0142\u0105czy\u0142y edukacj\u0119, natur\u0119 i sztuk\u0119. Pod opiek\u0105 wychowawczy\u0144, pani Magdaleny Janiak i pani Magdaleny Komorskiej, dzieci ruszy\u0142y na spacer w poszukiwaniu pierwszych oznak nadchodz\u0105cej wiosny.<\/p>\n<p style=\"font-weight: 400; text-align: justify;\">Wyprawa odby\u0142a si\u0119 do Parku Dolinka, gdzie uczniowie mieli okazj\u0119 nie tylko cieszy\u0107 si\u0119 aktywno\u015bci\u0105 na \u015bwie\u017cym powietrzu, ale tak\u017ce zg\u0142\u0119biali tajniki fotografii przyrodniczej.\u00a0 Wyposa\u017ceni w aparat fotograficzny NIKON D5600 uwieczniali pi\u0119kno otaczaj\u0105cej przyrody. Ich zadaniem by\u0142a obserwacja zmian w otaczaj\u0105cym \u015bwiecie &#8211; od pierwszych krok\u00f3w ro\u015blin przebijaj\u0105cych si\u0119 przez ziemi\u0119 po delikatne oznaki odbudowywania si\u0119 \u017cycia wok\u00f3\u0142 nich. Uczniowie dok\u0142adnie przygl\u0105dali si\u0119 otoczeniu, by zauwa\u017cy\u0107 nawet najdrobniejsze detale, kt\u00f3re mog\u0142y \u015bwiadczy\u0107 o nadej\u015bciu wiosny.<\/p>\n<p style=\"font-weight: 400; text-align: justify;\">Dzi\u0119ki wsparciu programu \u201eLaboratoria Przysz\u0142o\u015bci\u201d, kt\u00f3ry zapewni\u0142 dofinansowanie na\u00a0zakup sprz\u0119tu fotograficznego, uczniowie mieli szans\u0119 na nauk\u0119 poprzez praktyk\u0119. Realizuj\u0105c projekt fotograficzny na \u015bwie\u017cym powietrzu, dzieci nie tylko doskonali\u0142y swoje umiej\u0119tno\u015bci w\u00a0zakresie technik fotograficznych, ale tak\u017ce rozwija\u0142y umiej\u0119tno\u015b\u0107 obserwacji i doceniania pi\u0119kna otaczaj\u0105cej ich natury.<\/p>\n<p style=\"font-weight: 400; text-align: justify;\">Po zako\u0144czeniu wyprawy uczniowie podzielili si\u0119 ze swoimi kolegami i\u00a0kole\u017cankami fotograficznymi odkryciami, co dodatkowo umocni\u0142o efekt edukacyjny wyprawy. Spacer fotograficzny sta\u0142 si\u0119 nie tylko niezapomnianym do\u015bwiadczeniem, ale tak\u017ce lekcj\u0105\u00a0 sztuki.<\/p>\n<p style=\"font-weight: 400;\">Magdalena Janiak i Magdalena Komorska<\/p>\n<p style=\"font-weight: 400;\">\n<p style=\"font-weight: 400;\">#LaboratoriaPrzysz\u0142o\u015bci #LaboratoriaPrzyszlosci #CentrumGovTech #MEiN #technologie #edukacja #nauka #EdTech #EduTech #szko\u0142a #innowacje<\/p>\n<p style=\"font-weight: 400;\">@MinisterstwoEdukacjiiNauki @CentrumGovTech @LaboratoriaPrzyszlosci<\/p>\n\n\t\t<style type=\"text\/css\">\n\t\t\t#gallery-1 {\n\t\t\t\tmargin: auto;\n\t\t\t}\n\t\t\t#gallery-1 .gallery-item {\n\t\t\t\tfloat: left;\n\t\t\t\tmargin-top: 10px;\n\t\t\t\ttext-align: center;\n\t\t\t\twidth: 100%;\n\t\t\t}\n\t\t\t#gallery-1 img {\n\t\t\t\tborder: 2px solid #cfcfcf;\n\t\t\t}\n\t\t\t#gallery-1 .gallery-caption {\n\t\t\t\tmargin-left: 0;\n\t\t\t}\n\t\t\t\/* see gallery_shortcode() in wp-includes\/media.php *\/\n\t\t<\/style>\n\t\t<div id='gallery-1' class='gallery galleryid-50895 gallery-columns-1 gallery-size-full'><dl class='gallery-item'>\n\t\t\t<dt class='gallery-icon landscape'>\n\t\t\t\t<a title=\"logotypy labor. przysz\u0142o\u015bci\" href='https:\/\/www.sosw.elblag.com.pl\/wp-content\/uploads\/2024\/03\/logotypy-labor.-przyszlosci.jpg'><img loading=\"lazy\" decoding=\"async\" width=\"754\" height=\"106\" src=\"https:\/\/www.sosw.elblag.com.pl\/wp-content\/uploads\/2024\/03\/logotypy-labor.-przyszlosci.jpg\" class=\"attachment-full size-full\" alt=\"\" srcset=\"https:\/\/www.sosw.elblag.com.pl\/wp-content\/uploads\/2024\/03\/logotypy-labor.-przyszlosci.jpg 754w, https:\/\/www.sosw.elblag.com.pl\/wp-content\/uploads\/2024\/03\/logotypy-labor.-przyszlosci-300x42.jpg 300w\" sizes=\"auto, (max-width: 754px) 100vw, 754px\" \/><\/a>\n\t\t\t<\/dt><\/dl><br style=\"clear: both\" \/>\n\t\t<\/div>\n\n\n\t\t<style type=\"text\/css\">\n\t\t\t#gallery-2 {\n\t\t\t\tmargin: auto;\n\t\t\t}\n\t\t\t#gallery-2 .gallery-item {\n\t\t\t\tfloat: left;\n\t\t\t\tmargin-top: 10px;\n\t\t\t\ttext-align: center;\n\t\t\t\twidth: 33%;\n\t\t\t}\n\t\t\t#gallery-2 img {\n\t\t\t\tborder: 2px solid #cfcfcf;\n\t\t\t}\n\t\t\t#gallery-2 .gallery-caption {\n\t\t\t\tmargin-left: 0;\n\t\t\t}\n\t\t\t\/* see gallery_shortcode() in wp-includes\/media.php *\/\n\t\t<\/style>\n\t\t<div id='gallery-2' class='gallery galleryid-50895 gallery-columns-3 gallery-size-thumbnail'><dl class='gallery-item'>\n\t\t\t<dt class='gallery-icon landscape'>\n\t\t\t\t<a title=\"Julita-lekcja-fotografii\" href='https:\/\/www.sosw.elblag.com.pl\/wp-content\/uploads\/2024\/03\/Julita-lekcja-fotografii-scaled.jpg'><img loading=\"lazy\" decoding=\"async\" width=\"200\" height=\"200\" src=\"https:\/\/www.sosw.elblag.com.pl\/wp-content\/uploads\/2024\/03\/Julita-lekcja-fotografii-200x200.jpg\" class=\"attachment-thumbnail size-thumbnail\" alt=\"\" \/><\/a>\n\t\t\t<\/dt><\/dl><dl class='gallery-item'>\n\t\t\t<dt class='gallery-icon landscape'>\n\t\t\t\t<a title=\"lekcja-fotografii\" href='https:\/\/www.sosw.elblag.com.pl\/wp-content\/uploads\/2024\/03\/lekcja-fotografii-scaled.jpg'><img loading=\"lazy\" decoding=\"async\" width=\"200\" height=\"200\" src=\"https:\/\/www.sosw.elblag.com.pl\/wp-content\/uploads\/2024\/03\/lekcja-fotografii-200x200.jpg\" class=\"attachment-thumbnail size-thumbnail\" alt=\"\" \/><\/a>\n\t\t\t<\/dt><\/dl><dl class='gallery-item'>\n\t\t\t<dt class='gallery-icon landscape'>\n\t\t\t\t<a title=\"Michal-lekcja-foografii\" href='https:\/\/www.sosw.elblag.com.pl\/wp-content\/uploads\/2024\/03\/Michal-lekcja-foografii-scaled.jpg'><img loading=\"lazy\" decoding=\"async\" width=\"200\" height=\"200\" src=\"https:\/\/www.sosw.elblag.com.pl\/wp-content\/uploads\/2024\/03\/Michal-lekcja-foografii-200x200.jpg\" class=\"attachment-thumbnail size-thumbnail\" alt=\"\" \/><\/a>\n\t\t\t<\/dt><\/dl><br style=\"clear: both\" \/><dl class='gallery-item'>\n\t\t\t<dt class='gallery-icon landscape'>\n\t\t\t\t<a title=\"Michal-na-zajeciach-fotografii\" href='https:\/\/www.sosw.elblag.com.pl\/wp-content\/uploads\/2024\/03\/Michal-na-zajeciach-fotografii-scaled.jpg'><img loading=\"lazy\" decoding=\"async\" width=\"200\" height=\"200\" src=\"https:\/\/www.sosw.elblag.com.pl\/wp-content\/uploads\/2024\/03\/Michal-na-zajeciach-fotografii-200x200.jpg\" class=\"attachment-thumbnail size-thumbnail\" alt=\"\" \/><\/a>\n\t\t\t<\/dt><\/dl><dl class='gallery-item'>\n\t\t\t<dt class='gallery-icon landscape'>\n\t\t\t\t<a title=\"Michal-zajecia-fotograficzne\" href='https:\/\/www.sosw.elblag.com.pl\/wp-content\/uploads\/2024\/03\/Michal-zajecia-fotograficzne.jpg'><img loading=\"lazy\" decoding=\"async\" width=\"200\" height=\"200\" src=\"https:\/\/www.sosw.elblag.com.pl\/wp-content\/uploads\/2024\/03\/Michal-zajecia-fotograficzne-200x200.jpg\" class=\"attachment-thumbnail size-thumbnail\" alt=\"\" \/><\/a>\n\t\t\t<\/dt><\/dl><dl class='gallery-item'>\n\t\t\t<dt class='gallery-icon portrait'>\n\t\t\t\t<a title=\"pierwsze-oznaki-wiosny\" href='https:\/\/www.sosw.elblag.com.pl\/wp-content\/uploads\/2024\/03\/pierwsze-oznaki-wiosny.jpg'><img loading=\"lazy\" decoding=\"async\" width=\"200\" height=\"200\" src=\"https:\/\/www.sosw.elblag.com.pl\/wp-content\/uploads\/2024\/03\/pierwsze-oznaki-wiosny-200x200.jpg\" class=\"attachment-thumbnail size-thumbnail\" alt=\"\" \/><\/a>\n\t\t\t<\/dt><\/dl><br style=\"clear: both\" \/><dl class='gallery-item'>\n\t\t\t<dt class='gallery-icon landscape'>\n\t\t\t\t<a title=\"plener-fotograficzny-dolinka\" href='https:\/\/www.sosw.elblag.com.pl\/wp-content\/uploads\/2024\/03\/plener-fotograficzny-dolinka.jpg'><img loading=\"lazy\" decoding=\"async\" width=\"200\" height=\"200\" src=\"https:\/\/www.sosw.elblag.com.pl\/wp-content\/uploads\/2024\/03\/plener-fotograficzny-dolinka-200x200.jpg\" class=\"attachment-thumbnail size-thumbnail\" alt=\"\" \/><\/a>\n\t\t\t<\/dt><\/dl><dl class='gallery-item'>\n\t\t\t<dt class='gallery-icon landscape'>\n\t\t\t\t<a title=\"spacer-fotograficzny\" href='https:\/\/www.sosw.elblag.com.pl\/wp-content\/uploads\/2024\/03\/spacer-fotograficzny-scaled.jpg'><img loading=\"lazy\" decoding=\"async\" width=\"200\" height=\"200\" src=\"https:\/\/www.sosw.elblag.com.pl\/wp-content\/uploads\/2024\/03\/spacer-fotograficzny-200x200.jpg\" class=\"attachment-thumbnail size-thumbnail\" alt=\"\" \/><\/a>\n\t\t\t<\/dt><\/dl><dl class='gallery-item'>\n\t\t\t<dt class='gallery-icon landscape'>\n\t\t\t\t<a title=\"spacer-fotograficzny_dolinka\" href='https:\/\/www.sosw.elblag.com.pl\/wp-content\/uploads\/2024\/03\/spacer-fotograficzny_dolinka.jpg'><img loading=\"lazy\" decoding=\"async\" width=\"200\" height=\"200\" src=\"https:\/\/www.sosw.elblag.com.pl\/wp-content\/uploads\/2024\/03\/spacer-fotograficzny_dolinka-200x200.jpg\" class=\"attachment-thumbnail size-thumbnail\" alt=\"\" \/><\/a>\n\t\t\t<\/dt><\/dl><br style=\"clear: both\" \/><dl class='gallery-item'>\n\t\t\t<dt class='gallery-icon landscape'>\n\t\t\t\t<a title=\"wiosenny-plener-fotograficzny\" href='https:\/\/www.sosw.elblag.com.pl\/wp-content\/uploads\/2024\/03\/wiosenny-plener-fotograficzny-scaled.jpg'><img loading=\"lazy\" decoding=\"async\" width=\"200\" height=\"200\" src=\"https:\/\/www.sosw.elblag.com.pl\/wp-content\/uploads\/2024\/03\/wiosenny-plener-fotograficzny-200x200.jpg\" class=\"attachment-thumbnail size-thumbnail\" alt=\"\" \/><\/a>\n\t\t\t<\/dt><\/dl><dl class='gallery-item'>\n\t\t\t<dt class='gallery-icon portrait'>\n\t\t\t\t<a title=\"w-poszukiwaniu-wiosny\" href='https:\/\/www.sosw.elblag.com.pl\/wp-content\/uploads\/2024\/03\/w-poszukiwaniu-wiosny-scaled.jpg'><img loading=\"lazy\" decoding=\"async\" width=\"200\" height=\"200\" src=\"https:\/\/www.sosw.elblag.com.pl\/wp-content\/uploads\/2024\/03\/w-poszukiwaniu-wiosny-200x200.jpg\" class=\"attachment-thumbnail size-thumbnail\" alt=\"\" \/><\/a>\n\t\t\t<\/dt><\/dl><dl class='gallery-item'>\n\t\t\t<dt class='gallery-icon portrait'>\n\t\t\t\t<a title=\"zajecia-fotograficzne\" href='https:\/\/www.sosw.elblag.com.pl\/wp-content\/uploads\/2024\/03\/zajecia-fotograficzne.jpg'><img loading=\"lazy\" decoding=\"async\" width=\"200\" height=\"200\" src=\"https:\/\/www.sosw.elblag.com.pl\/wp-content\/uploads\/2024\/03\/zajecia-fotograficzne-200x200.jpg\" class=\"attachment-thumbnail size-thumbnail\" alt=\"\" \/><\/a>\n\t\t\t<\/dt><\/dl><br style=\"clear: both\" \/>\n\t\t<\/div>\n\n","protected":false},"excerpt":{"rendered":"<p>W ostatnich dniach zimy uczniowie klasy 3f i 7b \u00a0uczestniczyli w zaj\u0119ciach, kt\u00f3re po\u0142\u0105czy\u0142y edukacj\u0119, natur\u0119 i sztuk\u0119. Pod opiek\u0105 wychowawczy\u0144, pani <a class=\"more-link\" href=\"https:\/\/www.sosw.elblag.com.pl\/index.php\/2024\/03\/01\/odkrywanie-wiosny-spacer-fotograficzny\/\">Czytaj dalej&#8230;<\/a><\/p>\n","protected":false},"author":1,"featured_media":45526,"comment_status":"closed","ping_status":"closed","sticky":false,"template":"","format":"standard","meta":{"footnotes":""},"categories":[64],"tags":[],"class_list":["post-50895","post","type-post","status-publish","format-standard","has-post-thumbnail","hentry","category-laboratoria-przyszlosci"],"_links":{"self":[{"href":"https:\/\/www.sosw.elblag.com.pl\/index.php\/wp-json\/wp\/v2\/posts\/50895","targetHints":{"allow":["GET"]}}],"collection":[{"href":"https:\/\/www.sosw.elblag.com.pl\/index.php\/wp-json\/wp\/v2\/posts"}],"about":[{"href":"https:\/\/www.sosw.elblag.com.pl\/index.php\/wp-json\/wp\/v2\/types\/post"}],"author":[{"embeddable":true,"href":"https:\/\/www.sosw.elblag.com.pl\/index.php\/wp-json\/wp\/v2\/users\/1"}],"replies":[{"embeddable":true,"href":"https:\/\/www.sosw.elblag.com.pl\/index.php\/wp-json\/wp\/v2\/comments?post=50895"}],"version-history":[{"count":1,"href":"https:\/\/www.sosw.elblag.com.pl\/index.php\/wp-json\/wp\/v2\/posts\/50895\/revisions"}],"predecessor-version":[{"id":50909,"href":"https:\/\/www.sosw.elblag.com.pl\/index.php\/wp-json\/wp\/v2\/posts\/50895\/revisions\/50909"}],"wp:featuredmedia":[{"embeddable":true,"href":"https:\/\/www.sosw.elblag.com.pl\/index.php\/wp-json\/wp\/v2\/media\/45526"}],"wp:attachment":[{"href":"https:\/\/www.sosw.elblag.com.pl\/index.php\/wp-json\/wp\/v2\/media?parent=50895"}],"wp:term":[{"taxonomy":"category","embeddable":true,"href":"https:\/\/www.sosw.elblag.com.pl\/index.php\/wp-json\/wp\/v2\/categories?post=50895"},{"taxonomy":"post_tag","embeddable":true,"href":"https:\/\/www.sosw.elblag.com.pl\/index.php\/wp-json\/wp\/v2\/tags?post=50895"}],"curies":[{"name":"wp","href":"https:\/\/api.w.org\/{rel}","templated":true}]}}