{"id":50850,"date":"2024-02-29T13:33:20","date_gmt":"2024-02-29T12:33:20","guid":{"rendered":"http:\/\/www.sosw.elblag.com.pl\/?p=50850"},"modified":"2024-02-29T13:33:20","modified_gmt":"2024-02-29T12:33:20","slug":"miniturniej-w-warcaby-w-internacie","status":"publish","type":"post","link":"https:\/\/www.sosw.elblag.com.pl\/index.php\/2024\/02\/29\/miniturniej-w-warcaby-w-internacie\/","title":{"rendered":"\u201eMINITURNIEJ W WARCABY W INTERNACIE\u201d"},"content":{"rendered":"<p>27 lutego go\u015bcili\u015bmy w Internacie grup\u0119 m\u0142odzie\u017cy i opiekuna z SOSW nr 2. W ramach integracji w \u015bwietlicy odby\u0142 si\u0119 turniej gry w warcaby. Przy skromnym pocz\u0119stunku i w duchu zdrowej rywalizacji sp\u0119dzili\u015bmy wsp\u00f3lnie bardzo mi\u0142o czas. Nie liczy\u0142a si\u0119 wygrana, tylko dobra zabawa. Przyby\u0142a m\u0142odzie\u017c wraz z opiekunem licz\u0105 na rewizyt\u0119 u nich w Internacie.<\/p>\n<p>Organizatorzy: Agnieszka Orzechowska, Marek Misztal<\/p>\n\n\t\t<style type=\"text\/css\">\n\t\t\t#gallery-1 {\n\t\t\t\tmargin: auto;\n\t\t\t}\n\t\t\t#gallery-1 .gallery-item {\n\t\t\t\tfloat: left;\n\t\t\t\tmargin-top: 10px;\n\t\t\t\ttext-align: center;\n\t\t\t\twidth: 50%;\n\t\t\t}\n\t\t\t#gallery-1 img {\n\t\t\t\tborder: 2px solid #cfcfcf;\n\t\t\t}\n\t\t\t#gallery-1 .gallery-caption {\n\t\t\t\tmargin-left: 0;\n\t\t\t}\n\t\t\t\/* see gallery_shortcode() in wp-includes\/media.php *\/\n\t\t<\/style>\n\t\t<div id='gallery-1' class='gallery galleryid-50850 gallery-columns-2 gallery-size-thumbnail'><dl class='gallery-item'>\n\t\t\t<dt class='gallery-icon landscape'>\n\t\t\t\t<a title=\"warcaby (1)\" href='https:\/\/www.sosw.elblag.com.pl\/wp-content\/uploads\/2024\/02\/warcaby-1.jpg'><img loading=\"lazy\" decoding=\"async\" width=\"200\" height=\"200\" src=\"https:\/\/www.sosw.elblag.com.pl\/wp-content\/uploads\/2024\/02\/warcaby-1-200x200.jpg\" class=\"attachment-thumbnail size-thumbnail\" alt=\"MINITURNIEJ W WARCABY W INTERNACIE\" \/><\/a>\n\t\t\t<\/dt><\/dl><dl class='gallery-item'>\n\t\t\t<dt class='gallery-icon portrait'>\n\t\t\t\t<a title=\"warcaby (2)\" href='https:\/\/www.sosw.elblag.com.pl\/wp-content\/uploads\/2024\/02\/warcaby-2.jpg'><img loading=\"lazy\" decoding=\"async\" width=\"200\" height=\"200\" src=\"https:\/\/www.sosw.elblag.com.pl\/wp-content\/uploads\/2024\/02\/warcaby-2-200x200.jpg\" class=\"attachment-thumbnail size-thumbnail\" alt=\"MINITURNIEJ W WARCABY W INTERNACIE\" \/><\/a>\n\t\t\t<\/dt><\/dl><br style=\"clear: both\" \/><dl class='gallery-item'>\n\t\t\t<dt class='gallery-icon portrait'>\n\t\t\t\t<a title=\"warcaby (3)\" href='https:\/\/www.sosw.elblag.com.pl\/wp-content\/uploads\/2024\/02\/warcaby-3.jpg'><img loading=\"lazy\" decoding=\"async\" width=\"200\" height=\"200\" src=\"https:\/\/www.sosw.elblag.com.pl\/wp-content\/uploads\/2024\/02\/warcaby-3-200x200.jpg\" class=\"attachment-thumbnail size-thumbnail\" alt=\"MINITURNIEJ W WARCABY W INTERNACIE\" \/><\/a>\n\t\t\t<\/dt><\/dl><dl class='gallery-item'>\n\t\t\t<dt class='gallery-icon landscape'>\n\t\t\t\t<a title=\"warcaby (4)\" href='https:\/\/www.sosw.elblag.com.pl\/wp-content\/uploads\/2024\/02\/warcaby-4.jpg'><img loading=\"lazy\" decoding=\"async\" width=\"200\" height=\"200\" src=\"https:\/\/www.sosw.elblag.com.pl\/wp-content\/uploads\/2024\/02\/warcaby-4-200x200.jpg\" class=\"attachment-thumbnail size-thumbnail\" alt=\"MINITURNIEJ W WARCABY W INTERNACIE\" \/><\/a>\n\t\t\t<\/dt><\/dl><br style=\"clear: both\" \/><dl class='gallery-item'>\n\t\t\t<dt class='gallery-icon landscape'>\n\t\t\t\t<a title=\"warcaby (6)\" href='https:\/\/www.sosw.elblag.com.pl\/wp-content\/uploads\/2024\/02\/warcaby-6.jpg'><img loading=\"lazy\" decoding=\"async\" width=\"200\" height=\"200\" src=\"https:\/\/www.sosw.elblag.com.pl\/wp-content\/uploads\/2024\/02\/warcaby-6-200x200.jpg\" class=\"attachment-thumbnail size-thumbnail\" alt=\"MINITURNIEJ W WARCABY W INTERNACIE\" \/><\/a>\n\t\t\t<\/dt><\/dl><dl class='gallery-item'>\n\t\t\t<dt class='gallery-icon landscape'>\n\t\t\t\t<a title=\"warcaby (7)\" href='https:\/\/www.sosw.elblag.com.pl\/wp-content\/uploads\/2024\/02\/warcaby-7.jpg'><img loading=\"lazy\" decoding=\"async\" width=\"200\" height=\"200\" src=\"https:\/\/www.sosw.elblag.com.pl\/wp-content\/uploads\/2024\/02\/warcaby-7-200x200.jpg\" class=\"attachment-thumbnail size-thumbnail\" alt=\"MINITURNIEJ W WARCABY W INTERNACIE\" \/><\/a>\n\t\t\t<\/dt><\/dl><br style=\"clear: both\" \/><dl class='gallery-item'>\n\t\t\t<dt class='gallery-icon landscape'>\n\t\t\t\t<a title=\"warcaby (8)\" href='https:\/\/www.sosw.elblag.com.pl\/wp-content\/uploads\/2024\/02\/warcaby-8.jpg'><img loading=\"lazy\" decoding=\"async\" width=\"200\" height=\"200\" src=\"https:\/\/www.sosw.elblag.com.pl\/wp-content\/uploads\/2024\/02\/warcaby-8-200x200.jpg\" class=\"attachment-thumbnail size-thumbnail\" alt=\"MINITURNIEJ W WARCABY W INTERNACIE\" \/><\/a>\n\t\t\t<\/dt><\/dl><dl class='gallery-item'>\n\t\t\t<dt class='gallery-icon landscape'>\n\t\t\t\t<a title=\"warcaby (9)\" href='https:\/\/www.sosw.elblag.com.pl\/wp-content\/uploads\/2024\/02\/warcaby-9.jpg'><img loading=\"lazy\" decoding=\"async\" width=\"200\" height=\"200\" src=\"https:\/\/www.sosw.elblag.com.pl\/wp-content\/uploads\/2024\/02\/warcaby-9-200x200.jpg\" class=\"attachment-thumbnail size-thumbnail\" alt=\"MINITURNIEJ W WARCABY W INTERNACIE\" \/><\/a>\n\t\t\t<\/dt><\/dl><br style=\"clear: both\" \/>\n\t\t<\/div>\n\n","protected":false},"excerpt":{"rendered":"<p>27 lutego go\u015bcili\u015bmy w Internacie grup\u0119 m\u0142odzie\u017cy i opiekuna z SOSW nr 2. W ramach integracji w \u015bwietlicy odby\u0142 si\u0119 turniej gry <a class=\"more-link\" href=\"https:\/\/www.sosw.elblag.com.pl\/index.php\/2024\/02\/29\/miniturniej-w-warcaby-w-internacie\/\">Czytaj dalej&#8230;<\/a><\/p>\n","protected":false},"author":1,"featured_media":50854,"comment_status":"closed","ping_status":"closed","sticky":false,"template":"","format":"standard","meta":{"footnotes":""},"categories":[70],"tags":[],"class_list":["post-50850","post","type-post","status-publish","format-standard","has-post-thumbnail","hentry","category-internat-2023-2024"],"_links":{"self":[{"href":"https:\/\/www.sosw.elblag.com.pl\/index.php\/wp-json\/wp\/v2\/posts\/50850","targetHints":{"allow":["GET"]}}],"collection":[{"href":"https:\/\/www.sosw.elblag.com.pl\/index.php\/wp-json\/wp\/v2\/posts"}],"about":[{"href":"https:\/\/www.sosw.elblag.com.pl\/index.php\/wp-json\/wp\/v2\/types\/post"}],"author":[{"embeddable":true,"href":"https:\/\/www.sosw.elblag.com.pl\/index.php\/wp-json\/wp\/v2\/users\/1"}],"replies":[{"embeddable":true,"href":"https:\/\/www.sosw.elblag.com.pl\/index.php\/wp-json\/wp\/v2\/comments?post=50850"}],"version-history":[{"count":1,"href":"https:\/\/www.sosw.elblag.com.pl\/index.php\/wp-json\/wp\/v2\/posts\/50850\/revisions"}],"predecessor-version":[{"id":50859,"href":"https:\/\/www.sosw.elblag.com.pl\/index.php\/wp-json\/wp\/v2\/posts\/50850\/revisions\/50859"}],"wp:featuredmedia":[{"embeddable":true,"href":"https:\/\/www.sosw.elblag.com.pl\/index.php\/wp-json\/wp\/v2\/media\/50854"}],"wp:attachment":[{"href":"https:\/\/www.sosw.elblag.com.pl\/index.php\/wp-json\/wp\/v2\/media?parent=50850"}],"wp:term":[{"taxonomy":"category","embeddable":true,"href":"https:\/\/www.sosw.elblag.com.pl\/index.php\/wp-json\/wp\/v2\/categories?post=50850"},{"taxonomy":"post_tag","embeddable":true,"href":"https:\/\/www.sosw.elblag.com.pl\/index.php\/wp-json\/wp\/v2\/tags?post=50850"}],"curies":[{"name":"wp","href":"https:\/\/api.w.org\/{rel}","templated":true}]}}