{"id":50797,"date":"2024-02-23T11:19:52","date_gmt":"2024-02-23T10:19:52","guid":{"rendered":"http:\/\/www.sosw.elblag.com.pl\/?p=50797"},"modified":"2024-02-23T11:19:52","modified_gmt":"2024-02-23T10:19:52","slug":"miedzynarodowy-projekt-edukacyjny-z-kultura-mi-do-twarzy-3","status":"publish","type":"post","link":"https:\/\/www.sosw.elblag.com.pl\/index.php\/2024\/02\/23\/miedzynarodowy-projekt-edukacyjny-z-kultura-mi-do-twarzy-3\/","title":{"rendered":"MI\u0118DZYNARODOWY PROJEKT EDUKACYJNY \u201eZ KULTUR\u0104 MI DO TWARZY\u201d"},"content":{"rendered":"<p style=\"text-align: justify;\"><img loading=\"lazy\" decoding=\"async\" class=\"size-full wp-image-40800 alignleft\" src=\"https:\/\/www.sosw.elblag.com.pl\/wp-content\/uploads\/2022\/10\/logo-z-kultura-mi-do-twarzy.jpg\" alt=\"logo z kultura mi do twarzy\" width=\"175\" height=\"171\" \/>Kolejne spotkanie w ramach\u00a0 Mi\u0119dzynarodowego Projektu Edukacyjnego \u201eZ kultur\u0105 mi do twarzy\u201d po\u015bwi\u0119cone by\u0142o bli\u017cszemu poznaniu naszego miasta. Podczas zaj\u0119\u0107 uczniowie obejrzeli prezentacje multimedialne, z kt\u00f3rych dowiedzieli si\u0119, jak dawniej wygl\u0105da\u0142 Elbl\u0105g, a jak dzi\u015b. Mieli okazj\u0119 por\u00f3wna\u0107 dawne zdj\u0119cia z obecnymi. Spaceruj\u0105c wirtualnie po mie\u015bcie poznali elbl\u0105skie zabytki, parki, pomniki, miejsca kultury i rozrywki. Utrwalili\u00a0 elbl\u0105skie legendy. Zwie\u0144czeniem zaj\u0119\u0107 by\u0142o wykonanie albumu z ilustracjami o Elbl\u0105gu.<\/p>\n<p>&nbsp;<\/p>\n<p>Bo\u017cena Kowalewska, Beta Maj, Marta Zalewska<\/p>\n\n\t\t<style type=\"text\/css\">\n\t\t\t#gallery-1 {\n\t\t\t\tmargin: auto;\n\t\t\t}\n\t\t\t#gallery-1 .gallery-item {\n\t\t\t\tfloat: left;\n\t\t\t\tmargin-top: 10px;\n\t\t\t\ttext-align: center;\n\t\t\t\twidth: 33%;\n\t\t\t}\n\t\t\t#gallery-1 img {\n\t\t\t\tborder: 2px solid #cfcfcf;\n\t\t\t}\n\t\t\t#gallery-1 .gallery-caption {\n\t\t\t\tmargin-left: 0;\n\t\t\t}\n\t\t\t\/* see gallery_shortcode() in wp-includes\/media.php *\/\n\t\t<\/style>\n\t\t<div id='gallery-1' class='gallery galleryid-50797 gallery-columns-3 gallery-size-thumbnail'><dl class='gallery-item'>\n\t\t\t<dt class='gallery-icon portrait'>\n\t\t\t\t<a title=\"Z KULTURA MI DO TWARZY 1\" href='https:\/\/www.sosw.elblag.com.pl\/wp-content\/uploads\/2024\/02\/Z-KULTURA-MI-DO-TWARZY-1.jpg'><img loading=\"lazy\" decoding=\"async\" width=\"200\" height=\"200\" src=\"https:\/\/www.sosw.elblag.com.pl\/wp-content\/uploads\/2024\/02\/Z-KULTURA-MI-DO-TWARZY-1-200x200.jpg\" class=\"attachment-thumbnail size-thumbnail\" alt=\"\" \/><\/a>\n\t\t\t<\/dt><\/dl><dl class='gallery-item'>\n\t\t\t<dt class='gallery-icon portrait'>\n\t\t\t\t<a title=\"Z KULTURA MI DO TWARZY 2\" href='https:\/\/www.sosw.elblag.com.pl\/wp-content\/uploads\/2024\/02\/Z-KULTURA-MI-DO-TWARZY-2.jpg'><img loading=\"lazy\" decoding=\"async\" width=\"200\" height=\"200\" src=\"https:\/\/www.sosw.elblag.com.pl\/wp-content\/uploads\/2024\/02\/Z-KULTURA-MI-DO-TWARZY-2-200x200.jpg\" class=\"attachment-thumbnail size-thumbnail\" alt=\"\" \/><\/a>\n\t\t\t<\/dt><\/dl><dl class='gallery-item'>\n\t\t\t<dt class='gallery-icon landscape'>\n\t\t\t\t<a title=\"Z KULTURA MI DO TWARZY 3\" href='https:\/\/www.sosw.elblag.com.pl\/wp-content\/uploads\/2024\/02\/Z-KULTURA-MI-DO-TWARZY-3.jpg'><img loading=\"lazy\" decoding=\"async\" width=\"200\" height=\"200\" src=\"https:\/\/www.sosw.elblag.com.pl\/wp-content\/uploads\/2024\/02\/Z-KULTURA-MI-DO-TWARZY-3-200x200.jpg\" class=\"attachment-thumbnail size-thumbnail\" alt=\"\" \/><\/a>\n\t\t\t<\/dt><\/dl><br style=\"clear: both\" \/><dl class='gallery-item'>\n\t\t\t<dt class='gallery-icon portrait'>\n\t\t\t\t<a title=\"Z KULTURA MI DO TWARZY 4\" href='https:\/\/www.sosw.elblag.com.pl\/wp-content\/uploads\/2024\/02\/Z-KULTURA-MI-DO-TWARZY-4.jpg'><img loading=\"lazy\" decoding=\"async\" width=\"200\" height=\"200\" src=\"https:\/\/www.sosw.elblag.com.pl\/wp-content\/uploads\/2024\/02\/Z-KULTURA-MI-DO-TWARZY-4-200x200.jpg\" class=\"attachment-thumbnail size-thumbnail\" alt=\"\" \/><\/a>\n\t\t\t<\/dt><\/dl><dl class='gallery-item'>\n\t\t\t<dt class='gallery-icon landscape'>\n\t\t\t\t<a title=\"Z KULTURA MI DO TWARZY 5\" href='https:\/\/www.sosw.elblag.com.pl\/wp-content\/uploads\/2024\/02\/Z-KULTURA-MI-DO-TWARZY-5.jpg'><img loading=\"lazy\" decoding=\"async\" width=\"200\" height=\"200\" src=\"https:\/\/www.sosw.elblag.com.pl\/wp-content\/uploads\/2024\/02\/Z-KULTURA-MI-DO-TWARZY-5-200x200.jpg\" class=\"attachment-thumbnail size-thumbnail\" alt=\"\" \/><\/a>\n\t\t\t<\/dt><\/dl><dl class='gallery-item'>\n\t\t\t<dt class='gallery-icon landscape'>\n\t\t\t\t<a title=\"Z KULTURA MI DO TWARZY 6\" href='https:\/\/www.sosw.elblag.com.pl\/wp-content\/uploads\/2024\/02\/Z-KULTURA-MI-DO-TWARZY-6.jpg'><img loading=\"lazy\" decoding=\"async\" width=\"200\" height=\"200\" src=\"https:\/\/www.sosw.elblag.com.pl\/wp-content\/uploads\/2024\/02\/Z-KULTURA-MI-DO-TWARZY-6-200x200.jpg\" class=\"attachment-thumbnail size-thumbnail\" alt=\"\" \/><\/a>\n\t\t\t<\/dt><\/dl><br style=\"clear: both\" \/><dl class='gallery-item'>\n\t\t\t<dt class='gallery-icon landscape'>\n\t\t\t\t<a title=\"Z KULTURA MI DO TWARZY 7\" href='https:\/\/www.sosw.elblag.com.pl\/wp-content\/uploads\/2024\/02\/Z-KULTURA-MI-DO-TWARZY-7.jpg'><img loading=\"lazy\" decoding=\"async\" width=\"200\" height=\"200\" src=\"https:\/\/www.sosw.elblag.com.pl\/wp-content\/uploads\/2024\/02\/Z-KULTURA-MI-DO-TWARZY-7-200x200.jpg\" class=\"attachment-thumbnail size-thumbnail\" alt=\"\" \/><\/a>\n\t\t\t<\/dt><\/dl><dl class='gallery-item'>\n\t\t\t<dt class='gallery-icon landscape'>\n\t\t\t\t<a title=\"Z KULTURA MI DO TWARZY 8\" href='https:\/\/www.sosw.elblag.com.pl\/wp-content\/uploads\/2024\/02\/Z-KULTURA-MI-DO-TWARZY-8.jpg'><img loading=\"lazy\" decoding=\"async\" width=\"200\" height=\"200\" src=\"https:\/\/www.sosw.elblag.com.pl\/wp-content\/uploads\/2024\/02\/Z-KULTURA-MI-DO-TWARZY-8-200x200.jpg\" class=\"attachment-thumbnail size-thumbnail\" alt=\"\" \/><\/a>\n\t\t\t<\/dt><\/dl><dl class='gallery-item'>\n\t\t\t<dt class='gallery-icon portrait'>\n\t\t\t\t<a title=\"Z KULTURA MI DO TWARZY 9\" href='https:\/\/www.sosw.elblag.com.pl\/wp-content\/uploads\/2024\/02\/Z-KULTURA-MI-DO-TWARZY-9.jpg'><img loading=\"lazy\" decoding=\"async\" width=\"200\" height=\"200\" src=\"https:\/\/www.sosw.elblag.com.pl\/wp-content\/uploads\/2024\/02\/Z-KULTURA-MI-DO-TWARZY-9-200x200.jpg\" class=\"attachment-thumbnail size-thumbnail\" alt=\"\" \/><\/a>\n\t\t\t<\/dt><\/dl><br style=\"clear: both\" \/><dl class='gallery-item'>\n\t\t\t<dt class='gallery-icon portrait'>\n\t\t\t\t<a title=\"Z KULTURA MI DO TWARZY 10\" href='https:\/\/www.sosw.elblag.com.pl\/wp-content\/uploads\/2024\/02\/Z-KULTURA-MI-DO-TWARZY-10.jpg'><img loading=\"lazy\" decoding=\"async\" width=\"200\" height=\"200\" src=\"https:\/\/www.sosw.elblag.com.pl\/wp-content\/uploads\/2024\/02\/Z-KULTURA-MI-DO-TWARZY-10-200x200.jpg\" class=\"attachment-thumbnail size-thumbnail\" alt=\"\" \/><\/a>\n\t\t\t<\/dt><\/dl><dl class='gallery-item'>\n\t\t\t<dt class='gallery-icon portrait'>\n\t\t\t\t<a title=\"Z KULTURA MI DO TWARZY 11\" href='https:\/\/www.sosw.elblag.com.pl\/wp-content\/uploads\/2024\/02\/Z-KULTURA-MI-DO-TWARZY-11.jpg'><img loading=\"lazy\" decoding=\"async\" width=\"200\" height=\"200\" src=\"https:\/\/www.sosw.elblag.com.pl\/wp-content\/uploads\/2024\/02\/Z-KULTURA-MI-DO-TWARZY-11-200x200.jpg\" class=\"attachment-thumbnail size-thumbnail\" alt=\"\" \/><\/a>\n\t\t\t<\/dt><\/dl><dl class='gallery-item'>\n\t\t\t<dt class='gallery-icon portrait'>\n\t\t\t\t<a title=\"Z KULTURA MI DO TWARZY 12\" href='https:\/\/www.sosw.elblag.com.pl\/wp-content\/uploads\/2024\/02\/Z-KULTURA-MI-DO-TWARZY-12.jpg'><img loading=\"lazy\" decoding=\"async\" width=\"200\" height=\"200\" src=\"https:\/\/www.sosw.elblag.com.pl\/wp-content\/uploads\/2024\/02\/Z-KULTURA-MI-DO-TWARZY-12-200x200.jpg\" class=\"attachment-thumbnail size-thumbnail\" alt=\"\" \/><\/a>\n\t\t\t<\/dt><\/dl><br style=\"clear: both\" \/><dl class='gallery-item'>\n\t\t\t<dt class='gallery-icon portrait'>\n\t\t\t\t<a title=\"Z KULTURA MI DO TWARZY 13\" href='https:\/\/www.sosw.elblag.com.pl\/wp-content\/uploads\/2024\/02\/Z-KULTURA-MI-DO-TWARZY-13.jpg'><img loading=\"lazy\" decoding=\"async\" width=\"200\" height=\"200\" src=\"https:\/\/www.sosw.elblag.com.pl\/wp-content\/uploads\/2024\/02\/Z-KULTURA-MI-DO-TWARZY-13-200x200.jpg\" class=\"attachment-thumbnail size-thumbnail\" alt=\"\" \/><\/a>\n\t\t\t<\/dt><\/dl><dl class='gallery-item'>\n\t\t\t<dt class='gallery-icon portrait'>\n\t\t\t\t<a title=\"Z KULTURA MI DO TWARZY 14\" href='https:\/\/www.sosw.elblag.com.pl\/wp-content\/uploads\/2024\/02\/Z-KULTURA-MI-DO-TWARZY-14.jpg'><img loading=\"lazy\" decoding=\"async\" width=\"200\" height=\"200\" src=\"https:\/\/www.sosw.elblag.com.pl\/wp-content\/uploads\/2024\/02\/Z-KULTURA-MI-DO-TWARZY-14-200x200.jpg\" class=\"attachment-thumbnail size-thumbnail\" alt=\"\" \/><\/a>\n\t\t\t<\/dt><\/dl><dl class='gallery-item'>\n\t\t\t<dt class='gallery-icon portrait'>\n\t\t\t\t<a title=\"Z KULTURA MI DO TWARZY 15\" href='https:\/\/www.sosw.elblag.com.pl\/wp-content\/uploads\/2024\/02\/Z-KULTURA-MI-DO-TWARZY-15.jpg'><img loading=\"lazy\" decoding=\"async\" width=\"200\" height=\"200\" src=\"https:\/\/www.sosw.elblag.com.pl\/wp-content\/uploads\/2024\/02\/Z-KULTURA-MI-DO-TWARZY-15-200x200.jpg\" class=\"attachment-thumbnail size-thumbnail\" alt=\"\" \/><\/a>\n\t\t\t<\/dt><\/dl><br style=\"clear: both\" \/><dl class='gallery-item'>\n\t\t\t<dt class='gallery-icon landscape'>\n\t\t\t\t<a title=\"Z KULTURA MI DO TWARZY 16\" href='https:\/\/www.sosw.elblag.com.pl\/wp-content\/uploads\/2024\/02\/Z-KULTURA-MI-DO-TWARZY-16.jpg'><img loading=\"lazy\" decoding=\"async\" width=\"200\" height=\"200\" src=\"https:\/\/www.sosw.elblag.com.pl\/wp-content\/uploads\/2024\/02\/Z-KULTURA-MI-DO-TWARZY-16-200x200.jpg\" class=\"attachment-thumbnail size-thumbnail\" alt=\"\" \/><\/a>\n\t\t\t<\/dt><\/dl><dl class='gallery-item'>\n\t\t\t<dt class='gallery-icon landscape'>\n\t\t\t\t<a title=\"Z KULTURA MI DO TWARZY 17\" href='https:\/\/www.sosw.elblag.com.pl\/wp-content\/uploads\/2024\/02\/Z-KULTURA-MI-DO-TWARZY-17.jpg'><img loading=\"lazy\" decoding=\"async\" width=\"200\" height=\"200\" src=\"https:\/\/www.sosw.elblag.com.pl\/wp-content\/uploads\/2024\/02\/Z-KULTURA-MI-DO-TWARZY-17-200x200.jpg\" class=\"attachment-thumbnail size-thumbnail\" alt=\"\" \/><\/a>\n\t\t\t<\/dt><\/dl>\n\t\t\t<br style='clear: both' \/>\n\t\t<\/div>\n\n","protected":false},"excerpt":{"rendered":"<p>Kolejne spotkanie w ramach\u00a0 Mi\u0119dzynarodowego Projektu Edukacyjnego \u201eZ kultur\u0105 mi do twarzy\u201d po\u015bwi\u0119cone by\u0142o bli\u017cszemu poznaniu naszego miasta. Podczas zaj\u0119\u0107 uczniowie obejrzeli <a class=\"more-link\" href=\"https:\/\/www.sosw.elblag.com.pl\/index.php\/2024\/02\/23\/miedzynarodowy-projekt-edukacyjny-z-kultura-mi-do-twarzy-3\/\">Czytaj dalej&#8230;<\/a><\/p>\n","protected":false},"author":1,"featured_media":50814,"comment_status":"closed","ping_status":"closed","sticky":false,"template":"","format":"standard","meta":{"footnotes":""},"categories":[68],"tags":[],"class_list":["post-50797","post","type-post","status-publish","format-standard","has-post-thumbnail","hentry","category-z-zycia-osrodka-2023-2024"],"_links":{"self":[{"href":"https:\/\/www.sosw.elblag.com.pl\/index.php\/wp-json\/wp\/v2\/posts\/50797","targetHints":{"allow":["GET"]}}],"collection":[{"href":"https:\/\/www.sosw.elblag.com.pl\/index.php\/wp-json\/wp\/v2\/posts"}],"about":[{"href":"https:\/\/www.sosw.elblag.com.pl\/index.php\/wp-json\/wp\/v2\/types\/post"}],"author":[{"embeddable":true,"href":"https:\/\/www.sosw.elblag.com.pl\/index.php\/wp-json\/wp\/v2\/users\/1"}],"replies":[{"embeddable":true,"href":"https:\/\/www.sosw.elblag.com.pl\/index.php\/wp-json\/wp\/v2\/comments?post=50797"}],"version-history":[{"count":1,"href":"https:\/\/www.sosw.elblag.com.pl\/index.php\/wp-json\/wp\/v2\/posts\/50797\/revisions"}],"predecessor-version":[{"id":50815,"href":"https:\/\/www.sosw.elblag.com.pl\/index.php\/wp-json\/wp\/v2\/posts\/50797\/revisions\/50815"}],"wp:featuredmedia":[{"embeddable":true,"href":"https:\/\/www.sosw.elblag.com.pl\/index.php\/wp-json\/wp\/v2\/media\/50814"}],"wp:attachment":[{"href":"https:\/\/www.sosw.elblag.com.pl\/index.php\/wp-json\/wp\/v2\/media?parent=50797"}],"wp:term":[{"taxonomy":"category","embeddable":true,"href":"https:\/\/www.sosw.elblag.com.pl\/index.php\/wp-json\/wp\/v2\/categories?post=50797"},{"taxonomy":"post_tag","embeddable":true,"href":"https:\/\/www.sosw.elblag.com.pl\/index.php\/wp-json\/wp\/v2\/tags?post=50797"}],"curies":[{"name":"wp","href":"https:\/\/api.w.org\/{rel}","templated":true}]}}