{"id":50723,"date":"2024-02-22T10:51:56","date_gmt":"2024-02-22T09:51:56","guid":{"rendered":"http:\/\/www.sosw.elblag.com.pl\/?p=50723"},"modified":"2024-02-22T10:51:56","modified_gmt":"2024-02-22T09:51:56","slug":"potyczki-z-polszczyzna-czyli-miedzynarodowy-dzien-jezyka-ojczystego","status":"publish","type":"post","link":"https:\/\/www.sosw.elblag.com.pl\/index.php\/2024\/02\/22\/potyczki-z-polszczyzna-czyli-miedzynarodowy-dzien-jezyka-ojczystego\/","title":{"rendered":"Potyczki z polszczyzn\u0105, czyli Mi\u0119dzynarodowy Dzie\u0144 J\u0119zyka Ojczystego"},"content":{"rendered":"<p style=\"font-weight: 400; text-align: right;\"><em>\u201eNie ma nic lepszego ni\u017c j\u0119zyk, kt\u00f3ry jest \u0142\u0105cznikiem \u017cycia spo\u0142ecznego, kluczem do wiedzy, organem prawdy i rozs\u0105dku oraz modlitwy\u201d<\/em><\/p>\n<p style=\"font-weight: 400; text-align: right;\"><em>Ezop \u2013 bajkopisarz grecki \u017cyj\u0105cy w VI w. p.n.e.<\/em><\/p>\n<p style=\"font-weight: 400;\"><em>\u00a0<\/em><\/p>\n<p style=\"font-weight: 400; text-align: justify;\">21 lutego w Specjalnym O\u015brodku Szkolno-Wychowawczym nr 1 w Elbl\u0105gu obchodzono Mi\u0119dzynarodowy Dzie\u0144 J\u0119zyka Ojczystego. Organizowane przez \u015bwietlic\u0119 szkoln\u0105, bibliotek\u0119 oraz nauczycieli j\u0119zyka polskiego wydarzenie mia\u0142o na celu nie tylko celebrowanie pi\u0119kna j\u0119zyka ojczystego, ale tak\u017ce edukacj\u0119 i kszta\u0142towanie \u015bwiadomo\u015bci j\u0119zykowej uczni\u00f3w. W tym roku obchody tego wyj\u0105tkowego \u015bwi\u0119ta zorganizowano we wsp\u00f3\u0142pracy z\u00a0 zespo\u0142em zielonog\u00f3rskiego oddzia\u0142u Towarzystwa Mi\u0142o\u015bnik\u00f3w J\u0119zyka Polskiego i Instytutem Filologii Polskiej Uniwersytetu Zielonog\u00f3rskiego.<\/p>\n<p style=\"font-weight: 400; text-align: justify;\">Plakaty promuj\u0105ce pi\u0119kno j\u0119zyka ojczystego ozdobi\u0142y szkolne korytarze, zach\u0119caj\u0105c spo\u0142eczno\u015b\u0107 szkoln\u0105 do refleksji nad jego warto\u015bci\u0105. Od rana uczniowie brali udzia\u0142 w r\u00f3\u017cnorodnych aktywno\u015bciach\u00a0prowadzonych przez \u015bwietlic\u0119 szkoln\u0105,\u00a0w\u0142\u0105czaj\u0105c w to prace plastyczne i zabawy j\u0119zykowe.<\/p>\n<p style=\"font-weight: 400; text-align: justify;\">W ramach inicjatyw biblioteki szkolnej, uczniowie mieli okazj\u0119 uczestniczy\u0107 w lekcji zatytu\u0142owanej &#8222;Potyczki z polszczyzn\u0105&#8221;. Podczas zaj\u0119\u0107 obejrzeli przygotowany przez \u00a0student\u00f3w Instytutu Filologii Polskiej Uniwersytetu Zielonog\u00f3rskiego film, kt\u00f3ry przybli\u017cy\u0142 im histori\u0119 i znaczenie Mi\u0119dzynarodowego Dnia J\u0119zyka Ojczystego oraz jego cele. Prezentacja, opracowana w programie Genial.ly, dostarczy\u0142a ciekawych informacji na temat j\u0119zyka ojczystego, inspiruj\u0105c do dalszej eksploracji i piel\u0119gnowania polszczyzny.<\/p>\n<p style=\"font-weight: 400; text-align: justify;\">Najwi\u0119kszym zainteresowaniem cieszy\u0142y si\u0119 jednak interaktywne zabawy j\u0119zykowe przygotowane w formie gier w programie Kahoot oraz Wordwall. Zadania obejmowa\u0142y szeroki zakres wiedzy j\u0119zykowej, od znajomo\u015bci frazeologizm\u00f3w, archaizm\u00f3w, ortografii, interpunkcji po wiedz\u0119 historyczno-literack\u0105. Uczniowie mogli sprawdzi\u0107 swoje umiej\u0119tno\u015bci oraz poszerzy\u0107 swoj\u0105 wiedz\u0119 w przyjaznej i zabawnej atmosferze.<\/p>\n<p style=\"font-weight: 400; text-align: justify;\">Gry nie tylko stymulowa\u0142y logiczne my\u015blenie i zapami\u0119tywanie, ale r\u00f3wnie\u017c rozbudza\u0142y zainteresowanie literatur\u0105 oraz histori\u0105 j\u0119zyka polskiego. Pytania dotycz\u0105ce bohater\u00f3w literackich i autor\u00f3w lektur szkolnych pobudza\u0142y do refleksji nad dziedzictwem literackim i kulturowym. Dzi\u0119ki temu uczniowie nie tylko doskonalili swoje umiej\u0119tno\u015bci j\u0119zykowe, ale tak\u017ce poszerzali swoj\u0105 wiedz\u0119 o polskiej literaturze i historii.<\/p>\n<p style=\"font-weight: 400; text-align: justify;\">Obchody Mi\u0119dzynarodowego Dnia J\u0119zyka Ojczystego w Specjalnym O\u015brodku Szkolno-Wychowawczym nr 1\u00a0w Elbl\u0105gu nie tylko przynios\u0142y wiele rado\u015bci i zabawy, ale tak\u017ce sk\u0142oni\u0142y uczestnik\u00f3w do refleksji nad warto\u015bci\u0105 i pi\u0119knem j\u0119zyka ojczystego. Dzia\u0142ania te wpisuj\u0105 si\u0119 w szerszy kontekst edukacji j\u0119zykowej, maj\u0105c na celu promowanie poprawnej polszczyzny oraz kszta\u0142towanie \u015bwiadomych i wra\u017cliwych u\u017cytkownik\u00f3w j\u0119zyka polskiego.<\/p>\n<p style=\"font-weight: 400; text-align: left;\">Koordynatorami obchod\u00f3w Mi\u0119dzynarodowego Dnia J\u0119zyka Ojczystego w SOSW nr 1 by\u0142y: p. Magdalena Janiak, p. Anna Wojtczak, p. Edyta Pardo, p. Natalia D\u0142ugosz.<\/p>\n\n\t\t<style type=\"text\/css\">\n\t\t\t#gallery-1 {\n\t\t\t\tmargin: auto;\n\t\t\t}\n\t\t\t#gallery-1 .gallery-item {\n\t\t\t\tfloat: left;\n\t\t\t\tmargin-top: 10px;\n\t\t\t\ttext-align: center;\n\t\t\t\twidth: 33%;\n\t\t\t}\n\t\t\t#gallery-1 img {\n\t\t\t\tborder: 2px solid #cfcfcf;\n\t\t\t}\n\t\t\t#gallery-1 .gallery-caption {\n\t\t\t\tmargin-left: 0;\n\t\t\t}\n\t\t\t\/* see gallery_shortcode() in wp-includes\/media.php *\/\n\t\t<\/style>\n\t\t<div id='gallery-1' class='gallery galleryid-50723 gallery-columns-3 gallery-size-thumbnail'><dl class='gallery-item'>\n\t\t\t<dt class='gallery-icon portrait'>\n\t\t\t\t<a title=\"Damian-quiz\" href='https:\/\/www.sosw.elblag.com.pl\/wp-content\/uploads\/2024\/02\/Damian-quiz-scaled.jpg'><img loading=\"lazy\" decoding=\"async\" width=\"200\" height=\"200\" src=\"https:\/\/www.sosw.elblag.com.pl\/wp-content\/uploads\/2024\/02\/Damian-quiz-200x200.jpg\" class=\"attachment-thumbnail size-thumbnail\" alt=\"\" \/><\/a>\n\t\t\t<\/dt><\/dl><dl class='gallery-item'>\n\t\t\t<dt class='gallery-icon landscape'>\n\t\t\t\t<a title=\"Dorian-w-bibliotece\" href='https:\/\/www.sosw.elblag.com.pl\/wp-content\/uploads\/2024\/02\/Dorian-w-bibliotece-scaled.jpg'><img loading=\"lazy\" decoding=\"async\" width=\"200\" height=\"200\" src=\"https:\/\/www.sosw.elblag.com.pl\/wp-content\/uploads\/2024\/02\/Dorian-w-bibliotece-200x200.jpg\" class=\"attachment-thumbnail size-thumbnail\" alt=\"\" \/><\/a>\n\t\t\t<\/dt><\/dl><dl class='gallery-item'>\n\t\t\t<dt class='gallery-icon landscape'>\n\t\t\t\t<a title=\"dzien-jezyka-biblioteka\" href='https:\/\/www.sosw.elblag.com.pl\/wp-content\/uploads\/2024\/02\/dzien-jezyka-biblioteka-scaled.jpg'><img loading=\"lazy\" decoding=\"async\" width=\"200\" height=\"200\" src=\"https:\/\/www.sosw.elblag.com.pl\/wp-content\/uploads\/2024\/02\/dzien-jezyka-biblioteka-200x200.jpg\" class=\"attachment-thumbnail size-thumbnail\" alt=\"\" \/><\/a>\n\t\t\t<\/dt><\/dl><br style=\"clear: both\" \/><dl class='gallery-item'>\n\t\t\t<dt class='gallery-icon landscape'>\n\t\t\t\t<a title=\"dzien-jezyka-lekcja-biblioteczna\" href='https:\/\/www.sosw.elblag.com.pl\/wp-content\/uploads\/2024\/02\/dzien-jezyka-lekcja-biblioteczna-scaled.jpg'><img loading=\"lazy\" decoding=\"async\" width=\"200\" height=\"200\" src=\"https:\/\/www.sosw.elblag.com.pl\/wp-content\/uploads\/2024\/02\/dzien-jezyka-lekcja-biblioteczna-200x200.jpg\" class=\"attachment-thumbnail size-thumbnail\" alt=\"\" \/><\/a>\n\t\t\t<\/dt><\/dl><dl class='gallery-item'>\n\t\t\t<dt class='gallery-icon landscape'>\n\t\t\t\t<a title=\"Dzien-jezyka-ojczystego\" href='https:\/\/www.sosw.elblag.com.pl\/wp-content\/uploads\/2024\/02\/Dzien-jezyka-ojczystego-scaled.jpg'><img loading=\"lazy\" decoding=\"async\" width=\"200\" height=\"200\" src=\"https:\/\/www.sosw.elblag.com.pl\/wp-content\/uploads\/2024\/02\/Dzien-jezyka-ojczystego-200x200.jpg\" class=\"attachment-thumbnail size-thumbnail\" alt=\"\" \/><\/a>\n\t\t\t<\/dt><\/dl><dl class='gallery-item'>\n\t\t\t<dt class='gallery-icon landscape'>\n\t\t\t\t<a title=\"dzien-jezyka-sosw\" href='https:\/\/www.sosw.elblag.com.pl\/wp-content\/uploads\/2024\/02\/dzien-jezyka-sosw.jpg'><img loading=\"lazy\" decoding=\"async\" width=\"200\" height=\"200\" src=\"https:\/\/www.sosw.elblag.com.pl\/wp-content\/uploads\/2024\/02\/dzien-jezyka-sosw-200x200.jpg\" class=\"attachment-thumbnail size-thumbnail\" alt=\"\" \/><\/a>\n\t\t\t<\/dt><\/dl><br style=\"clear: both\" \/><dl class='gallery-item'>\n\t\t\t<dt class='gallery-icon landscape'>\n\t\t\t\t<a title=\"Dzien-jezyka-swietlica\" href='https:\/\/www.sosw.elblag.com.pl\/wp-content\/uploads\/2024\/02\/Dzien-jezyka-swietlica.jpg'><img loading=\"lazy\" decoding=\"async\" width=\"200\" height=\"200\" src=\"https:\/\/www.sosw.elblag.com.pl\/wp-content\/uploads\/2024\/02\/Dzien-jezyka-swietlica-200x200.jpg\" class=\"attachment-thumbnail size-thumbnail\" alt=\"\" \/><\/a>\n\t\t\t<\/dt><\/dl><dl class='gallery-item'>\n\t\t\t<dt class='gallery-icon landscape'>\n\t\t\t\t<a title=\"IMG_1692\" href='https:\/\/www.sosw.elblag.com.pl\/wp-content\/uploads\/2024\/02\/IMG_1692-scaled.jpg'><img loading=\"lazy\" decoding=\"async\" width=\"200\" height=\"200\" src=\"https:\/\/www.sosw.elblag.com.pl\/wp-content\/uploads\/2024\/02\/IMG_1692-200x200.jpg\" class=\"attachment-thumbnail size-thumbnail\" alt=\"\" \/><\/a>\n\t\t\t<\/dt><\/dl><dl class='gallery-item'>\n\t\t\t<dt class='gallery-icon landscape'>\n\t\t\t\t<a title=\"IMG_1730\" href='https:\/\/www.sosw.elblag.com.pl\/wp-content\/uploads\/2024\/02\/IMG_1730-scaled.jpg'><img loading=\"lazy\" decoding=\"async\" width=\"200\" height=\"200\" src=\"https:\/\/www.sosw.elblag.com.pl\/wp-content\/uploads\/2024\/02\/IMG_1730-200x200.jpg\" class=\"attachment-thumbnail size-thumbnail\" alt=\"\" \/><\/a>\n\t\t\t<\/dt><\/dl><br style=\"clear: both\" \/><dl class='gallery-item'>\n\t\t\t<dt class='gallery-icon landscape'>\n\t\t\t\t<a title=\"jezykowe-zabawy-swietlica\" href='https:\/\/www.sosw.elblag.com.pl\/wp-content\/uploads\/2024\/02\/jezykowe-zabawy-swietlica.jpg'><img loading=\"lazy\" decoding=\"async\" width=\"200\" height=\"200\" src=\"https:\/\/www.sosw.elblag.com.pl\/wp-content\/uploads\/2024\/02\/jezykowe-zabawy-swietlica-200x200.jpg\" class=\"attachment-thumbnail size-thumbnail\" alt=\"\" \/><\/a>\n\t\t\t<\/dt><\/dl><dl class='gallery-item'>\n\t\t\t<dt class='gallery-icon landscape'>\n\t\t\t\t<a title=\"jezykowy-quiz-w-biliotece\" href='https:\/\/www.sosw.elblag.com.pl\/wp-content\/uploads\/2024\/02\/jezykowy-quiz-w-biliotece-scaled.jpg'><img loading=\"lazy\" decoding=\"async\" width=\"200\" height=\"200\" src=\"https:\/\/www.sosw.elblag.com.pl\/wp-content\/uploads\/2024\/02\/jezykowy-quiz-w-biliotece-200x200.jpg\" class=\"attachment-thumbnail size-thumbnail\" alt=\"\" \/><\/a>\n\t\t\t<\/dt><\/dl><dl class='gallery-item'>\n\t\t\t<dt class='gallery-icon portrait'>\n\t\t\t\t<a title=\"Julita-quiz\" href='https:\/\/www.sosw.elblag.com.pl\/wp-content\/uploads\/2024\/02\/Julita-quiz-scaled.jpg'><img loading=\"lazy\" decoding=\"async\" width=\"200\" height=\"200\" src=\"https:\/\/www.sosw.elblag.com.pl\/wp-content\/uploads\/2024\/02\/Julita-quiz-200x200.jpg\" class=\"attachment-thumbnail size-thumbnail\" alt=\"\" \/><\/a>\n\t\t\t<\/dt><\/dl><br style=\"clear: both\" \/><dl class='gallery-item'>\n\t\t\t<dt class='gallery-icon landscape'>\n\t\t\t\t<a title=\"kahoot-jezykowy\" href='https:\/\/www.sosw.elblag.com.pl\/wp-content\/uploads\/2024\/02\/kahoot-jezykowy-scaled.jpg'><img loading=\"lazy\" decoding=\"async\" width=\"200\" height=\"200\" src=\"https:\/\/www.sosw.elblag.com.pl\/wp-content\/uploads\/2024\/02\/kahoot-jezykowy-200x200.jpg\" class=\"attachment-thumbnail size-thumbnail\" alt=\"\" \/><\/a>\n\t\t\t<\/dt><\/dl><dl class='gallery-item'>\n\t\t\t<dt class='gallery-icon landscape'>\n\t\t\t\t<a title=\"klasa5c-w-bibliotece\" href='https:\/\/www.sosw.elblag.com.pl\/wp-content\/uploads\/2024\/02\/klasa5c-w-bibliotece-scaled.jpg'><img loading=\"lazy\" decoding=\"async\" width=\"200\" height=\"200\" src=\"https:\/\/www.sosw.elblag.com.pl\/wp-content\/uploads\/2024\/02\/klasa5c-w-bibliotece-200x200.jpg\" class=\"attachment-thumbnail size-thumbnail\" alt=\"\" \/><\/a>\n\t\t\t<\/dt><\/dl><dl class='gallery-item'>\n\t\t\t<dt class='gallery-icon landscape'>\n\t\t\t\t<a title=\"klasa5i6\" href='https:\/\/www.sosw.elblag.com.pl\/wp-content\/uploads\/2024\/02\/klasa5i6-scaled.jpg'><img loading=\"lazy\" decoding=\"async\" width=\"200\" height=\"200\" src=\"https:\/\/www.sosw.elblag.com.pl\/wp-content\/uploads\/2024\/02\/klasa5i6-200x200.jpg\" class=\"attachment-thumbnail size-thumbnail\" alt=\"\" \/><\/a>\n\t\t\t<\/dt><\/dl><br style=\"clear: both\" \/><dl class='gallery-item'>\n\t\t\t<dt class='gallery-icon portrait'>\n\t\t\t\t<a title=\"klasa8-bibliteka\" href='https:\/\/www.sosw.elblag.com.pl\/wp-content\/uploads\/2024\/02\/klasa8-bibliteka-scaled.jpg'><img loading=\"lazy\" decoding=\"async\" width=\"200\" height=\"200\" src=\"https:\/\/www.sosw.elblag.com.pl\/wp-content\/uploads\/2024\/02\/klasa8-bibliteka-200x200.jpg\" class=\"attachment-thumbnail size-thumbnail\" alt=\"\" \/><\/a>\n\t\t\t<\/dt><\/dl><dl class='gallery-item'>\n\t\t\t<dt class='gallery-icon landscape'>\n\t\t\t\t<a title=\"klasa8-dzien-jezyka\" href='https:\/\/www.sosw.elblag.com.pl\/wp-content\/uploads\/2024\/02\/klasa8-dzien-jezyka-scaled.jpg'><img loading=\"lazy\" decoding=\"async\" width=\"200\" height=\"200\" src=\"https:\/\/www.sosw.elblag.com.pl\/wp-content\/uploads\/2024\/02\/klasa8-dzien-jezyka-200x200.jpg\" class=\"attachment-thumbnail size-thumbnail\" alt=\"\" \/><\/a>\n\t\t\t<\/dt><\/dl><dl class='gallery-item'>\n\t\t\t<dt class='gallery-icon landscape'>\n\t\t\t\t<a title=\"klasa8-jezykowe-potyczni\" href='https:\/\/www.sosw.elblag.com.pl\/wp-content\/uploads\/2024\/02\/klasa8-jezykowe-potyczni-scaled.jpg'><img loading=\"lazy\" decoding=\"async\" width=\"200\" height=\"200\" src=\"https:\/\/www.sosw.elblag.com.pl\/wp-content\/uploads\/2024\/02\/klasa8-jezykowe-potyczni-200x200.jpg\" class=\"attachment-thumbnail size-thumbnail\" alt=\"\" \/><\/a>\n\t\t\t<\/dt><\/dl><br style=\"clear: both\" \/><dl class='gallery-item'>\n\t\t\t<dt class='gallery-icon landscape'>\n\t\t\t\t<a title=\"lekcja-biblioteczna\" href='https:\/\/www.sosw.elblag.com.pl\/wp-content\/uploads\/2024\/02\/lekcja-biblioteczna-scaled.jpg'><img loading=\"lazy\" decoding=\"async\" width=\"200\" height=\"200\" src=\"https:\/\/www.sosw.elblag.com.pl\/wp-content\/uploads\/2024\/02\/lekcja-biblioteczna-200x200.jpg\" class=\"attachment-thumbnail size-thumbnail\" alt=\"\" \/><\/a>\n\t\t\t<\/dt><\/dl><dl class='gallery-item'>\n\t\t\t<dt class='gallery-icon landscape'>\n\t\t\t\t<a title=\"lekcja-w-bibliotece\" href='https:\/\/www.sosw.elblag.com.pl\/wp-content\/uploads\/2024\/02\/lekcja-w-bibliotece-scaled.jpg'><img loading=\"lazy\" decoding=\"async\" width=\"200\" height=\"200\" src=\"https:\/\/www.sosw.elblag.com.pl\/wp-content\/uploads\/2024\/02\/lekcja-w-bibliotece-200x200.jpg\" class=\"attachment-thumbnail size-thumbnail\" alt=\"\" \/><\/a>\n\t\t\t<\/dt><\/dl><dl class='gallery-item'>\n\t\t\t<dt class='gallery-icon landscape'>\n\t\t\t\t<a title=\"obchody-dnia-jezyka\" href='https:\/\/www.sosw.elblag.com.pl\/wp-content\/uploads\/2024\/02\/obchody-dnia-jezyka-scaled.jpg'><img loading=\"lazy\" decoding=\"async\" width=\"200\" height=\"200\" src=\"https:\/\/www.sosw.elblag.com.pl\/wp-content\/uploads\/2024\/02\/obchody-dnia-jezyka-200x200.jpg\" class=\"attachment-thumbnail size-thumbnail\" alt=\"\" \/><\/a>\n\t\t\t<\/dt><\/dl><br style=\"clear: both\" \/><dl class='gallery-item'>\n\t\t\t<dt class='gallery-icon landscape'>\n\t\t\t\t<a title=\"plakaty-dzien-jezyka\" href='https:\/\/www.sosw.elblag.com.pl\/wp-content\/uploads\/2024\/02\/plakaty-dzien-jezyka.jpg'><img loading=\"lazy\" decoding=\"async\" width=\"200\" height=\"200\" src=\"https:\/\/www.sosw.elblag.com.pl\/wp-content\/uploads\/2024\/02\/plakaty-dzien-jezyka-200x200.jpg\" class=\"attachment-thumbnail size-thumbnail\" alt=\"\" \/><\/a>\n\t\t\t<\/dt><\/dl><dl class='gallery-item'>\n\t\t\t<dt class='gallery-icon landscape'>\n\t\t\t\t<a title=\"plakaty-swietlica\" href='https:\/\/www.sosw.elblag.com.pl\/wp-content\/uploads\/2024\/02\/plakaty-swietlica.jpg'><img loading=\"lazy\" decoding=\"async\" width=\"200\" height=\"200\" src=\"https:\/\/www.sosw.elblag.com.pl\/wp-content\/uploads\/2024\/02\/plakaty-swietlica-200x200.jpg\" class=\"attachment-thumbnail size-thumbnail\" alt=\"\" \/><\/a>\n\t\t\t<\/dt><\/dl><dl class='gallery-item'>\n\t\t\t<dt class='gallery-icon landscape'>\n\t\t\t\t<a title=\"potyczni-jezykowe\" href='https:\/\/www.sosw.elblag.com.pl\/wp-content\/uploads\/2024\/02\/potyczni-jezykowe-scaled.jpg'><img loading=\"lazy\" decoding=\"async\" width=\"200\" height=\"200\" src=\"https:\/\/www.sosw.elblag.com.pl\/wp-content\/uploads\/2024\/02\/potyczni-jezykowe-200x200.jpg\" class=\"attachment-thumbnail size-thumbnail\" alt=\"\" \/><\/a>\n\t\t\t<\/dt><\/dl><br style=\"clear: both\" \/><dl class='gallery-item'>\n\t\t\t<dt class='gallery-icon landscape'>\n\t\t\t\t<a title=\"prezentacja-dzien-jezyka\" href='https:\/\/www.sosw.elblag.com.pl\/wp-content\/uploads\/2024\/02\/prezentacja-dzien-jezyka-scaled.jpg'><img loading=\"lazy\" decoding=\"async\" width=\"200\" height=\"200\" src=\"https:\/\/www.sosw.elblag.com.pl\/wp-content\/uploads\/2024\/02\/prezentacja-dzien-jezyka-200x200.jpg\" class=\"attachment-thumbnail size-thumbnail\" alt=\"\" \/><\/a>\n\t\t\t<\/dt><\/dl><dl class='gallery-item'>\n\t\t\t<dt class='gallery-icon landscape'>\n\t\t\t\t<a title=\"quiz-jezykowy\" href='https:\/\/www.sosw.elblag.com.pl\/wp-content\/uploads\/2024\/02\/quiz-jezykowy-scaled.jpg'><img loading=\"lazy\" decoding=\"async\" width=\"200\" height=\"200\" src=\"https:\/\/www.sosw.elblag.com.pl\/wp-content\/uploads\/2024\/02\/quiz-jezykowy-200x200.jpg\" class=\"attachment-thumbnail size-thumbnail\" alt=\"\" \/><\/a>\n\t\t\t<\/dt><\/dl><dl class='gallery-item'>\n\t\t\t<dt class='gallery-icon landscape'>\n\t\t\t\t<a title=\"quiz-potyczki-jezykowe\" href='https:\/\/www.sosw.elblag.com.pl\/wp-content\/uploads\/2024\/02\/quiz-potyczki-jezykowe-scaled.jpg'><img loading=\"lazy\" decoding=\"async\" width=\"200\" height=\"200\" src=\"https:\/\/www.sosw.elblag.com.pl\/wp-content\/uploads\/2024\/02\/quiz-potyczki-jezykowe-200x200.jpg\" class=\"attachment-thumbnail size-thumbnail\" alt=\"\" \/><\/a>\n\t\t\t<\/dt><\/dl><br style=\"clear: both\" \/><dl class='gallery-item'>\n\t\t\t<dt class='gallery-icon portrait'>\n\t\t\t\t<a title=\"zabawy-swietlica\" href='https:\/\/www.sosw.elblag.com.pl\/wp-content\/uploads\/2024\/02\/zabawy-swietlica.jpg'><img loading=\"lazy\" decoding=\"async\" width=\"200\" height=\"200\" src=\"https:\/\/www.sosw.elblag.com.pl\/wp-content\/uploads\/2024\/02\/zabawy-swietlica-200x200.jpg\" class=\"attachment-thumbnail size-thumbnail\" alt=\"\" \/><\/a>\n\t\t\t<\/dt><\/dl><dl class='gallery-item'>\n\t\t\t<dt class='gallery-icon portrait'>\n\t\t\t\t<a title=\"zadania-jezyk-sosw\" href='https:\/\/www.sosw.elblag.com.pl\/wp-content\/uploads\/2024\/02\/zadania-jezyk-sosw.jpg'><img loading=\"lazy\" decoding=\"async\" width=\"200\" height=\"200\" src=\"https:\/\/www.sosw.elblag.com.pl\/wp-content\/uploads\/2024\/02\/zadania-jezyk-sosw-200x200.jpg\" class=\"attachment-thumbnail size-thumbnail\" alt=\"\" \/><\/a>\n\t\t\t<\/dt><\/dl>\n\t\t\t<br style='clear: both' \/>\n\t\t<\/div>\n\n","protected":false},"excerpt":{"rendered":"<p>\u201eNie ma nic lepszego ni\u017c j\u0119zyk, kt\u00f3ry jest \u0142\u0105cznikiem \u017cycia spo\u0142ecznego, kluczem do wiedzy, organem prawdy i rozs\u0105dku oraz modlitwy\u201d Ezop \u2013 <a class=\"more-link\" href=\"https:\/\/www.sosw.elblag.com.pl\/index.php\/2024\/02\/22\/potyczki-z-polszczyzna-czyli-miedzynarodowy-dzien-jezyka-ojczystego\/\">Czytaj dalej&#8230;<\/a><\/p>\n","protected":false},"author":1,"featured_media":50747,"comment_status":"closed","ping_status":"closed","sticky":false,"template":"","format":"standard","meta":{"footnotes":""},"categories":[10,68],"tags":[],"class_list":["post-50723","post","type-post","status-publish","format-standard","has-post-thumbnail","hentry","category-dzialania-biblioteki","category-z-zycia-osrodka-2023-2024"],"_links":{"self":[{"href":"https:\/\/www.sosw.elblag.com.pl\/index.php\/wp-json\/wp\/v2\/posts\/50723","targetHints":{"allow":["GET"]}}],"collection":[{"href":"https:\/\/www.sosw.elblag.com.pl\/index.php\/wp-json\/wp\/v2\/posts"}],"about":[{"href":"https:\/\/www.sosw.elblag.com.pl\/index.php\/wp-json\/wp\/v2\/types\/post"}],"author":[{"embeddable":true,"href":"https:\/\/www.sosw.elblag.com.pl\/index.php\/wp-json\/wp\/v2\/users\/1"}],"replies":[{"embeddable":true,"href":"https:\/\/www.sosw.elblag.com.pl\/index.php\/wp-json\/wp\/v2\/comments?post=50723"}],"version-history":[{"count":1,"href":"https:\/\/www.sosw.elblag.com.pl\/index.php\/wp-json\/wp\/v2\/posts\/50723\/revisions"}],"predecessor-version":[{"id":50753,"href":"https:\/\/www.sosw.elblag.com.pl\/index.php\/wp-json\/wp\/v2\/posts\/50723\/revisions\/50753"}],"wp:featuredmedia":[{"embeddable":true,"href":"https:\/\/www.sosw.elblag.com.pl\/index.php\/wp-json\/wp\/v2\/media\/50747"}],"wp:attachment":[{"href":"https:\/\/www.sosw.elblag.com.pl\/index.php\/wp-json\/wp\/v2\/media?parent=50723"}],"wp:term":[{"taxonomy":"category","embeddable":true,"href":"https:\/\/www.sosw.elblag.com.pl\/index.php\/wp-json\/wp\/v2\/categories?post=50723"},{"taxonomy":"post_tag","embeddable":true,"href":"https:\/\/www.sosw.elblag.com.pl\/index.php\/wp-json\/wp\/v2\/tags?post=50723"}],"curies":[{"name":"wp","href":"https:\/\/api.w.org\/{rel}","templated":true}]}}