{"id":50703,"date":"2024-02-21T09:34:10","date_gmt":"2024-02-21T08:34:10","guid":{"rendered":"http:\/\/www.sosw.elblag.com.pl\/?p=50703"},"modified":"2024-02-21T09:34:10","modified_gmt":"2024-02-21T08:34:10","slug":"odkrywajac-swiat-z-nela-edukacyjne-podchody-w-warminsko-mazurskiej-bibliotece-pedagogicznej-w-elblagu","status":"publish","type":"post","link":"https:\/\/www.sosw.elblag.com.pl\/index.php\/2024\/02\/21\/odkrywajac-swiat-z-nela-edukacyjne-podchody-w-warminsko-mazurskiej-bibliotece-pedagogicznej-w-elblagu\/","title":{"rendered":"Odkrywaj\u0105c \u015awiat z Nel\u0105 &#8211; Edukacyjne podchody w Warmi\u0144sko-Mazurskiej Bibliotece Pedagogicznej w Elbl\u0105gu"},"content":{"rendered":"<div style=\"text-align: justify;\">W Bibliotece Pedagogicznej odby\u0142y si\u0119 niezwyk\u0142e zaj\u0119cia edukacyjne, kt\u00f3re pozwoli\u0142y dzieciom na wspania\u0142\u0105 podr\u00f3\u017c w \u015bwiat przyg\u00f3d z Nel\u0105. Inspiracj\u0105 do tego wyj\u0105tkowego spotkania by\u0142a popularna seria ksi\u0105\u017cek &#8222;Nela &#8211; ma\u0142a reporterka&#8221;, kt\u00f3rej bohaterka, pe\u0142na ciekawo\u015bci i zapa\u0142u do odkrywania \u015bwiata, zach\u0119ci\u0142a uczestnik\u00f3w do aktywnego uczestnictwa w zaj\u0119ciach.<\/div>\n<div style=\"text-align: justify;\"><\/div>\n<div style=\"text-align: justify;\">Uczniowie klasy IIa i IIIf wzi\u0119li udzia\u0142 w zabawie, kt\u00f3ra sprawi\u0142a, \u017ce biblioteka sta\u0142a si\u0119 polem niezwyk\u0142ych poszukiwa\u0144. Zadaniem uczestnik\u00f3w by\u0142o odnalezienie zada\u0144 ukrytych w r\u00f3\u017cnych zak\u0105tkach biblioteki &#8211; od najni\u017cszych piwnic po najwy\u017csze pi\u0119tra. Ka\u017cde zadanie wi\u0105za\u0142o si\u0119 z zagadkami i pytaniami zwi\u0105zanymi z og\u00f3ln\u0105 wiedz\u0105 na temat zwierz\u0105t, ro\u015blin i innych ciekawostek przyrodniczych. Wymaga\u0142o to nie tylko koncentracji i spostrzegawczo\u015bci, ale r\u00f3wnie\u017c sprawdzenia swojej wiedzy i umiej\u0119tno\u015bci logicznego my\u015blenia.<\/div>\n<div style=\"text-align: justify;\"><\/div>\n<div style=\"text-align: justify;\">Zaj\u0119cia nie tylko dostarczy\u0142y dzieciom rado\u015bci, ale r\u00f3wnie\u017c doskonale wpisa\u0142y si\u0119 w realizowany ekoprojekt &#8222;Ocalimy \u015awiat&#8221;. Temat podr\u00f3\u017cy w \u015blad za Nel\u0105, pe\u0142nej pasji i determinacji do poznawania \u015bwiata, idealnie komponowa\u0142 si\u0119 z za\u0142o\u017ceniami, promuj\u0105cymi wiedz\u0119 o \u015brodowisku, ekologi\u0119 i ochron\u0119 przyrody.<\/div>\n<div class=\"yj6qo\"><\/div>\n<div style=\"text-align: justify;\">\n<div class=\"adL\">\n\n\t\t<style type=\"text\/css\">\n\t\t\t#gallery-1 {\n\t\t\t\tmargin: auto;\n\t\t\t}\n\t\t\t#gallery-1 .gallery-item {\n\t\t\t\tfloat: left;\n\t\t\t\tmargin-top: 10px;\n\t\t\t\ttext-align: center;\n\t\t\t\twidth: 50%;\n\t\t\t}\n\t\t\t#gallery-1 img {\n\t\t\t\tborder: 2px solid #cfcfcf;\n\t\t\t}\n\t\t\t#gallery-1 .gallery-caption {\n\t\t\t\tmargin-left: 0;\n\t\t\t}\n\t\t\t\/* see gallery_shortcode() in wp-includes\/media.php *\/\n\t\t<\/style>\n\t\t<div id='gallery-1' class='gallery galleryid-50703 gallery-columns-2 gallery-size-thumbnail'><dl class='gallery-item'>\n\t\t\t<dt class='gallery-icon portrait'>\n\t\t\t\t<a title=\"omowienie_zasad\" href='https:\/\/www.sosw.elblag.com.pl\/wp-content\/uploads\/2024\/02\/omowienie_zasad.jpg'><img loading=\"lazy\" decoding=\"async\" width=\"200\" height=\"200\" src=\"https:\/\/www.sosw.elblag.com.pl\/wp-content\/uploads\/2024\/02\/omowienie_zasad-200x200.jpg\" class=\"attachment-thumbnail size-thumbnail\" alt=\"Odkrywaj\u0105c \u015awiat z Nel\u0105 - Edukacyjne podchody w Warmi\u0144sko-Mazurskiej Bibliotece Pedagogicznej w Elbl\u0105gu\" \/><\/a>\n\t\t\t<\/dt><\/dl><dl class='gallery-item'>\n\t\t\t<dt class='gallery-icon portrait'>\n\t\t\t\t<a title=\"Rozwiazywanie_zadan\" href='https:\/\/www.sosw.elblag.com.pl\/wp-content\/uploads\/2024\/02\/Rozwiazywanie_zadan.jpg'><img loading=\"lazy\" decoding=\"async\" width=\"200\" height=\"200\" src=\"https:\/\/www.sosw.elblag.com.pl\/wp-content\/uploads\/2024\/02\/Rozwiazywanie_zadan-200x200.jpg\" class=\"attachment-thumbnail size-thumbnail\" alt=\"Odkrywaj\u0105c \u015awiat z Nel\u0105 - Edukacyjne podchody w Warmi\u0144sko-Mazurskiej Bibliotece Pedagogicznej w Elbl\u0105gu\" \/><\/a>\n\t\t\t<\/dt><\/dl><br style=\"clear: both\" \/><dl class='gallery-item'>\n\t\t\t<dt class='gallery-icon portrait'>\n\t\t\t\t<a title=\"Rozwiazywanie_zadan2\" href='https:\/\/www.sosw.elblag.com.pl\/wp-content\/uploads\/2024\/02\/Rozwiazywanie_zadan2.jpg'><img loading=\"lazy\" decoding=\"async\" width=\"200\" height=\"200\" src=\"https:\/\/www.sosw.elblag.com.pl\/wp-content\/uploads\/2024\/02\/Rozwiazywanie_zadan2-200x200.jpg\" class=\"attachment-thumbnail size-thumbnail\" alt=\"Odkrywaj\u0105c \u015awiat z Nel\u0105 - Edukacyjne podchody w Warmi\u0144sko-Mazurskiej Bibliotece Pedagogicznej w Elbl\u0105gu\" \/><\/a>\n\t\t\t<\/dt><\/dl><dl class='gallery-item'>\n\t\t\t<dt class='gallery-icon landscape'>\n\t\t\t\t<a title=\"rozwiazywanie_zadan3\" href='https:\/\/www.sosw.elblag.com.pl\/wp-content\/uploads\/2024\/02\/rozwiazywanie_zadan3.jpg'><img loading=\"lazy\" decoding=\"async\" width=\"200\" height=\"200\" src=\"https:\/\/www.sosw.elblag.com.pl\/wp-content\/uploads\/2024\/02\/rozwiazywanie_zadan3-200x200.jpg\" class=\"attachment-thumbnail size-thumbnail\" alt=\"Odkrywaj\u0105c \u015awiat z Nel\u0105 - Edukacyjne podchody w Warmi\u0144sko-Mazurskiej Bibliotece Pedagogicznej w Elbl\u0105gu\" \/><\/a>\n\t\t\t<\/dt><\/dl><br style=\"clear: both\" \/><dl class='gallery-item'>\n\t\t\t<dt class='gallery-icon portrait'>\n\t\t\t\t<a title=\"rozwiazywanie_zadan4\" href='https:\/\/www.sosw.elblag.com.pl\/wp-content\/uploads\/2024\/02\/rozwiazywanie_zadan4.jpg'><img loading=\"lazy\" decoding=\"async\" width=\"200\" height=\"200\" src=\"https:\/\/www.sosw.elblag.com.pl\/wp-content\/uploads\/2024\/02\/rozwiazywanie_zadan4-200x200.jpg\" class=\"attachment-thumbnail size-thumbnail\" alt=\"Odkrywaj\u0105c \u015awiat z Nel\u0105 - Edukacyjne podchody w Warmi\u0144sko-Mazurskiej Bibliotece Pedagogicznej w Elbl\u0105gu\" \/><\/a>\n\t\t\t<\/dt><\/dl><dl class='gallery-item'>\n\t\t\t<dt class='gallery-icon portrait'>\n\t\t\t\t<a title=\"sprawdzanie_odpowiedzi\" href='https:\/\/www.sosw.elblag.com.pl\/wp-content\/uploads\/2024\/02\/sprawdzanie_odpowiedzi.jpg'><img loading=\"lazy\" decoding=\"async\" width=\"200\" height=\"200\" src=\"https:\/\/www.sosw.elblag.com.pl\/wp-content\/uploads\/2024\/02\/sprawdzanie_odpowiedzi-200x200.jpg\" class=\"attachment-thumbnail size-thumbnail\" alt=\"Odkrywaj\u0105c \u015awiat z Nel\u0105 - Edukacyjne podchody w Warmi\u0144sko-Mazurskiej Bibliotece Pedagogicznej w Elbl\u0105gu\" \/><\/a>\n\t\t\t<\/dt><\/dl><br style=\"clear: both\" \/><dl class='gallery-item'>\n\t\t\t<dt class='gallery-icon portrait'>\n\t\t\t\t<a title=\"z_wizyta_w_bibliotece\" href='https:\/\/www.sosw.elblag.com.pl\/wp-content\/uploads\/2024\/02\/z_wizyta_w_bibliotece.jpg'><img loading=\"lazy\" decoding=\"async\" width=\"200\" height=\"200\" src=\"https:\/\/www.sosw.elblag.com.pl\/wp-content\/uploads\/2024\/02\/z_wizyta_w_bibliotece-200x200.jpg\" class=\"attachment-thumbnail size-thumbnail\" alt=\"Odkrywaj\u0105c \u015awiat z Nel\u0105 - Edukacyjne podchody w Warmi\u0144sko-Mazurskiej Bibliotece Pedagogicznej w Elbl\u0105gu\" \/><\/a>\n\t\t\t<\/dt><\/dl>\n\t\t\t<br style='clear: both' \/>\n\t\t<\/div>\n\n<\/div>\n<\/div>\n","protected":false},"excerpt":{"rendered":"<p>W Bibliotece Pedagogicznej odby\u0142y si\u0119 niezwyk\u0142e zaj\u0119cia edukacyjne, kt\u00f3re pozwoli\u0142y dzieciom na wspania\u0142\u0105 podr\u00f3\u017c w \u015bwiat przyg\u00f3d z Nel\u0105. Inspiracj\u0105 do tego <a class=\"more-link\" href=\"https:\/\/www.sosw.elblag.com.pl\/index.php\/2024\/02\/21\/odkrywajac-swiat-z-nela-edukacyjne-podchody-w-warminsko-mazurskiej-bibliotece-pedagogicznej-w-elblagu\/\">Czytaj dalej&#8230;<\/a><\/p>\n","protected":false},"author":1,"featured_media":50704,"comment_status":"closed","ping_status":"closed","sticky":false,"template":"","format":"standard","meta":{"footnotes":""},"categories":[68],"tags":[],"class_list":["post-50703","post","type-post","status-publish","format-standard","has-post-thumbnail","hentry","category-z-zycia-osrodka-2023-2024"],"_links":{"self":[{"href":"https:\/\/www.sosw.elblag.com.pl\/index.php\/wp-json\/wp\/v2\/posts\/50703","targetHints":{"allow":["GET"]}}],"collection":[{"href":"https:\/\/www.sosw.elblag.com.pl\/index.php\/wp-json\/wp\/v2\/posts"}],"about":[{"href":"https:\/\/www.sosw.elblag.com.pl\/index.php\/wp-json\/wp\/v2\/types\/post"}],"author":[{"embeddable":true,"href":"https:\/\/www.sosw.elblag.com.pl\/index.php\/wp-json\/wp\/v2\/users\/1"}],"replies":[{"embeddable":true,"href":"https:\/\/www.sosw.elblag.com.pl\/index.php\/wp-json\/wp\/v2\/comments?post=50703"}],"version-history":[{"count":1,"href":"https:\/\/www.sosw.elblag.com.pl\/index.php\/wp-json\/wp\/v2\/posts\/50703\/revisions"}],"predecessor-version":[{"id":50711,"href":"https:\/\/www.sosw.elblag.com.pl\/index.php\/wp-json\/wp\/v2\/posts\/50703\/revisions\/50711"}],"wp:featuredmedia":[{"embeddable":true,"href":"https:\/\/www.sosw.elblag.com.pl\/index.php\/wp-json\/wp\/v2\/media\/50704"}],"wp:attachment":[{"href":"https:\/\/www.sosw.elblag.com.pl\/index.php\/wp-json\/wp\/v2\/media?parent=50703"}],"wp:term":[{"taxonomy":"category","embeddable":true,"href":"https:\/\/www.sosw.elblag.com.pl\/index.php\/wp-json\/wp\/v2\/categories?post=50703"},{"taxonomy":"post_tag","embeddable":true,"href":"https:\/\/www.sosw.elblag.com.pl\/index.php\/wp-json\/wp\/v2\/tags?post=50703"}],"curies":[{"name":"wp","href":"https:\/\/api.w.org\/{rel}","templated":true}]}}