{"id":50066,"date":"2024-01-29T19:45:15","date_gmt":"2024-01-29T18:45:15","guid":{"rendered":"http:\/\/www.sosw.elblag.com.pl\/?p=50066"},"modified":"2024-01-29T19:45:15","modified_gmt":"2024-01-29T18:45:15","slug":"polzimowisko-dzien-pierwszy-2","status":"publish","type":"post","link":"https:\/\/www.sosw.elblag.com.pl\/index.php\/2024\/01\/29\/polzimowisko-dzien-pierwszy-2\/","title":{"rendered":"P\u00f3\u0142zimowisko &#8211; dzie\u0144 pierwszy"},"content":{"rendered":"<p style=\"text-align: justify;\">W poniedzia\u0142ek przywitali\u015bmy nowych uczestnik\u00f3w p\u00f3\u0142zimowiska. Dzie\u0144 rozpocz\u0119li\u015bmy od spotkania z przedstawicielem Komendy Miejskiej Policji p. Wiktorem Kaczmarkiem, kt\u00f3ry w przyst\u0119pny i ciekawy spos\u00f3b przypomnia\u0142 wszystkie zasady bezpiecze\u0144stwa. Nast\u0119pnie udali\u015bmy si\u0119 do kina \u015awiatowid na film p.t. \u201eEkipa z d\u017cungli\u201d. Po powrocie do szko\u0142y dzieci bra\u0142y udzia\u0142 w\u00a0 zabawach zespo\u0142owych w sali gimnastyki korekcyjnej. To by\u0142 dzie\u0144 pe\u0142en rado\u015bci.<\/p>\n\n\t\t<style type=\"text\/css\">\n\t\t\t#gallery-1 {\n\t\t\t\tmargin: auto;\n\t\t\t}\n\t\t\t#gallery-1 .gallery-item {\n\t\t\t\tfloat: left;\n\t\t\t\tmargin-top: 10px;\n\t\t\t\ttext-align: center;\n\t\t\t\twidth: 33%;\n\t\t\t}\n\t\t\t#gallery-1 img {\n\t\t\t\tborder: 2px solid #cfcfcf;\n\t\t\t}\n\t\t\t#gallery-1 .gallery-caption {\n\t\t\t\tmargin-left: 0;\n\t\t\t}\n\t\t\t\/* see gallery_shortcode() in wp-includes\/media.php *\/\n\t\t<\/style>\n\t\t<div id='gallery-1' class='gallery galleryid-50066 gallery-columns-3 gallery-size-thumbnail'><dl class='gallery-item'>\n\t\t\t<dt class='gallery-icon portrait'>\n\t\t\t\t<a title=\"P\u00f3\u0142zimowisko dzie\u0144 pierwszy (1)\" href='https:\/\/www.sosw.elblag.com.pl\/wp-content\/uploads\/2024\/01\/Polzimowisko-dzien-pierwszy-1.jpg'><img loading=\"lazy\" decoding=\"async\" width=\"200\" height=\"200\" src=\"https:\/\/www.sosw.elblag.com.pl\/wp-content\/uploads\/2024\/01\/Polzimowisko-dzien-pierwszy-1-200x200.jpg\" class=\"attachment-thumbnail size-thumbnail\" alt=\"\" \/><\/a>\n\t\t\t<\/dt><\/dl><dl class='gallery-item'>\n\t\t\t<dt class='gallery-icon landscape'>\n\t\t\t\t<a title=\"P\u00f3\u0142zimowisko dzie\u0144 pierwszy (2)\" href='https:\/\/www.sosw.elblag.com.pl\/wp-content\/uploads\/2024\/01\/Polzimowisko-dzien-pierwszy-2.jpg'><img loading=\"lazy\" decoding=\"async\" width=\"200\" height=\"200\" src=\"https:\/\/www.sosw.elblag.com.pl\/wp-content\/uploads\/2024\/01\/Polzimowisko-dzien-pierwszy-2-200x200.jpg\" class=\"attachment-thumbnail size-thumbnail\" alt=\"\" \/><\/a>\n\t\t\t<\/dt><\/dl><dl class='gallery-item'>\n\t\t\t<dt class='gallery-icon portrait'>\n\t\t\t\t<a title=\"P\u00f3\u0142zimowisko dzie\u0144 pierwszy (3)\" href='https:\/\/www.sosw.elblag.com.pl\/wp-content\/uploads\/2024\/01\/Polzimowisko-dzien-pierwszy-3.jpg'><img loading=\"lazy\" decoding=\"async\" width=\"200\" height=\"200\" src=\"https:\/\/www.sosw.elblag.com.pl\/wp-content\/uploads\/2024\/01\/Polzimowisko-dzien-pierwszy-3-200x200.jpg\" class=\"attachment-thumbnail size-thumbnail\" alt=\"\" \/><\/a>\n\t\t\t<\/dt><\/dl><br style=\"clear: both\" \/><dl class='gallery-item'>\n\t\t\t<dt class='gallery-icon landscape'>\n\t\t\t\t<a title=\"P\u00f3\u0142zimowisko dzie\u0144 pierwszy (4)\" href='https:\/\/www.sosw.elblag.com.pl\/wp-content\/uploads\/2024\/01\/Polzimowisko-dzien-pierwszy-4.jpg'><img loading=\"lazy\" decoding=\"async\" width=\"200\" height=\"200\" src=\"https:\/\/www.sosw.elblag.com.pl\/wp-content\/uploads\/2024\/01\/Polzimowisko-dzien-pierwszy-4-200x200.jpg\" class=\"attachment-thumbnail size-thumbnail\" alt=\"\" \/><\/a>\n\t\t\t<\/dt><\/dl><dl class='gallery-item'>\n\t\t\t<dt class='gallery-icon landscape'>\n\t\t\t\t<a title=\"P\u00f3\u0142zimowisko dzie\u0144 pierwszy (5)\" href='https:\/\/www.sosw.elblag.com.pl\/wp-content\/uploads\/2024\/01\/Polzimowisko-dzien-pierwszy-5.jpg'><img loading=\"lazy\" decoding=\"async\" width=\"200\" height=\"200\" src=\"https:\/\/www.sosw.elblag.com.pl\/wp-content\/uploads\/2024\/01\/Polzimowisko-dzien-pierwszy-5-200x200.jpg\" class=\"attachment-thumbnail size-thumbnail\" alt=\"\" \/><\/a>\n\t\t\t<\/dt><\/dl><dl class='gallery-item'>\n\t\t\t<dt class='gallery-icon landscape'>\n\t\t\t\t<a title=\"P\u00f3\u0142zimowisko dzie\u0144 pierwszy (6)\" href='https:\/\/www.sosw.elblag.com.pl\/wp-content\/uploads\/2024\/01\/Polzimowisko-dzien-pierwszy-6.jpg'><img loading=\"lazy\" decoding=\"async\" width=\"200\" height=\"200\" src=\"https:\/\/www.sosw.elblag.com.pl\/wp-content\/uploads\/2024\/01\/Polzimowisko-dzien-pierwszy-6-200x200.jpg\" class=\"attachment-thumbnail size-thumbnail\" alt=\"\" \/><\/a>\n\t\t\t<\/dt><\/dl><br style=\"clear: both\" \/><dl class='gallery-item'>\n\t\t\t<dt class='gallery-icon landscape'>\n\t\t\t\t<a title=\"P\u00f3\u0142zimowisko dzie\u0144 pierwszy (7)\" href='https:\/\/www.sosw.elblag.com.pl\/wp-content\/uploads\/2024\/01\/Polzimowisko-dzien-pierwszy-7.jpg'><img loading=\"lazy\" decoding=\"async\" width=\"200\" height=\"200\" src=\"https:\/\/www.sosw.elblag.com.pl\/wp-content\/uploads\/2024\/01\/Polzimowisko-dzien-pierwszy-7-200x200.jpg\" class=\"attachment-thumbnail size-thumbnail\" alt=\"\" \/><\/a>\n\t\t\t<\/dt><\/dl><dl class='gallery-item'>\n\t\t\t<dt class='gallery-icon landscape'>\n\t\t\t\t<a title=\"P\u00f3\u0142zimowisko dzie\u0144 pierwszy (8)\" href='https:\/\/www.sosw.elblag.com.pl\/wp-content\/uploads\/2024\/01\/Polzimowisko-dzien-pierwszy-8.jpg'><img loading=\"lazy\" decoding=\"async\" width=\"200\" height=\"200\" src=\"https:\/\/www.sosw.elblag.com.pl\/wp-content\/uploads\/2024\/01\/Polzimowisko-dzien-pierwszy-8-200x200.jpg\" class=\"attachment-thumbnail size-thumbnail\" alt=\"\" \/><\/a>\n\t\t\t<\/dt><\/dl><dl class='gallery-item'>\n\t\t\t<dt class='gallery-icon portrait'>\n\t\t\t\t<a title=\"P\u00f3\u0142zimowisko dzie\u0144 pierwszy (9)\" href='https:\/\/www.sosw.elblag.com.pl\/wp-content\/uploads\/2024\/01\/Polzimowisko-dzien-pierwszy-9.jpg'><img loading=\"lazy\" decoding=\"async\" width=\"200\" height=\"200\" src=\"https:\/\/www.sosw.elblag.com.pl\/wp-content\/uploads\/2024\/01\/Polzimowisko-dzien-pierwszy-9-200x200.jpg\" class=\"attachment-thumbnail size-thumbnail\" alt=\"\" \/><\/a>\n\t\t\t<\/dt><\/dl><br style=\"clear: both\" \/><dl class='gallery-item'>\n\t\t\t<dt class='gallery-icon landscape'>\n\t\t\t\t<a title=\"P\u00f3\u0142zimowisko dzie\u0144 pierwszy (10)\" href='https:\/\/www.sosw.elblag.com.pl\/wp-content\/uploads\/2024\/01\/Polzimowisko-dzien-pierwszy-10.jpg'><img loading=\"lazy\" decoding=\"async\" width=\"200\" height=\"200\" src=\"https:\/\/www.sosw.elblag.com.pl\/wp-content\/uploads\/2024\/01\/Polzimowisko-dzien-pierwszy-10-200x200.jpg\" class=\"attachment-thumbnail size-thumbnail\" alt=\"\" \/><\/a>\n\t\t\t<\/dt><\/dl><dl class='gallery-item'>\n\t\t\t<dt class='gallery-icon portrait'>\n\t\t\t\t<a title=\"P\u00f3\u0142zimowisko dzie\u0144 pierwszy (11)\" href='https:\/\/www.sosw.elblag.com.pl\/wp-content\/uploads\/2024\/01\/Polzimowisko-dzien-pierwszy-11.jpg'><img loading=\"lazy\" decoding=\"async\" width=\"200\" height=\"200\" src=\"https:\/\/www.sosw.elblag.com.pl\/wp-content\/uploads\/2024\/01\/Polzimowisko-dzien-pierwszy-11-200x200.jpg\" class=\"attachment-thumbnail size-thumbnail\" alt=\"\" \/><\/a>\n\t\t\t<\/dt><\/dl><dl class='gallery-item'>\n\t\t\t<dt class='gallery-icon landscape'>\n\t\t\t\t<a title=\"P\u00f3\u0142zimowisko dzie\u0144 pierwszy (12)\" href='https:\/\/www.sosw.elblag.com.pl\/wp-content\/uploads\/2024\/01\/Polzimowisko-dzien-pierwszy-12.jpg'><img loading=\"lazy\" decoding=\"async\" width=\"200\" height=\"200\" src=\"https:\/\/www.sosw.elblag.com.pl\/wp-content\/uploads\/2024\/01\/Polzimowisko-dzien-pierwszy-12-200x200.jpg\" class=\"attachment-thumbnail size-thumbnail\" alt=\"\" \/><\/a>\n\t\t\t<\/dt><\/dl><br style=\"clear: both\" \/><dl class='gallery-item'>\n\t\t\t<dt class='gallery-icon landscape'>\n\t\t\t\t<a title=\"P\u00f3\u0142zimowisko dzie\u0144 pierwszy (13)\" href='https:\/\/www.sosw.elblag.com.pl\/wp-content\/uploads\/2024\/01\/Polzimowisko-dzien-pierwszy-13.jpg'><img loading=\"lazy\" decoding=\"async\" width=\"200\" height=\"200\" src=\"https:\/\/www.sosw.elblag.com.pl\/wp-content\/uploads\/2024\/01\/Polzimowisko-dzien-pierwszy-13-200x200.jpg\" class=\"attachment-thumbnail size-thumbnail\" alt=\"\" \/><\/a>\n\t\t\t<\/dt><\/dl><dl class='gallery-item'>\n\t\t\t<dt class='gallery-icon landscape'>\n\t\t\t\t<a title=\"P\u00f3\u0142zimowisko dzie\u0144 pierwszy (14)\" href='https:\/\/www.sosw.elblag.com.pl\/wp-content\/uploads\/2024\/01\/Polzimowisko-dzien-pierwszy-14.jpg'><img loading=\"lazy\" decoding=\"async\" width=\"200\" height=\"200\" src=\"https:\/\/www.sosw.elblag.com.pl\/wp-content\/uploads\/2024\/01\/Polzimowisko-dzien-pierwszy-14-200x200.jpg\" class=\"attachment-thumbnail size-thumbnail\" alt=\"\" \/><\/a>\n\t\t\t<\/dt><\/dl><dl class='gallery-item'>\n\t\t\t<dt class='gallery-icon landscape'>\n\t\t\t\t<a title=\"P\u00f3\u0142zimowisko dzie\u0144 pierwszy (15)\" href='https:\/\/www.sosw.elblag.com.pl\/wp-content\/uploads\/2024\/01\/Polzimowisko-dzien-pierwszy-15.jpg'><img loading=\"lazy\" decoding=\"async\" width=\"200\" height=\"200\" src=\"https:\/\/www.sosw.elblag.com.pl\/wp-content\/uploads\/2024\/01\/Polzimowisko-dzien-pierwszy-15-200x200.jpg\" class=\"attachment-thumbnail size-thumbnail\" alt=\"\" \/><\/a>\n\t\t\t<\/dt><\/dl><br style=\"clear: both\" \/><dl class='gallery-item'>\n\t\t\t<dt class='gallery-icon landscape'>\n\t\t\t\t<a title=\"P\u00f3\u0142zimowisko dzie\u0144 pierwszy (16)\" href='https:\/\/www.sosw.elblag.com.pl\/wp-content\/uploads\/2024\/01\/Polzimowisko-dzien-pierwszy-16.jpg'><img loading=\"lazy\" decoding=\"async\" width=\"200\" height=\"200\" src=\"https:\/\/www.sosw.elblag.com.pl\/wp-content\/uploads\/2024\/01\/Polzimowisko-dzien-pierwszy-16-200x200.jpg\" class=\"attachment-thumbnail size-thumbnail\" alt=\"\" \/><\/a>\n\t\t\t<\/dt><\/dl><dl class='gallery-item'>\n\t\t\t<dt class='gallery-icon portrait'>\n\t\t\t\t<a title=\"P\u00f3\u0142zimowisko dzie\u0144 pierwszy (17)\" href='https:\/\/www.sosw.elblag.com.pl\/wp-content\/uploads\/2024\/01\/Polzimowisko-dzien-pierwszy-17.jpg'><img loading=\"lazy\" decoding=\"async\" width=\"200\" height=\"200\" src=\"https:\/\/www.sosw.elblag.com.pl\/wp-content\/uploads\/2024\/01\/Polzimowisko-dzien-pierwszy-17-200x200.jpg\" class=\"attachment-thumbnail size-thumbnail\" alt=\"\" \/><\/a>\n\t\t\t<\/dt><\/dl><dl class='gallery-item'>\n\t\t\t<dt class='gallery-icon portrait'>\n\t\t\t\t<a title=\"P\u00f3\u0142zimowisko dzie\u0144 pierwszy (18)\" href='https:\/\/www.sosw.elblag.com.pl\/wp-content\/uploads\/2024\/01\/Polzimowisko-dzien-pierwszy-18.jpg'><img loading=\"lazy\" decoding=\"async\" width=\"200\" height=\"200\" src=\"https:\/\/www.sosw.elblag.com.pl\/wp-content\/uploads\/2024\/01\/Polzimowisko-dzien-pierwszy-18-200x200.jpg\" class=\"attachment-thumbnail size-thumbnail\" alt=\"\" \/><\/a>\n\t\t\t<\/dt><\/dl><br style=\"clear: both\" \/><dl class='gallery-item'>\n\t\t\t<dt class='gallery-icon portrait'>\n\t\t\t\t<a title=\"P\u00f3\u0142zimowisko dzie\u0144 pierwszy (19)\" href='https:\/\/www.sosw.elblag.com.pl\/wp-content\/uploads\/2024\/01\/Polzimowisko-dzien-pierwszy-19.jpg'><img loading=\"lazy\" decoding=\"async\" width=\"200\" height=\"200\" src=\"https:\/\/www.sosw.elblag.com.pl\/wp-content\/uploads\/2024\/01\/Polzimowisko-dzien-pierwszy-19-200x200.jpg\" class=\"attachment-thumbnail size-thumbnail\" alt=\"\" \/><\/a>\n\t\t\t<\/dt><\/dl><dl class='gallery-item'>\n\t\t\t<dt class='gallery-icon portrait'>\n\t\t\t\t<a title=\"P\u00f3\u0142zimowisko dzie\u0144 pierwszy (20)\" href='https:\/\/www.sosw.elblag.com.pl\/wp-content\/uploads\/2024\/01\/Polzimowisko-dzien-pierwszy-20.jpg'><img loading=\"lazy\" decoding=\"async\" width=\"200\" height=\"200\" src=\"https:\/\/www.sosw.elblag.com.pl\/wp-content\/uploads\/2024\/01\/Polzimowisko-dzien-pierwszy-20-200x200.jpg\" class=\"attachment-thumbnail size-thumbnail\" alt=\"\" \/><\/a>\n\t\t\t<\/dt><\/dl><dl class='gallery-item'>\n\t\t\t<dt class='gallery-icon portrait'>\n\t\t\t\t<a title=\"P\u00f3\u0142zimowisko dzie\u0144 pierwszy (21)\" href='https:\/\/www.sosw.elblag.com.pl\/wp-content\/uploads\/2024\/01\/Polzimowisko-dzien-pierwszy-21.jpg'><img loading=\"lazy\" decoding=\"async\" width=\"200\" height=\"200\" src=\"https:\/\/www.sosw.elblag.com.pl\/wp-content\/uploads\/2024\/01\/Polzimowisko-dzien-pierwszy-21-200x200.jpg\" class=\"attachment-thumbnail size-thumbnail\" alt=\"\" \/><\/a>\n\t\t\t<\/dt><\/dl><br style=\"clear: both\" \/><dl class='gallery-item'>\n\t\t\t<dt class='gallery-icon portrait'>\n\t\t\t\t<a title=\"P\u00f3\u0142zimowisko dzie\u0144 pierwszy (22)\" href='https:\/\/www.sosw.elblag.com.pl\/wp-content\/uploads\/2024\/01\/Polzimowisko-dzien-pierwszy-22.jpg'><img loading=\"lazy\" decoding=\"async\" width=\"200\" height=\"200\" src=\"https:\/\/www.sosw.elblag.com.pl\/wp-content\/uploads\/2024\/01\/Polzimowisko-dzien-pierwszy-22-200x200.jpg\" class=\"attachment-thumbnail size-thumbnail\" alt=\"\" \/><\/a>\n\t\t\t<\/dt><\/dl><dl class='gallery-item'>\n\t\t\t<dt class='gallery-icon portrait'>\n\t\t\t\t<a title=\"P\u00f3\u0142zimowisko dzie\u0144 pierwszy (23)\" href='https:\/\/www.sosw.elblag.com.pl\/wp-content\/uploads\/2024\/01\/Polzimowisko-dzien-pierwszy-23.jpg'><img loading=\"lazy\" decoding=\"async\" width=\"200\" height=\"200\" src=\"https:\/\/www.sosw.elblag.com.pl\/wp-content\/uploads\/2024\/01\/Polzimowisko-dzien-pierwszy-23-200x200.jpg\" class=\"attachment-thumbnail size-thumbnail\" alt=\"\" \/><\/a>\n\t\t\t<\/dt><\/dl><dl class='gallery-item'>\n\t\t\t<dt class='gallery-icon landscape'>\n\t\t\t\t<a title=\"P\u00f3\u0142zimowisko dzie\u0144 pierwszy (24)\" href='https:\/\/www.sosw.elblag.com.pl\/wp-content\/uploads\/2024\/01\/Polzimowisko-dzien-pierwszy-24.jpg'><img loading=\"lazy\" decoding=\"async\" width=\"200\" height=\"200\" src=\"https:\/\/www.sosw.elblag.com.pl\/wp-content\/uploads\/2024\/01\/Polzimowisko-dzien-pierwszy-24-200x200.jpg\" class=\"attachment-thumbnail size-thumbnail\" alt=\"\" \/><\/a>\n\t\t\t<\/dt><\/dl><br style=\"clear: both\" \/><dl class='gallery-item'>\n\t\t\t<dt class='gallery-icon portrait'>\n\t\t\t\t<a title=\"P\u00f3\u0142zimowisko dzie\u0144 pierwszy (25)\" href='https:\/\/www.sosw.elblag.com.pl\/wp-content\/uploads\/2024\/01\/Polzimowisko-dzien-pierwszy-25.jpg'><img loading=\"lazy\" decoding=\"async\" width=\"200\" height=\"200\" src=\"https:\/\/www.sosw.elblag.com.pl\/wp-content\/uploads\/2024\/01\/Polzimowisko-dzien-pierwszy-25-200x200.jpg\" class=\"attachment-thumbnail size-thumbnail\" alt=\"\" \/><\/a>\n\t\t\t<\/dt><\/dl><dl class='gallery-item'>\n\t\t\t<dt class='gallery-icon landscape'>\n\t\t\t\t<a title=\"P\u00f3\u0142zimowisko dzie\u0144 pierwszy (26)\" href='https:\/\/www.sosw.elblag.com.pl\/wp-content\/uploads\/2024\/01\/Polzimowisko-dzien-pierwszy-26.jpg'><img loading=\"lazy\" decoding=\"async\" width=\"200\" height=\"200\" src=\"https:\/\/www.sosw.elblag.com.pl\/wp-content\/uploads\/2024\/01\/Polzimowisko-dzien-pierwszy-26-200x200.jpg\" class=\"attachment-thumbnail size-thumbnail\" alt=\"\" \/><\/a>\n\t\t\t<\/dt><\/dl><dl class='gallery-item'>\n\t\t\t<dt class='gallery-icon landscape'>\n\t\t\t\t<a title=\"P\u00f3\u0142zimowisko dzie\u0144 pierwszy (27)\" href='https:\/\/www.sosw.elblag.com.pl\/wp-content\/uploads\/2024\/01\/Polzimowisko-dzien-pierwszy-27.jpg'><img loading=\"lazy\" decoding=\"async\" width=\"200\" height=\"200\" src=\"https:\/\/www.sosw.elblag.com.pl\/wp-content\/uploads\/2024\/01\/Polzimowisko-dzien-pierwszy-27-200x200.jpg\" class=\"attachment-thumbnail size-thumbnail\" alt=\"\" \/><\/a>\n\t\t\t<\/dt><\/dl><br style=\"clear: both\" \/><dl class='gallery-item'>\n\t\t\t<dt class='gallery-icon landscape'>\n\t\t\t\t<a title=\"P\u00f3\u0142zimowisko dzie\u0144 pierwszy (28)\" href='https:\/\/www.sosw.elblag.com.pl\/wp-content\/uploads\/2024\/01\/Polzimowisko-dzien-pierwszy-28.jpg'><img loading=\"lazy\" decoding=\"async\" width=\"200\" height=\"200\" src=\"https:\/\/www.sosw.elblag.com.pl\/wp-content\/uploads\/2024\/01\/Polzimowisko-dzien-pierwszy-28-200x200.jpg\" class=\"attachment-thumbnail size-thumbnail\" alt=\"\" \/><\/a>\n\t\t\t<\/dt><\/dl><dl class='gallery-item'>\n\t\t\t<dt class='gallery-icon portrait'>\n\t\t\t\t<a title=\"P\u00f3\u0142zimowisko dzie\u0144 pierwszy (29)\" href='https:\/\/www.sosw.elblag.com.pl\/wp-content\/uploads\/2024\/01\/Polzimowisko-dzien-pierwszy-29.jpg'><img loading=\"lazy\" decoding=\"async\" width=\"200\" height=\"200\" src=\"https:\/\/www.sosw.elblag.com.pl\/wp-content\/uploads\/2024\/01\/Polzimowisko-dzien-pierwszy-29-200x200.jpg\" class=\"attachment-thumbnail size-thumbnail\" alt=\"\" \/><\/a>\n\t\t\t<\/dt><\/dl><dl class='gallery-item'>\n\t\t\t<dt class='gallery-icon portrait'>\n\t\t\t\t<a title=\"P\u00f3\u0142zimowisko dzie\u0144 pierwszy (30)\" href='https:\/\/www.sosw.elblag.com.pl\/wp-content\/uploads\/2024\/01\/Polzimowisko-dzien-pierwszy-30.jpg'><img loading=\"lazy\" decoding=\"async\" width=\"200\" height=\"200\" src=\"https:\/\/www.sosw.elblag.com.pl\/wp-content\/uploads\/2024\/01\/Polzimowisko-dzien-pierwszy-30-200x200.jpg\" class=\"attachment-thumbnail size-thumbnail\" alt=\"\" \/><\/a>\n\t\t\t<\/dt><\/dl><br style=\"clear: both\" \/><dl class='gallery-item'>\n\t\t\t<dt class='gallery-icon portrait'>\n\t\t\t\t<a title=\"P\u00f3\u0142zimowisko dzie\u0144 pierwszy (31)\" href='https:\/\/www.sosw.elblag.com.pl\/wp-content\/uploads\/2024\/01\/Polzimowisko-dzien-pierwszy-31.jpg'><img loading=\"lazy\" decoding=\"async\" width=\"200\" height=\"200\" src=\"https:\/\/www.sosw.elblag.com.pl\/wp-content\/uploads\/2024\/01\/Polzimowisko-dzien-pierwszy-31-200x200.jpg\" class=\"attachment-thumbnail size-thumbnail\" alt=\"\" \/><\/a>\n\t\t\t<\/dt><\/dl><dl class='gallery-item'>\n\t\t\t<dt class='gallery-icon portrait'>\n\t\t\t\t<a title=\"P\u00f3\u0142zimowisko dzie\u0144 pierwszy (32)\" href='https:\/\/www.sosw.elblag.com.pl\/wp-content\/uploads\/2024\/01\/Polzimowisko-dzien-pierwszy-32.jpg'><img loading=\"lazy\" decoding=\"async\" width=\"200\" height=\"200\" src=\"https:\/\/www.sosw.elblag.com.pl\/wp-content\/uploads\/2024\/01\/Polzimowisko-dzien-pierwszy-32-200x200.jpg\" class=\"attachment-thumbnail size-thumbnail\" alt=\"\" \/><\/a>\n\t\t\t<\/dt><\/dl><dl class='gallery-item'>\n\t\t\t<dt class='gallery-icon landscape'>\n\t\t\t\t<a title=\"P\u00f3\u0142zimowisko dzie\u0144 pierwszy (33)\" href='https:\/\/www.sosw.elblag.com.pl\/wp-content\/uploads\/2024\/01\/Polzimowisko-dzien-pierwszy-33.jpg'><img loading=\"lazy\" decoding=\"async\" width=\"200\" height=\"200\" src=\"https:\/\/www.sosw.elblag.com.pl\/wp-content\/uploads\/2024\/01\/Polzimowisko-dzien-pierwszy-33-200x200.jpg\" class=\"attachment-thumbnail size-thumbnail\" alt=\"\" \/><\/a>\n\t\t\t<\/dt><\/dl><br style=\"clear: both\" \/><dl class='gallery-item'>\n\t\t\t<dt class='gallery-icon landscape'>\n\t\t\t\t<a title=\"P\u00f3\u0142zimowisko dzie\u0144 pierwszy (34)\" href='https:\/\/www.sosw.elblag.com.pl\/wp-content\/uploads\/2024\/01\/Polzimowisko-dzien-pierwszy-34.jpg'><img loading=\"lazy\" decoding=\"async\" width=\"200\" height=\"200\" src=\"https:\/\/www.sosw.elblag.com.pl\/wp-content\/uploads\/2024\/01\/Polzimowisko-dzien-pierwszy-34-200x200.jpg\" class=\"attachment-thumbnail size-thumbnail\" alt=\"\" \/><\/a>\n\t\t\t<\/dt><\/dl><dl class='gallery-item'>\n\t\t\t<dt class='gallery-icon landscape'>\n\t\t\t\t<a title=\"P\u00f3\u0142zimowisko dzie\u0144 pierwszy (35)\" href='https:\/\/www.sosw.elblag.com.pl\/wp-content\/uploads\/2024\/01\/Polzimowisko-dzien-pierwszy-35.jpg'><img loading=\"lazy\" decoding=\"async\" width=\"200\" height=\"200\" src=\"https:\/\/www.sosw.elblag.com.pl\/wp-content\/uploads\/2024\/01\/Polzimowisko-dzien-pierwszy-35-200x200.jpg\" class=\"attachment-thumbnail size-thumbnail\" alt=\"\" \/><\/a>\n\t\t\t<\/dt><\/dl><dl class='gallery-item'>\n\t\t\t<dt class='gallery-icon portrait'>\n\t\t\t\t<a title=\"P\u00f3\u0142zimowisko dzie\u0144 pierwszy (36)\" href='https:\/\/www.sosw.elblag.com.pl\/wp-content\/uploads\/2024\/01\/Polzimowisko-dzien-pierwszy-36.jpg'><img loading=\"lazy\" decoding=\"async\" width=\"200\" height=\"200\" src=\"https:\/\/www.sosw.elblag.com.pl\/wp-content\/uploads\/2024\/01\/Polzimowisko-dzien-pierwszy-36-200x200.jpg\" class=\"attachment-thumbnail size-thumbnail\" alt=\"\" \/><\/a>\n\t\t\t<\/dt><\/dl><br style=\"clear: both\" \/>\n\t\t<\/div>\n\n","protected":false},"excerpt":{"rendered":"<p>W poniedzia\u0142ek przywitali\u015bmy nowych uczestnik\u00f3w p\u00f3\u0142zimowiska. Dzie\u0144 rozpocz\u0119li\u015bmy od spotkania z przedstawicielem Komendy Miejskiej Policji p. Wiktorem Kaczmarkiem, kt\u00f3ry w przyst\u0119pny i <a class=\"more-link\" href=\"https:\/\/www.sosw.elblag.com.pl\/index.php\/2024\/01\/29\/polzimowisko-dzien-pierwszy-2\/\">Czytaj dalej&#8230;<\/a><\/p>\n","protected":false},"author":1,"featured_media":50075,"comment_status":"closed","ping_status":"closed","sticky":false,"template":"","format":"standard","meta":{"footnotes":""},"categories":[73],"tags":[],"class_list":["post-50066","post","type-post","status-publish","format-standard","has-post-thumbnail","hentry","category-polzimowisko-2023-2024"],"_links":{"self":[{"href":"https:\/\/www.sosw.elblag.com.pl\/index.php\/wp-json\/wp\/v2\/posts\/50066","targetHints":{"allow":["GET"]}}],"collection":[{"href":"https:\/\/www.sosw.elblag.com.pl\/index.php\/wp-json\/wp\/v2\/posts"}],"about":[{"href":"https:\/\/www.sosw.elblag.com.pl\/index.php\/wp-json\/wp\/v2\/types\/post"}],"author":[{"embeddable":true,"href":"https:\/\/www.sosw.elblag.com.pl\/index.php\/wp-json\/wp\/v2\/users\/1"}],"replies":[{"embeddable":true,"href":"https:\/\/www.sosw.elblag.com.pl\/index.php\/wp-json\/wp\/v2\/comments?post=50066"}],"version-history":[{"count":1,"href":"https:\/\/www.sosw.elblag.com.pl\/index.php\/wp-json\/wp\/v2\/posts\/50066\/revisions"}],"predecessor-version":[{"id":50103,"href":"https:\/\/www.sosw.elblag.com.pl\/index.php\/wp-json\/wp\/v2\/posts\/50066\/revisions\/50103"}],"wp:featuredmedia":[{"embeddable":true,"href":"https:\/\/www.sosw.elblag.com.pl\/index.php\/wp-json\/wp\/v2\/media\/50075"}],"wp:attachment":[{"href":"https:\/\/www.sosw.elblag.com.pl\/index.php\/wp-json\/wp\/v2\/media?parent=50066"}],"wp:term":[{"taxonomy":"category","embeddable":true,"href":"https:\/\/www.sosw.elblag.com.pl\/index.php\/wp-json\/wp\/v2\/categories?post=50066"},{"taxonomy":"post_tag","embeddable":true,"href":"https:\/\/www.sosw.elblag.com.pl\/index.php\/wp-json\/wp\/v2\/tags?post=50066"}],"curies":[{"name":"wp","href":"https:\/\/api.w.org\/{rel}","templated":true}]}}