{"id":49747,"date":"2024-01-19T15:35:23","date_gmt":"2024-01-19T14:35:23","guid":{"rendered":"http:\/\/www.sosw.elblag.com.pl\/?p=49747"},"modified":"2024-01-19T15:35:23","modified_gmt":"2024-01-19T14:35:23","slug":"zaczarowane-spotkanie-z-pingwinami-zajecia-w-warminsko-mazurskiej-bibliotece-pedagogicznej-w-elblagu","status":"publish","type":"post","link":"https:\/\/www.sosw.elblag.com.pl\/index.php\/2024\/01\/19\/zaczarowane-spotkanie-z-pingwinami-zajecia-w-warminsko-mazurskiej-bibliotece-pedagogicznej-w-elblagu\/","title":{"rendered":"Zaczarowane Spotkanie z Pingwinami: zaj\u0119cia w Warmi\u0144sko-Mazurskiej Bibliotece Pedagogicznej w Elbl\u0105gu"},"content":{"rendered":"<p style=\"font-weight: 400; text-align: justify;\">Zaczarowane Spotkanie z Pingwinami: zaj\u0119cia w Warmi\u0144sko-Mazurskiej Bibliotece Pedagogicznej w Elbl\u0105gu<\/p>\n<p style=\"font-weight: 400; text-align: justify;\">Uczniowie klasy 2a, 3f i 5c uczestniczyli w zaj\u0119ciach w Warmi\u0144sko-Mazurskiej Bibliotece Pedagogicznej w Elbl\u0105gu. Tematem spotkania by\u0142a lektura szkolna &#8222;Zaczarowana zagroda&#8221;, a ca\u0142e wydarzenie wpisywa\u0142o si\u0119 tak\u017ce w szkolny ekoprojekt &#8222;Ocalimy \u015bwiat&#8221;.<\/p>\n<p style=\"font-weight: 400; text-align: justify;\">Uczniowie zostali zaproszeni do udzia\u0142u w zaj\u0119ciach, kt\u00f3re doskonale wprowadza\u0142y ich w \u015bwiat pingwin\u00f3w. Dzieci mia\u0142y okazj\u0119 zdoby\u0107 praktyczn\u0105 wiedz\u0119 poprzez zabaw\u0119, co zawsze jest skutecznym sposobem na przyswajanie informacji. W ramach zaj\u0119\u0107 przeprowadzono zabaw\u0119 w podchody, kt\u00f3rej celem by\u0142o odnalezienie ukrytych zada\u0144 na r\u00f3\u017cnych pi\u0119trach biblioteki. Zadania te by\u0142y tematycznie zwi\u0105zane z pingwinami, co pozwoli\u0142o dzieciom \u0142\u0105czy\u0107 przyjemne z\u00a0po\u017cytecznym. Dzi\u0119ki temu nietypowemu podej\u015bciu do nauki, uczniowie nie tylko pog\u0142\u0119bili swoj\u0105 wiedz\u0119 na temat \u015bwiata pingwin\u00f3w, ale tak\u017ce doskonale zrozumieli, jakie s\u0105 g\u0142\u00f3wne przes\u0142ania zawarte w\u00a0lekturze &#8222;Zaczarowana zagroda&#8221;. Ka\u017cde zadanie by\u0142o nie tylko ciekawym wyzwaniem, ale r\u00f3wnie\u017c szans\u0105 na praktyczne zastosowanie zdobytej wiedzy.<\/p>\n<p style=\"font-weight: 400; text-align: justify;\">Zaj\u0119cia w Warmi\u0144sko-Mazurskiej Bibliotece Pedagogicznej w Elbl\u0105gu nie tylko dostarczy\u0142y uczniom wiedzy na temat pingwin\u00f3w, ale tak\u017ce zainspirowa\u0142y ich do dzia\u0142a\u0144 na\u00a0rzecz ochrony \u015brodowiska.<\/p>\n<p style=\"font-weight: 400; text-align: justify;\">W ramach ekoprojektu &#8222;Ocalimy \u015bwiat&#8221;, dzieci zastanawia\u0142y si\u0119, w\u00a0jaki spos\u00f3b mog\u0105 przyczyni\u0107 si\u0119 do ochrony \u015brodowiska. Wsp\u00f3lnie z p. Kamil\u0105 Paczkowsk\u0105, Magdalen\u0105 Komorsk\u0105 i Magdalen\u0105 Janiak om\u00f3wi\u0142y proste, ale skuteczne dzia\u0142ania, kt\u00f3re ka\u017cdy mo\u017ce podj\u0105\u0107 na co dzie\u0144, aby pom\u00f3c w zachowaniu harmonii w\u00a0przyrodzie. Uczniowie zdobyli wiedz\u0119 o \u017cyciu tych fascynuj\u0105cych ptak\u00f3w, ich zwyczajach oraz o tym, dlaczego s\u0105 one zagro\u017cone przez zmiany klimatyczne i zanieczyszczenie \u015brodowiska. To by\u0142 idealny moment, aby dzieci zobaczy\u0142y, jak tematyka lektury &#8222;Zaczarowana zagroda&#8221; \u0142\u0105czy si\u0119 z rzeczywisto\u015bci\u0105 oraz jak mog\u0105 przyczyni\u0107 si\u0119 do ochrony \u015brodowiska.<\/p>\n<p style=\"font-weight: 400; text-align: justify;\">Magdalena Komorska, Kamila Paczkowska, Magdalena Janiak<\/p>\n\n\t\t<style type=\"text\/css\">\n\t\t\t#gallery-1 {\n\t\t\t\tmargin: auto;\n\t\t\t}\n\t\t\t#gallery-1 .gallery-item {\n\t\t\t\tfloat: left;\n\t\t\t\tmargin-top: 10px;\n\t\t\t\ttext-align: center;\n\t\t\t\twidth: 50%;\n\t\t\t}\n\t\t\t#gallery-1 img {\n\t\t\t\tborder: 2px solid #cfcfcf;\n\t\t\t}\n\t\t\t#gallery-1 .gallery-caption {\n\t\t\t\tmargin-left: 0;\n\t\t\t}\n\t\t\t\/* see gallery_shortcode() in wp-includes\/media.php *\/\n\t\t<\/style>\n\t\t<div id='gallery-1' class='gallery galleryid-49747 gallery-columns-2 gallery-size-thumbnail'><dl class='gallery-item'>\n\t\t\t<dt class='gallery-icon portrait'>\n\t\t\t\t<a title=\"cwiczenie_spostrzegawczo\u015bci\" href='https:\/\/www.sosw.elblag.com.pl\/wp-content\/uploads\/2024\/01\/cwiczenie_spostrzegawczosci.jpg'><img loading=\"lazy\" decoding=\"async\" width=\"200\" height=\"200\" src=\"https:\/\/www.sosw.elblag.com.pl\/wp-content\/uploads\/2024\/01\/cwiczenie_spostrzegawczosci-200x200.jpg\" class=\"attachment-thumbnail size-thumbnail\" alt=\"Zaczarowane Spotkanie z Pingwinami: zaj\u0119cia w Warmi\u0144sko-Mazurskiej Bibliotece Pedagogicznej w Elbl\u0105gu\" \/><\/a>\n\t\t\t<\/dt><\/dl><dl class='gallery-item'>\n\t\t\t<dt class='gallery-icon portrait'>\n\t\t\t\t<a title=\"dzieci_wykonuja_pigwiny\" href='https:\/\/www.sosw.elblag.com.pl\/wp-content\/uploads\/2024\/01\/dzieci_wykonuja_pigwiny.jpg'><img loading=\"lazy\" decoding=\"async\" width=\"200\" height=\"200\" src=\"https:\/\/www.sosw.elblag.com.pl\/wp-content\/uploads\/2024\/01\/dzieci_wykonuja_pigwiny-200x200.jpg\" class=\"attachment-thumbnail size-thumbnail\" alt=\"Zaczarowane Spotkanie z Pingwinami: zaj\u0119cia w Warmi\u0144sko-Mazurskiej Bibliotece Pedagogicznej w Elbl\u0105gu\" \/><\/a>\n\t\t\t<\/dt><\/dl><br style=\"clear: both\" \/><dl class='gallery-item'>\n\t\t\t<dt class='gallery-icon portrait'>\n\t\t\t\t<a title=\"Gucio_i_Laura\" href='https:\/\/www.sosw.elblag.com.pl\/wp-content\/uploads\/2024\/01\/Gucio_i_Laura.jpg'><img loading=\"lazy\" decoding=\"async\" width=\"200\" height=\"200\" src=\"https:\/\/www.sosw.elblag.com.pl\/wp-content\/uploads\/2024\/01\/Gucio_i_Laura-200x200.jpg\" class=\"attachment-thumbnail size-thumbnail\" alt=\"Zaczarowane Spotkanie z Pingwinami: zaj\u0119cia w Warmi\u0144sko-Mazurskiej Bibliotece Pedagogicznej w Elbl\u0105gu\" \/><\/a>\n\t\t\t<\/dt><\/dl><dl class='gallery-item'>\n\t\t\t<dt class='gallery-icon portrait'>\n\t\t\t\t<a title=\"ukladanie_mapy\" href='https:\/\/www.sosw.elblag.com.pl\/wp-content\/uploads\/2024\/01\/ukladanie_mapy.jpg'><img loading=\"lazy\" decoding=\"async\" width=\"200\" height=\"200\" src=\"https:\/\/www.sosw.elblag.com.pl\/wp-content\/uploads\/2024\/01\/ukladanie_mapy-200x200.jpg\" class=\"attachment-thumbnail size-thumbnail\" alt=\"Zaczarowane Spotkanie z Pingwinami: zaj\u0119cia w Warmi\u0144sko-Mazurskiej Bibliotece Pedagogicznej w Elbl\u0105gu\" \/><\/a>\n\t\t\t<\/dt><\/dl><br style=\"clear: both\" \/><dl class='gallery-item'>\n\t\t\t<dt class='gallery-icon portrait'>\n\t\t\t\t<a title=\"wsp\u00f3lne_sprawdzanie_odpowiedzi\" href='https:\/\/www.sosw.elblag.com.pl\/wp-content\/uploads\/2024\/01\/wspolne_sprawdzanie_odpowiedzi.jpg'><img loading=\"lazy\" decoding=\"async\" width=\"200\" height=\"200\" src=\"https:\/\/www.sosw.elblag.com.pl\/wp-content\/uploads\/2024\/01\/wspolne_sprawdzanie_odpowiedzi-200x200.jpg\" class=\"attachment-thumbnail size-thumbnail\" alt=\"Zaczarowane Spotkanie z Pingwinami: zaj\u0119cia w Warmi\u0144sko-Mazurskiej Bibliotece Pedagogicznej w Elbl\u0105gu\" \/><\/a>\n\t\t\t<\/dt><\/dl>\n\t\t\t<br style='clear: both' \/>\n\t\t<\/div>\n\n","protected":false},"excerpt":{"rendered":"<p>Zaczarowane Spotkanie z Pingwinami: zaj\u0119cia w Warmi\u0144sko-Mazurskiej Bibliotece Pedagogicznej w Elbl\u0105gu Uczniowie klasy 2a, 3f i 5c uczestniczyli w zaj\u0119ciach w Warmi\u0144sko-Mazurskiej <a class=\"more-link\" href=\"https:\/\/www.sosw.elblag.com.pl\/index.php\/2024\/01\/19\/zaczarowane-spotkanie-z-pingwinami-zajecia-w-warminsko-mazurskiej-bibliotece-pedagogicznej-w-elblagu\/\">Czytaj dalej&#8230;<\/a><\/p>\n","protected":false},"author":1,"featured_media":49749,"comment_status":"closed","ping_status":"closed","sticky":false,"template":"","format":"standard","meta":{"footnotes":""},"categories":[68],"tags":[],"class_list":["post-49747","post","type-post","status-publish","format-standard","has-post-thumbnail","hentry","category-z-zycia-osrodka-2023-2024"],"_links":{"self":[{"href":"https:\/\/www.sosw.elblag.com.pl\/index.php\/wp-json\/wp\/v2\/posts\/49747","targetHints":{"allow":["GET"]}}],"collection":[{"href":"https:\/\/www.sosw.elblag.com.pl\/index.php\/wp-json\/wp\/v2\/posts"}],"about":[{"href":"https:\/\/www.sosw.elblag.com.pl\/index.php\/wp-json\/wp\/v2\/types\/post"}],"author":[{"embeddable":true,"href":"https:\/\/www.sosw.elblag.com.pl\/index.php\/wp-json\/wp\/v2\/users\/1"}],"replies":[{"embeddable":true,"href":"https:\/\/www.sosw.elblag.com.pl\/index.php\/wp-json\/wp\/v2\/comments?post=49747"}],"version-history":[{"count":1,"href":"https:\/\/www.sosw.elblag.com.pl\/index.php\/wp-json\/wp\/v2\/posts\/49747\/revisions"}],"predecessor-version":[{"id":49753,"href":"https:\/\/www.sosw.elblag.com.pl\/index.php\/wp-json\/wp\/v2\/posts\/49747\/revisions\/49753"}],"wp:featuredmedia":[{"embeddable":true,"href":"https:\/\/www.sosw.elblag.com.pl\/index.php\/wp-json\/wp\/v2\/media\/49749"}],"wp:attachment":[{"href":"https:\/\/www.sosw.elblag.com.pl\/index.php\/wp-json\/wp\/v2\/media?parent=49747"}],"wp:term":[{"taxonomy":"category","embeddable":true,"href":"https:\/\/www.sosw.elblag.com.pl\/index.php\/wp-json\/wp\/v2\/categories?post=49747"},{"taxonomy":"post_tag","embeddable":true,"href":"https:\/\/www.sosw.elblag.com.pl\/index.php\/wp-json\/wp\/v2\/tags?post=49747"}],"curies":[{"name":"wp","href":"https:\/\/api.w.org\/{rel}","templated":true}]}}