{"id":47574,"date":"2023-10-31T10:36:36","date_gmt":"2023-10-31T09:36:36","guid":{"rendered":"http:\/\/www.sosw.elblag.com.pl\/?p=47574"},"modified":"2023-10-31T10:37:24","modified_gmt":"2023-10-31T09:37:24","slug":"pasowanie-pierwszoklasistow-na-uczniow","status":"publish","type":"post","link":"https:\/\/www.sosw.elblag.com.pl\/index.php\/2023\/10\/31\/pasowanie-pierwszoklasistow-na-uczniow\/","title":{"rendered":"Pasowanie pierwszoklasist\u00f3w na uczni\u00f3w"},"content":{"rendered":"<p style=\"text-align: justify;\">Tradycj\u0105 naszej szko\u0142y jest, \u017ce najm\u0142odsi uczniowie w pa\u017adzierniku prze\u017cywaj\u0105 swoj\u0105 pierwsz\u0105 wa\u017cn\u0105 uroczysto\u015b\u0107, jak\u0105 jest\u00a0 pasowanie pierwszoklasist\u00f3w na uczni\u00f3w. 27 pa\u017adziernika 2023 r. <strong>Alan, Roksana, R\u00f3\u017ca i Natalia &#8211;\u00a0 dzieci z klasy I a i I b SP<\/strong>\u00a0 zaprezentowali umiej\u0119tno\u015bci wokalno- ruchowe \u00a0i \u00a0za\u015bpiewali piosenki pt. \u201eDosta\u0142 Jacek elementarz\u201d oraz \u201e Idzie jesie\u0144, dary niesie\u201d. Nast\u0119pnie pokazali, \u00a0jak za pomoc\u0105 zmys\u0142\u00f3w poznaj\u0105 \u015bwiat. \u00a0Rozpoznawali dotykiem szkolne przybory, jesienne owoce oraz inne produkty spo\u017cywcze,\u00a0 uk\u0142adali puzzle o tematyce jesiennej. Po zako\u0144czeniu wyst\u0119pu najm\u0142odszych, Pan Dyrektor\u00a0 wielkim o\u0142\u00f3wkiem, jak zaczarowan\u0105 r\u00f3\u017cd\u017ck\u0105 dotykaj\u0105c prawego ramienia nada\u0142 miano <strong>ucznia<\/strong> ka\u017cdemu pierwszoklasi\u015bcie, nast\u0119pnie Pani Dyrektor przypi\u0119\u0142a do bluzek symboliczne tarcze, wr\u0119czy\u0142a dyplomy i rozda\u0142a prezenty. Uczniowie klas pierwszych zostali nagrodzeni wielkimi brawami oraz upominkami od starszych koleg\u00f3w i kole\u017canek. Na zako\u0144czenie wszyscy uczestniczyli w s\u0142odkim pocz\u0119stunku przygotowanym przez dumnych rodzic\u00f3w i opiekun\u00f3w. Wszystkim uczniom klas pierwszych \u017cyczymy, aby ten dzie\u0144 pozosta\u0142 w ich pami\u0119ci, jako wyj\u0105tkowe prze\u017cycie i niezapomniana, radosna chwila, kt\u00f3ra zapowiada szkolne sukcesy.<\/p>\n<p>Wychowawczynie klas pierwszych : Anna Be\u0142za i S\u0142awka Sroczy\u0144ska<\/p>\n\n\t\t<style type=\"text\/css\">\n\t\t\t#gallery-1 {\n\t\t\t\tmargin: auto;\n\t\t\t}\n\t\t\t#gallery-1 .gallery-item {\n\t\t\t\tfloat: left;\n\t\t\t\tmargin-top: 10px;\n\t\t\t\ttext-align: center;\n\t\t\t\twidth: 33%;\n\t\t\t}\n\t\t\t#gallery-1 img {\n\t\t\t\tborder: 2px solid #cfcfcf;\n\t\t\t}\n\t\t\t#gallery-1 .gallery-caption {\n\t\t\t\tmargin-left: 0;\n\t\t\t}\n\t\t\t\/* see gallery_shortcode() in wp-includes\/media.php *\/\n\t\t<\/style>\n\t\t<div id='gallery-1' class='gallery galleryid-47574 gallery-columns-3 gallery-size-thumbnail'><dl class='gallery-item'>\n\t\t\t<dt class='gallery-icon portrait'>\n\t\t\t\t<a title=\"pasowanie1\" href='https:\/\/www.sosw.elblag.com.pl\/wp-content\/uploads\/2023\/10\/pasowanie1.jpeg'><img loading=\"lazy\" decoding=\"async\" width=\"200\" height=\"200\" src=\"https:\/\/www.sosw.elblag.com.pl\/wp-content\/uploads\/2023\/10\/pasowanie1-200x200.jpeg\" class=\"attachment-thumbnail size-thumbnail\" alt=\"Pasowanie pierwszoklasist\u00f3w na uczni\u00f3w\" \/><\/a>\n\t\t\t<\/dt><\/dl><dl class='gallery-item'>\n\t\t\t<dt class='gallery-icon portrait'>\n\t\t\t\t<a title=\"pasowanie2\" href='https:\/\/www.sosw.elblag.com.pl\/wp-content\/uploads\/2023\/10\/pasowanie2.jpeg'><img loading=\"lazy\" decoding=\"async\" width=\"200\" height=\"200\" src=\"https:\/\/www.sosw.elblag.com.pl\/wp-content\/uploads\/2023\/10\/pasowanie2-200x200.jpeg\" class=\"attachment-thumbnail size-thumbnail\" alt=\"Pasowanie pierwszoklasist\u00f3w na uczni\u00f3w\" \/><\/a>\n\t\t\t<\/dt><\/dl><dl class='gallery-item'>\n\t\t\t<dt class='gallery-icon portrait'>\n\t\t\t\t<a title=\"pasowanie3\" href='https:\/\/www.sosw.elblag.com.pl\/wp-content\/uploads\/2023\/10\/pasowanie3.jpeg'><img loading=\"lazy\" decoding=\"async\" width=\"200\" height=\"200\" src=\"https:\/\/www.sosw.elblag.com.pl\/wp-content\/uploads\/2023\/10\/pasowanie3-200x200.jpeg\" class=\"attachment-thumbnail size-thumbnail\" alt=\"Pasowanie pierwszoklasist\u00f3w na uczni\u00f3w\" \/><\/a>\n\t\t\t<\/dt><\/dl><br style=\"clear: both\" \/><dl class='gallery-item'>\n\t\t\t<dt class='gallery-icon portrait'>\n\t\t\t\t<a title=\"pasowanie4\" href='https:\/\/www.sosw.elblag.com.pl\/wp-content\/uploads\/2023\/10\/pasowanie4.jpeg'><img loading=\"lazy\" decoding=\"async\" width=\"200\" height=\"200\" src=\"https:\/\/www.sosw.elblag.com.pl\/wp-content\/uploads\/2023\/10\/pasowanie4-200x200.jpeg\" class=\"attachment-thumbnail size-thumbnail\" alt=\"Pasowanie pierwszoklasist\u00f3w na uczni\u00f3w\" \/><\/a>\n\t\t\t<\/dt><\/dl><dl class='gallery-item'>\n\t\t\t<dt class='gallery-icon portrait'>\n\t\t\t\t<a title=\"pasowanie5\" href='https:\/\/www.sosw.elblag.com.pl\/wp-content\/uploads\/2023\/10\/pasowanie5.jpeg'><img loading=\"lazy\" decoding=\"async\" width=\"200\" height=\"200\" src=\"https:\/\/www.sosw.elblag.com.pl\/wp-content\/uploads\/2023\/10\/pasowanie5-200x200.jpeg\" class=\"attachment-thumbnail size-thumbnail\" alt=\"Pasowanie pierwszoklasist\u00f3w na uczni\u00f3w\" \/><\/a>\n\t\t\t<\/dt><\/dl><dl class='gallery-item'>\n\t\t\t<dt class='gallery-icon portrait'>\n\t\t\t\t<a title=\"pasowanie6\" href='https:\/\/www.sosw.elblag.com.pl\/wp-content\/uploads\/2023\/10\/pasowanie6.jpeg'><img loading=\"lazy\" decoding=\"async\" width=\"200\" height=\"200\" src=\"https:\/\/www.sosw.elblag.com.pl\/wp-content\/uploads\/2023\/10\/pasowanie6-200x200.jpeg\" class=\"attachment-thumbnail size-thumbnail\" alt=\"Pasowanie pierwszoklasist\u00f3w na uczni\u00f3w\" \/><\/a>\n\t\t\t<\/dt><\/dl><br style=\"clear: both\" \/><dl class='gallery-item'>\n\t\t\t<dt class='gallery-icon portrait'>\n\t\t\t\t<a title=\"pasowanie7\" href='https:\/\/www.sosw.elblag.com.pl\/wp-content\/uploads\/2023\/10\/pasowanie7.jpeg'><img loading=\"lazy\" decoding=\"async\" width=\"200\" height=\"200\" src=\"https:\/\/www.sosw.elblag.com.pl\/wp-content\/uploads\/2023\/10\/pasowanie7-200x200.jpeg\" class=\"attachment-thumbnail size-thumbnail\" alt=\"Pasowanie pierwszoklasist\u00f3w na uczni\u00f3w\" \/><\/a>\n\t\t\t<\/dt><\/dl><dl class='gallery-item'>\n\t\t\t<dt class='gallery-icon portrait'>\n\t\t\t\t<a title=\"pasowanie8\" href='https:\/\/www.sosw.elblag.com.pl\/wp-content\/uploads\/2023\/10\/pasowanie8-.jpeg'><img loading=\"lazy\" decoding=\"async\" width=\"200\" height=\"200\" src=\"https:\/\/www.sosw.elblag.com.pl\/wp-content\/uploads\/2023\/10\/pasowanie8--200x200.jpeg\" class=\"attachment-thumbnail size-thumbnail\" alt=\"Pasowanie pierwszoklasist\u00f3w na uczni\u00f3w\" \/><\/a>\n\t\t\t<\/dt><\/dl><dl class='gallery-item'>\n\t\t\t<dt class='gallery-icon portrait'>\n\t\t\t\t<a title=\"pasowanie9\" href='https:\/\/www.sosw.elblag.com.pl\/wp-content\/uploads\/2023\/10\/pasowanie9-.jpeg'><img loading=\"lazy\" decoding=\"async\" width=\"200\" height=\"200\" src=\"https:\/\/www.sosw.elblag.com.pl\/wp-content\/uploads\/2023\/10\/pasowanie9--200x200.jpeg\" class=\"attachment-thumbnail size-thumbnail\" alt=\"Pasowanie pierwszoklasist\u00f3w na uczni\u00f3w\" \/><\/a>\n\t\t\t<\/dt><\/dl><br style=\"clear: both\" \/><dl class='gallery-item'>\n\t\t\t<dt class='gallery-icon portrait'>\n\t\t\t\t<a title=\"pasowanie10\" href='https:\/\/www.sosw.elblag.com.pl\/wp-content\/uploads\/2023\/10\/pasowanie10.jpeg'><img loading=\"lazy\" decoding=\"async\" width=\"200\" height=\"200\" src=\"https:\/\/www.sosw.elblag.com.pl\/wp-content\/uploads\/2023\/10\/pasowanie10-200x200.jpeg\" class=\"attachment-thumbnail size-thumbnail\" alt=\"Pasowanie pierwszoklasist\u00f3w na uczni\u00f3w\" \/><\/a>\n\t\t\t<\/dt><\/dl><dl class='gallery-item'>\n\t\t\t<dt class='gallery-icon landscape'>\n\t\t\t\t<a title=\"pasowanie11\" href='https:\/\/www.sosw.elblag.com.pl\/wp-content\/uploads\/2023\/10\/pasowanie11.jpeg'><img loading=\"lazy\" decoding=\"async\" width=\"200\" height=\"200\" src=\"https:\/\/www.sosw.elblag.com.pl\/wp-content\/uploads\/2023\/10\/pasowanie11-200x200.jpeg\" class=\"attachment-thumbnail size-thumbnail\" alt=\"Pasowanie pierwszoklasist\u00f3w na uczni\u00f3w\" \/><\/a>\n\t\t\t<\/dt><\/dl><dl class='gallery-item'>\n\t\t\t<dt class='gallery-icon landscape'>\n\t\t\t\t<a title=\"pasowanie12\" href='https:\/\/www.sosw.elblag.com.pl\/wp-content\/uploads\/2023\/10\/pasowanie12.jpeg'><img loading=\"lazy\" decoding=\"async\" width=\"200\" height=\"200\" src=\"https:\/\/www.sosw.elblag.com.pl\/wp-content\/uploads\/2023\/10\/pasowanie12-200x200.jpeg\" class=\"attachment-thumbnail size-thumbnail\" alt=\"Pasowanie pierwszoklasist\u00f3w na uczni\u00f3w\" \/><\/a>\n\t\t\t<\/dt><\/dl><br style=\"clear: both\" \/>\n\t\t<\/div>\n\n","protected":false},"excerpt":{"rendered":"<p>Tradycj\u0105 naszej szko\u0142y jest, \u017ce najm\u0142odsi uczniowie w pa\u017adzierniku prze\u017cywaj\u0105 swoj\u0105 pierwsz\u0105 wa\u017cn\u0105 uroczysto\u015b\u0107, jak\u0105 jest\u00a0 pasowanie pierwszoklasist\u00f3w na uczni\u00f3w. 27 pa\u017adziernika <a class=\"more-link\" href=\"https:\/\/www.sosw.elblag.com.pl\/index.php\/2023\/10\/31\/pasowanie-pierwszoklasistow-na-uczniow\/\">Czytaj dalej&#8230;<\/a><\/p>\n","protected":false},"author":1,"featured_media":47578,"comment_status":"closed","ping_status":"closed","sticky":false,"template":"","format":"standard","meta":{"footnotes":""},"categories":[41],"tags":[],"class_list":["post-47574","post","type-post","status-publish","format-standard","has-post-thumbnail","hentry","category-z-zycia-osrodka-2019-2020"],"_links":{"self":[{"href":"https:\/\/www.sosw.elblag.com.pl\/index.php\/wp-json\/wp\/v2\/posts\/47574","targetHints":{"allow":["GET"]}}],"collection":[{"href":"https:\/\/www.sosw.elblag.com.pl\/index.php\/wp-json\/wp\/v2\/posts"}],"about":[{"href":"https:\/\/www.sosw.elblag.com.pl\/index.php\/wp-json\/wp\/v2\/types\/post"}],"author":[{"embeddable":true,"href":"https:\/\/www.sosw.elblag.com.pl\/index.php\/wp-json\/wp\/v2\/users\/1"}],"replies":[{"embeddable":true,"href":"https:\/\/www.sosw.elblag.com.pl\/index.php\/wp-json\/wp\/v2\/comments?post=47574"}],"version-history":[{"count":1,"href":"https:\/\/www.sosw.elblag.com.pl\/index.php\/wp-json\/wp\/v2\/posts\/47574\/revisions"}],"predecessor-version":[{"id":47587,"href":"https:\/\/www.sosw.elblag.com.pl\/index.php\/wp-json\/wp\/v2\/posts\/47574\/revisions\/47587"}],"wp:featuredmedia":[{"embeddable":true,"href":"https:\/\/www.sosw.elblag.com.pl\/index.php\/wp-json\/wp\/v2\/media\/47578"}],"wp:attachment":[{"href":"https:\/\/www.sosw.elblag.com.pl\/index.php\/wp-json\/wp\/v2\/media?parent=47574"}],"wp:term":[{"taxonomy":"category","embeddable":true,"href":"https:\/\/www.sosw.elblag.com.pl\/index.php\/wp-json\/wp\/v2\/categories?post=47574"},{"taxonomy":"post_tag","embeddable":true,"href":"https:\/\/www.sosw.elblag.com.pl\/index.php\/wp-json\/wp\/v2\/tags?post=47574"}],"curies":[{"name":"wp","href":"https:\/\/api.w.org\/{rel}","templated":true}]}}