{"id":47416,"date":"2023-10-25T15:16:26","date_gmt":"2023-10-25T13:16:26","guid":{"rendered":"http:\/\/www.sosw.elblag.com.pl\/?p=47416"},"modified":"2023-10-25T15:16:26","modified_gmt":"2023-10-25T13:16:26","slug":"ekologiczne-ozdoby-laboratoria-przyszlosci","status":"publish","type":"post","link":"https:\/\/www.sosw.elblag.com.pl\/index.php\/2023\/10\/25\/ekologiczne-ozdoby-laboratoria-przyszlosci\/","title":{"rendered":"Ekologiczne ozdoby &#8211; Laboratoria Przysz\u0142o\u015bci"},"content":{"rendered":"<p style=\"font-weight: 400; text-align: justify;\">W ostatnim czasie na lekcjach techniki oraz w \u015bwietlicy szkolnej odby\u0142y si\u0119 zaj\u0119cia, kt\u00f3re \u0142\u0105czy\u0142a jedna wsp\u00f3lna idea \u2013 ochrona \u015brodowiska i kreatywne wykorzystanie materia\u0142\u00f3w z recyklingu. Dzieci mia\u0142y okazj\u0119 do wyra\u017cenia swojej pomys\u0142owo\u015bci i zrozumienia, jak wa\u017cne jest dbanie o nasz\u0105 planet\u0119.<\/p>\n<p style=\"font-weight: 400; text-align: justify;\">Podczas zaj\u0119\u0107 uczniowie mieli okazj\u0119 pozna\u0107 tajniki pracy z klejem na gor\u0105co. To narz\u0119dzie, kt\u00f3re wydaje si\u0119 fascynuj\u0105ce, a zarazem wymaga ostro\u017cno\u015bci. Dzieci mia\u0142y mo\u017cliwo\u015b\u0107 nauczy\u0107 si\u0119, jak bezpiecznie u\u017cywa\u0107 kleju na gor\u0105co. Na pocz\u0105tku wydawa\u0142o si\u0119 to trudne, ale po kilku pr\u00f3bach, ka\u017cdy z uczni\u00f3w potrafi\u0142 sprawnie obchodzi\u0107 si\u0119 z tym narz\u0119dziem. Bezprzewodowy pistolet do klejenia na gor\u0105co zosta\u0142 zakupiony w ramach realizacji programu Laboratoria Przysz\u0142o\u015bci.<\/p>\n<p style=\"font-weight: 400; text-align: justify;\">Klasy 5c i 7b mia\u0142y za zadanie stworzy\u0107 ekostworki, czyli ma\u0142e potworki z materia\u0142\u00f3w pochodz\u0105cych z recyklingu. Stare gazety, zu\u017cyte opakowania, kawa\u0142ki tkanin i wiele innych materia\u0142\u00f3w znalaz\u0142o drugie \u017cycie podczas tych zaj\u0119\u0107.<\/p>\n<p style=\"font-weight: 400; text-align: justify;\">W \u015bwietlicy, z kolei, dzieci zaj\u0119\u0142y si\u0119 przygotowywaniem ozd\u00f3b zwi\u0105zanym z nadchodz\u0105c\u0105 jesieni\u0105. Motywem przewodnim by\u0142o wykorzystanie dyni jako inspiracji do tworzenia ciekawych dekoracji. Dynia jest symbolem jesieni i Halloween, co sprawi\u0142o, \u017ce dzieci z wielk\u0105 ochot\u0105 przyst\u0105pi\u0142y do pracy. Praca w grupie pozwoli\u0142a na wymian\u0119 pomys\u0142\u00f3w i inspiracj\u0119, co zaowocowa\u0142o r\u00f3\u017cnorodno\u015bci\u0105 dekoracji. Ka\u017cde dziecko mia\u0142o okazj\u0119 wyrazi\u0107 swoj\u0105 kreatywno\u015b\u0107, co jest niezwykle wa\u017cne dla rozwoju artystycznego i tw\u00f3rczego my\u015blenia.<\/p>\n<p style=\"font-weight: 400; text-align: justify;\">Zaj\u0119cia na technice i w \u015bwietlicy to nie tylko nauka i praktyka, ale r\u00f3wnie\u017c zabawa i rozwijanie umiej\u0119tno\u015bci spo\u0142ecznych. Poprzez tworzenie ekostwork\u00f3w i ozd\u00f3b z dyni dzieci nie tylko doskonali\u0142y swoje zdolno\u015bci manualne, ale r\u00f3wnie\u017c przyswoi\u0142y istotne warto\u015bci ekologiczne.<\/p>\n<p style=\"font-weight: 400; text-align: justify;\">Zaj\u0119cia wpisa\u0142y si\u0119 w realizowany w SOSW nr 1 ekologiczny program &#8222;Ocalimy \u015awiat&#8221;. To inicjatywa edukacyjna, kt\u00f3rej celem jest zwi\u0119kszanie \u015bwiadomo\u015bci ekologicznej w\u015br\u00f3d m\u0142odego pokolenia i zach\u0119canie do podejmowania dzia\u0142a\u0144 na rzecz ochrony \u015brodowiska.<\/p>\n<p style=\"font-weight: 400; text-align: justify;\">Magdalena Janiak, Anna Wojtczak<\/p>\n<p style=\"font-weight: 400;\">#LaboratoriaPrzysz\u0142o\u015bci #LaboratoriaPrzyszlosci #CentrumGovTech #MEiN #technologie #edukacja #nauka #EdTech #EduTech #szko\u0142a #innowacje<\/p>\n<p style=\"font-weight: 400;\">@MinisterstwoEdukacjiiNauki @CentrumGovTech @LaboratoriaPrzyszlosci<\/p>\n\n\t\t<style type=\"text\/css\">\n\t\t\t#gallery-1 {\n\t\t\t\tmargin: auto;\n\t\t\t}\n\t\t\t#gallery-1 .gallery-item {\n\t\t\t\tfloat: left;\n\t\t\t\tmargin-top: 10px;\n\t\t\t\ttext-align: center;\n\t\t\t\twidth: 100%;\n\t\t\t}\n\t\t\t#gallery-1 img {\n\t\t\t\tborder: 2px solid #cfcfcf;\n\t\t\t}\n\t\t\t#gallery-1 .gallery-caption {\n\t\t\t\tmargin-left: 0;\n\t\t\t}\n\t\t\t\/* see gallery_shortcode() in wp-includes\/media.php *\/\n\t\t<\/style>\n\t\t<div id='gallery-1' class='gallery galleryid-47416 gallery-columns-1 gallery-size-full'><dl class='gallery-item'>\n\t\t\t<dt class='gallery-icon landscape'>\n\t\t\t\t<a title=\"logotypy labor. przysz\u0142o\u015bci\" href='https:\/\/www.sosw.elblag.com.pl\/wp-content\/uploads\/2023\/10\/logotypy-labor.-przyszlosci.jpg'><img loading=\"lazy\" decoding=\"async\" width=\"754\" height=\"106\" src=\"https:\/\/www.sosw.elblag.com.pl\/wp-content\/uploads\/2023\/10\/logotypy-labor.-przyszlosci.jpg\" class=\"attachment-full size-full\" alt=\"\" srcset=\"https:\/\/www.sosw.elblag.com.pl\/wp-content\/uploads\/2023\/10\/logotypy-labor.-przyszlosci.jpg 754w, https:\/\/www.sosw.elblag.com.pl\/wp-content\/uploads\/2023\/10\/logotypy-labor.-przyszlosci-300x42.jpg 300w\" sizes=\"auto, (max-width: 754px) 100vw, 754px\" \/><\/a>\n\t\t\t<\/dt><\/dl><br style=\"clear: both\" \/>\n\t\t<\/div>\n\n\n\t\t<style type=\"text\/css\">\n\t\t\t#gallery-2 {\n\t\t\t\tmargin: auto;\n\t\t\t}\n\t\t\t#gallery-2 .gallery-item {\n\t\t\t\tfloat: left;\n\t\t\t\tmargin-top: 10px;\n\t\t\t\ttext-align: center;\n\t\t\t\twidth: 50%;\n\t\t\t}\n\t\t\t#gallery-2 img {\n\t\t\t\tborder: 2px solid #cfcfcf;\n\t\t\t}\n\t\t\t#gallery-2 .gallery-caption {\n\t\t\t\tmargin-left: 0;\n\t\t\t}\n\t\t\t\/* see gallery_shortcode() in wp-includes\/media.php *\/\n\t\t<\/style>\n\t\t<div id='gallery-2' class='gallery galleryid-47416 gallery-columns-2 gallery-size-thumbnail'><dl class='gallery-item'>\n\t\t\t<dt class='gallery-icon portrait'>\n\t\t\t\t<a title=\"5c-klei-na-goraco\" href='https:\/\/www.sosw.elblag.com.pl\/wp-content\/uploads\/2023\/10\/5c-klei-na-goraco-scaled.jpg'><img loading=\"lazy\" decoding=\"async\" width=\"200\" height=\"200\" src=\"https:\/\/www.sosw.elblag.com.pl\/wp-content\/uploads\/2023\/10\/5c-klei-na-goraco-200x200.jpg\" class=\"attachment-thumbnail size-thumbnail\" alt=\"\" \/><\/a>\n\t\t\t<\/dt><\/dl><dl class='gallery-item'>\n\t\t\t<dt class='gallery-icon portrait'>\n\t\t\t\t<a title=\"5c-na-technice\" href='https:\/\/www.sosw.elblag.com.pl\/wp-content\/uploads\/2023\/10\/5c-na-technice-scaled.jpg'><img loading=\"lazy\" decoding=\"async\" width=\"200\" height=\"200\" src=\"https:\/\/www.sosw.elblag.com.pl\/wp-content\/uploads\/2023\/10\/5c-na-technice-200x200.jpg\" class=\"attachment-thumbnail size-thumbnail\" alt=\"\" \/><\/a>\n\t\t\t<\/dt><\/dl><br style=\"clear: both\" \/><dl class='gallery-item'>\n\t\t\t<dt class='gallery-icon portrait'>\n\t\t\t\t<a title=\"klej-na-goraco-w-5c\" href='https:\/\/www.sosw.elblag.com.pl\/wp-content\/uploads\/2023\/10\/klej-na-goraco-w-5c-scaled.jpg'><img loading=\"lazy\" decoding=\"async\" width=\"200\" height=\"200\" src=\"https:\/\/www.sosw.elblag.com.pl\/wp-content\/uploads\/2023\/10\/klej-na-goraco-w-5c-200x200.jpg\" class=\"attachment-thumbnail size-thumbnail\" alt=\"\" \/><\/a>\n\t\t\t<\/dt><\/dl><dl class='gallery-item'>\n\t\t\t<dt class='gallery-icon portrait'>\n\t\t\t\t<a title=\"klej-na-goraco-w-swietlicy\" href='https:\/\/www.sosw.elblag.com.pl\/wp-content\/uploads\/2023\/10\/klej-na-goraco-w-swietlicy-scaled.jpg'><img loading=\"lazy\" decoding=\"async\" width=\"200\" height=\"200\" src=\"https:\/\/www.sosw.elblag.com.pl\/wp-content\/uploads\/2023\/10\/klej-na-goraco-w-swietlicy-200x200.jpg\" class=\"attachment-thumbnail size-thumbnail\" alt=\"\" \/><\/a>\n\t\t\t<\/dt><\/dl><br style=\"clear: both\" \/><dl class='gallery-item'>\n\t\t\t<dt class='gallery-icon portrait'>\n\t\t\t\t<a title=\"nasze-ekostworki\" href='https:\/\/www.sosw.elblag.com.pl\/wp-content\/uploads\/2023\/10\/nasze-ekostworki-scaled.jpg'><img loading=\"lazy\" decoding=\"async\" width=\"200\" height=\"200\" src=\"https:\/\/www.sosw.elblag.com.pl\/wp-content\/uploads\/2023\/10\/nasze-ekostworki-200x200.jpg\" class=\"attachment-thumbnail size-thumbnail\" alt=\"\" \/><\/a>\n\t\t\t<\/dt><\/dl><dl class='gallery-item'>\n\t\t\t<dt class='gallery-icon landscape'>\n\t\t\t\t<a title=\"robimy-ekostworki\" href='https:\/\/www.sosw.elblag.com.pl\/wp-content\/uploads\/2023\/10\/robimy-ekostworki-scaled.jpg'><img loading=\"lazy\" decoding=\"async\" width=\"200\" height=\"200\" src=\"https:\/\/www.sosw.elblag.com.pl\/wp-content\/uploads\/2023\/10\/robimy-ekostworki-200x200.jpg\" class=\"attachment-thumbnail size-thumbnail\" alt=\"\" \/><\/a>\n\t\t\t<\/dt><\/dl><br style=\"clear: both\" \/><dl class='gallery-item'>\n\t\t\t<dt class='gallery-icon portrait'>\n\t\t\t\t<a title=\"zajecia-kreatywne-w-swietlicy\" href='https:\/\/www.sosw.elblag.com.pl\/wp-content\/uploads\/2023\/10\/zajecia-kreatywne-w-swietlicy-scaled.jpg'><img loading=\"lazy\" decoding=\"async\" width=\"200\" height=\"200\" src=\"https:\/\/www.sosw.elblag.com.pl\/wp-content\/uploads\/2023\/10\/zajecia-kreatywne-w-swietlicy-200x200.jpg\" class=\"attachment-thumbnail size-thumbnail\" alt=\"\" \/><\/a>\n\t\t\t<\/dt><\/dl><dl class='gallery-item'>\n\t\t\t<dt class='gallery-icon portrait'>\n\t\t\t\t<a title=\"zajecia-w-swietlicy\" href='https:\/\/www.sosw.elblag.com.pl\/wp-content\/uploads\/2023\/10\/zajecia-w-swietlicy-scaled.jpg'><img loading=\"lazy\" decoding=\"async\" width=\"200\" height=\"200\" src=\"https:\/\/www.sosw.elblag.com.pl\/wp-content\/uploads\/2023\/10\/zajecia-w-swietlicy-200x200.jpg\" class=\"attachment-thumbnail size-thumbnail\" alt=\"\" \/><\/a>\n\t\t\t<\/dt><\/dl><br style=\"clear: both\" \/>\n\t\t<\/div>\n\n","protected":false},"excerpt":{"rendered":"<p>W ostatnim czasie na lekcjach techniki oraz w \u015bwietlicy szkolnej odby\u0142y si\u0119 zaj\u0119cia, kt\u00f3re \u0142\u0105czy\u0142a jedna wsp\u00f3lna idea \u2013 ochrona \u015brodowiska i <a class=\"more-link\" href=\"https:\/\/www.sosw.elblag.com.pl\/index.php\/2023\/10\/25\/ekologiczne-ozdoby-laboratoria-przyszlosci\/\">Czytaj dalej&#8230;<\/a><\/p>\n","protected":false},"author":1,"featured_media":47418,"comment_status":"closed","ping_status":"closed","sticky":false,"template":"","format":"standard","meta":{"footnotes":""},"categories":[64,68],"tags":[],"class_list":["post-47416","post","type-post","status-publish","format-standard","has-post-thumbnail","hentry","category-laboratoria-przyszlosci","category-z-zycia-osrodka-2023-2024"],"_links":{"self":[{"href":"https:\/\/www.sosw.elblag.com.pl\/index.php\/wp-json\/wp\/v2\/posts\/47416","targetHints":{"allow":["GET"]}}],"collection":[{"href":"https:\/\/www.sosw.elblag.com.pl\/index.php\/wp-json\/wp\/v2\/posts"}],"about":[{"href":"https:\/\/www.sosw.elblag.com.pl\/index.php\/wp-json\/wp\/v2\/types\/post"}],"author":[{"embeddable":true,"href":"https:\/\/www.sosw.elblag.com.pl\/index.php\/wp-json\/wp\/v2\/users\/1"}],"replies":[{"embeddable":true,"href":"https:\/\/www.sosw.elblag.com.pl\/index.php\/wp-json\/wp\/v2\/comments?post=47416"}],"version-history":[{"count":1,"href":"https:\/\/www.sosw.elblag.com.pl\/index.php\/wp-json\/wp\/v2\/posts\/47416\/revisions"}],"predecessor-version":[{"id":47427,"href":"https:\/\/www.sosw.elblag.com.pl\/index.php\/wp-json\/wp\/v2\/posts\/47416\/revisions\/47427"}],"wp:featuredmedia":[{"embeddable":true,"href":"https:\/\/www.sosw.elblag.com.pl\/index.php\/wp-json\/wp\/v2\/media\/47418"}],"wp:attachment":[{"href":"https:\/\/www.sosw.elblag.com.pl\/index.php\/wp-json\/wp\/v2\/media?parent=47416"}],"wp:term":[{"taxonomy":"category","embeddable":true,"href":"https:\/\/www.sosw.elblag.com.pl\/index.php\/wp-json\/wp\/v2\/categories?post=47416"},{"taxonomy":"post_tag","embeddable":true,"href":"https:\/\/www.sosw.elblag.com.pl\/index.php\/wp-json\/wp\/v2\/tags?post=47416"}],"curies":[{"name":"wp","href":"https:\/\/api.w.org\/{rel}","templated":true}]}}