{"id":47391,"date":"2023-10-25T15:00:01","date_gmt":"2023-10-25T13:00:01","guid":{"rendered":"http:\/\/www.sosw.elblag.com.pl\/?p=47391"},"modified":"2023-10-25T15:00:01","modified_gmt":"2023-10-25T13:00:01","slug":"akcja-sprzatania-grobow","status":"publish","type":"post","link":"https:\/\/www.sosw.elblag.com.pl\/index.php\/2023\/10\/25\/akcja-sprzatania-grobow\/","title":{"rendered":"AKCJA SPRZ\u0104TANIA GROB\u00d3W"},"content":{"rendered":"<p style=\"text-align: justify;\">Przedstawiciele Samorz\u0105du Uczniowskiego zorganizowali akcj\u0119 sprz\u0105tania opuszczonych, zapomnianych i zaniedbanych grob\u00f3w. Uczniowie wykazali si\u0119 du\u017cym zorganizowaniem i pracowito\u015bci\u0105.<\/p>\n<p style=\"text-align: justify;\">Akcja przebiega\u0142a w spokojnej i pe\u0142nej zadumy atmosferze. Rado\u015bci\u0105 napawa fakt, \u017ce potraktowali sprz\u0105tanie cmentarza jako lekcj\u0119 szacunku i pami\u0119ci o przodkach. Celem by\u0142a nie tylko pomoc, ale tak\u017ce kszta\u0142towanie postaw szacunku oraz wdra\u017canie do odpowiedniego zachowania si\u0119 w miejscach pami\u0119ci narodowej i w miejscach publicznych.<\/p>\n<p style=\"text-align: justify;\">Dzi\u0119kujemy naszym uczniom za po\u015bwi\u0119cony czas i zaanga\u017cowanie.<\/p>\n\n\t\t<style type=\"text\/css\">\n\t\t\t#gallery-1 {\n\t\t\t\tmargin: auto;\n\t\t\t}\n\t\t\t#gallery-1 .gallery-item {\n\t\t\t\tfloat: left;\n\t\t\t\tmargin-top: 10px;\n\t\t\t\ttext-align: center;\n\t\t\t\twidth: 50%;\n\t\t\t}\n\t\t\t#gallery-1 img {\n\t\t\t\tborder: 2px solid #cfcfcf;\n\t\t\t}\n\t\t\t#gallery-1 .gallery-caption {\n\t\t\t\tmargin-left: 0;\n\t\t\t}\n\t\t\t\/* see gallery_shortcode() in wp-includes\/media.php *\/\n\t\t<\/style>\n\t\t<div id='gallery-1' class='gallery galleryid-47391 gallery-columns-2 gallery-size-thumbnail'><dl class='gallery-item'>\n\t\t\t<dt class='gallery-icon portrait'>\n\t\t\t\t<a title=\"zd cm 4\" href='https:\/\/www.sosw.elblag.com.pl\/wp-content\/uploads\/2023\/10\/zd-cm-4-scaled.jpg'><img loading=\"lazy\" decoding=\"async\" width=\"200\" height=\"200\" src=\"https:\/\/www.sosw.elblag.com.pl\/wp-content\/uploads\/2023\/10\/zd-cm-4-200x200.jpg\" class=\"attachment-thumbnail size-thumbnail\" alt=\"AKCJA SPRZ\u0104TANIA GROB\u00d3W\" \/><\/a>\n\t\t\t<\/dt><\/dl><dl class='gallery-item'>\n\t\t\t<dt class='gallery-icon portrait'>\n\t\t\t\t<a title=\"zdj cm 1\" href='https:\/\/www.sosw.elblag.com.pl\/wp-content\/uploads\/2023\/10\/zdj-cm-1-scaled.jpg'><img loading=\"lazy\" decoding=\"async\" width=\"200\" height=\"200\" src=\"https:\/\/www.sosw.elblag.com.pl\/wp-content\/uploads\/2023\/10\/zdj-cm-1-200x200.jpg\" class=\"attachment-thumbnail size-thumbnail\" alt=\"AKCJA SPRZ\u0104TANIA GROB\u00d3W\" \/><\/a>\n\t\t\t<\/dt><\/dl><br style=\"clear: both\" \/><dl class='gallery-item'>\n\t\t\t<dt class='gallery-icon landscape'>\n\t\t\t\t<a title=\"zdj cm 2\" href='https:\/\/www.sosw.elblag.com.pl\/wp-content\/uploads\/2023\/10\/zdj-cm-2-scaled.jpg'><img loading=\"lazy\" decoding=\"async\" width=\"200\" height=\"200\" src=\"https:\/\/www.sosw.elblag.com.pl\/wp-content\/uploads\/2023\/10\/zdj-cm-2-200x200.jpg\" class=\"attachment-thumbnail size-thumbnail\" alt=\"AKCJA SPRZ\u0104TANIA GROB\u00d3W\" \/><\/a>\n\t\t\t<\/dt><\/dl><dl class='gallery-item'>\n\t\t\t<dt class='gallery-icon landscape'>\n\t\t\t\t<a title=\"zdj cm 3\" href='https:\/\/www.sosw.elblag.com.pl\/wp-content\/uploads\/2023\/10\/zdj-cm-3-scaled.jpg'><img loading=\"lazy\" decoding=\"async\" width=\"200\" height=\"200\" src=\"https:\/\/www.sosw.elblag.com.pl\/wp-content\/uploads\/2023\/10\/zdj-cm-3-200x200.jpg\" class=\"attachment-thumbnail size-thumbnail\" alt=\"AKCJA SPRZ\u0104TANIA GROB\u00d3W\" \/><\/a>\n\t\t\t<\/dt><\/dl><br style=\"clear: both\" \/>\n\t\t<\/div>\n\n","protected":false},"excerpt":{"rendered":"<p>Przedstawiciele Samorz\u0105du Uczniowskiego zorganizowali akcj\u0119 sprz\u0105tania opuszczonych, zapomnianych i zaniedbanych grob\u00f3w. Uczniowie wykazali si\u0119 du\u017cym zorganizowaniem i pracowito\u015bci\u0105. Akcja przebiega\u0142a w spokojnej <a class=\"more-link\" href=\"https:\/\/www.sosw.elblag.com.pl\/index.php\/2023\/10\/25\/akcja-sprzatania-grobow\/\">Czytaj dalej&#8230;<\/a><\/p>\n","protected":false},"author":1,"featured_media":47393,"comment_status":"closed","ping_status":"closed","sticky":false,"template":"","format":"standard","meta":{"footnotes":""},"categories":[2,68],"tags":[],"class_list":["post-47391","post","type-post","status-publish","format-standard","has-post-thumbnail","hentry","category-samorzad-uczniowski","category-z-zycia-osrodka-2023-2024"],"_links":{"self":[{"href":"https:\/\/www.sosw.elblag.com.pl\/index.php\/wp-json\/wp\/v2\/posts\/47391","targetHints":{"allow":["GET"]}}],"collection":[{"href":"https:\/\/www.sosw.elblag.com.pl\/index.php\/wp-json\/wp\/v2\/posts"}],"about":[{"href":"https:\/\/www.sosw.elblag.com.pl\/index.php\/wp-json\/wp\/v2\/types\/post"}],"author":[{"embeddable":true,"href":"https:\/\/www.sosw.elblag.com.pl\/index.php\/wp-json\/wp\/v2\/users\/1"}],"replies":[{"embeddable":true,"href":"https:\/\/www.sosw.elblag.com.pl\/index.php\/wp-json\/wp\/v2\/comments?post=47391"}],"version-history":[{"count":1,"href":"https:\/\/www.sosw.elblag.com.pl\/index.php\/wp-json\/wp\/v2\/posts\/47391\/revisions"}],"predecessor-version":[{"id":47396,"href":"https:\/\/www.sosw.elblag.com.pl\/index.php\/wp-json\/wp\/v2\/posts\/47391\/revisions\/47396"}],"wp:featuredmedia":[{"embeddable":true,"href":"https:\/\/www.sosw.elblag.com.pl\/index.php\/wp-json\/wp\/v2\/media\/47393"}],"wp:attachment":[{"href":"https:\/\/www.sosw.elblag.com.pl\/index.php\/wp-json\/wp\/v2\/media?parent=47391"}],"wp:term":[{"taxonomy":"category","embeddable":true,"href":"https:\/\/www.sosw.elblag.com.pl\/index.php\/wp-json\/wp\/v2\/categories?post=47391"},{"taxonomy":"post_tag","embeddable":true,"href":"https:\/\/www.sosw.elblag.com.pl\/index.php\/wp-json\/wp\/v2\/tags?post=47391"}],"curies":[{"name":"wp","href":"https:\/\/api.w.org\/{rel}","templated":true}]}}