{"id":47378,"date":"2023-10-25T14:54:25","date_gmt":"2023-10-25T12:54:25","guid":{"rendered":"http:\/\/www.sosw.elblag.com.pl\/?p=47378"},"modified":"2023-10-25T14:54:25","modified_gmt":"2023-10-25T12:54:25","slug":"dary-jesieni","status":"publish","type":"post","link":"https:\/\/www.sosw.elblag.com.pl\/index.php\/2023\/10\/25\/dary-jesieni\/","title":{"rendered":"Dary jesieni"},"content":{"rendered":"<div style=\"text-align: justify;\">W dniu dzisiejszym w ramach zaj\u0119\u0107 teatralnych nauczyciele z\u00a0 DPS-u zaprosili swoich uczni\u00f3w na inscenizacje znanych wierszy. Tematem przewodnim by\u0142y &#8222;dary jesieni&#8221;. Wiele rado\u015bci wszystkim sprawi\u0142y &#8211; wyrywanie rzepki wg wiersza J. Tuwima oraz rozmowy warzyw &#8222;Na straganie w dzie\u0144 targowy&#8230;&#8221;, &#8222;Mamy pi\u0119kny stragan&#8221;.<\/div>\n<div style=\"text-align: justify;\">Zaj\u0119cia zako\u0144czy\u0142y si\u0119 wsp\u00f3lnym ta\u0144cem i \u015bpiewem przy d\u017awi\u0119kach gitary.<\/div>\n<div><\/div>\n<div>\n\n\t\t<style type=\"text\/css\">\n\t\t\t#gallery-1 {\n\t\t\t\tmargin: auto;\n\t\t\t}\n\t\t\t#gallery-1 .gallery-item {\n\t\t\t\tfloat: left;\n\t\t\t\tmargin-top: 10px;\n\t\t\t\ttext-align: center;\n\t\t\t\twidth: 33%;\n\t\t\t}\n\t\t\t#gallery-1 img {\n\t\t\t\tborder: 2px solid #cfcfcf;\n\t\t\t}\n\t\t\t#gallery-1 .gallery-caption {\n\t\t\t\tmargin-left: 0;\n\t\t\t}\n\t\t\t\/* see gallery_shortcode() in wp-includes\/media.php *\/\n\t\t<\/style>\n\t\t<div id='gallery-1' class='gallery galleryid-47378 gallery-columns-3 gallery-size-thumbnail'><dl class='gallery-item'>\n\t\t\t<dt class='gallery-icon landscape'>\n\t\t\t\t<a title=\"1\" href='https:\/\/www.sosw.elblag.com.pl\/wp-content\/uploads\/2023\/10\/1-18.jpg'><img loading=\"lazy\" decoding=\"async\" width=\"200\" height=\"200\" src=\"https:\/\/www.sosw.elblag.com.pl\/wp-content\/uploads\/2023\/10\/1-18-200x200.jpg\" class=\"attachment-thumbnail size-thumbnail\" alt=\"Dary jesieni\" \/><\/a>\n\t\t\t<\/dt><\/dl><dl class='gallery-item'>\n\t\t\t<dt class='gallery-icon portrait'>\n\t\t\t\t<a title=\"2\" href='https:\/\/www.sosw.elblag.com.pl\/wp-content\/uploads\/2023\/10\/2-17.jpg'><img loading=\"lazy\" decoding=\"async\" width=\"200\" height=\"200\" src=\"https:\/\/www.sosw.elblag.com.pl\/wp-content\/uploads\/2023\/10\/2-17-200x200.jpg\" class=\"attachment-thumbnail size-thumbnail\" alt=\"Dary jesieni\" \/><\/a>\n\t\t\t<\/dt><\/dl><dl class='gallery-item'>\n\t\t\t<dt class='gallery-icon landscape'>\n\t\t\t\t<a title=\"3\" href='https:\/\/www.sosw.elblag.com.pl\/wp-content\/uploads\/2023\/10\/3-17.jpg'><img loading=\"lazy\" decoding=\"async\" width=\"200\" height=\"200\" src=\"https:\/\/www.sosw.elblag.com.pl\/wp-content\/uploads\/2023\/10\/3-17-200x200.jpg\" class=\"attachment-thumbnail size-thumbnail\" alt=\"Dary jesieni\" \/><\/a>\n\t\t\t<\/dt><\/dl><br style=\"clear: both\" \/><dl class='gallery-item'>\n\t\t\t<dt class='gallery-icon portrait'>\n\t\t\t\t<a title=\"4\" href='https:\/\/www.sosw.elblag.com.pl\/wp-content\/uploads\/2023\/10\/4-16.jpg'><img loading=\"lazy\" decoding=\"async\" width=\"200\" height=\"200\" src=\"https:\/\/www.sosw.elblag.com.pl\/wp-content\/uploads\/2023\/10\/4-16-200x200.jpg\" class=\"attachment-thumbnail size-thumbnail\" alt=\"Dary jesieni\" \/><\/a>\n\t\t\t<\/dt><\/dl><dl class='gallery-item'>\n\t\t\t<dt class='gallery-icon landscape'>\n\t\t\t\t<a title=\"5\" href='https:\/\/www.sosw.elblag.com.pl\/wp-content\/uploads\/2023\/10\/5-14.jpg'><img loading=\"lazy\" decoding=\"async\" width=\"200\" height=\"200\" src=\"https:\/\/www.sosw.elblag.com.pl\/wp-content\/uploads\/2023\/10\/5-14-200x200.jpg\" class=\"attachment-thumbnail size-thumbnail\" alt=\"Dary jesieni\" \/><\/a>\n\t\t\t<\/dt><\/dl><dl class='gallery-item'>\n\t\t\t<dt class='gallery-icon landscape'>\n\t\t\t\t<a title=\"6\" href='https:\/\/www.sosw.elblag.com.pl\/wp-content\/uploads\/2023\/10\/6-12.jpg'><img loading=\"lazy\" decoding=\"async\" width=\"200\" height=\"200\" src=\"https:\/\/www.sosw.elblag.com.pl\/wp-content\/uploads\/2023\/10\/6-12-200x200.jpg\" class=\"attachment-thumbnail size-thumbnail\" alt=\"Dary jesieni\" \/><\/a>\n\t\t\t<\/dt><\/dl><br style=\"clear: both\" \/><dl class='gallery-item'>\n\t\t\t<dt class='gallery-icon landscape'>\n\t\t\t\t<a title=\"7\" href='https:\/\/www.sosw.elblag.com.pl\/wp-content\/uploads\/2023\/10\/7-12.jpg'><img loading=\"lazy\" decoding=\"async\" width=\"200\" height=\"200\" src=\"https:\/\/www.sosw.elblag.com.pl\/wp-content\/uploads\/2023\/10\/7-12-200x200.jpg\" class=\"attachment-thumbnail size-thumbnail\" alt=\"Dary jesieni\" \/><\/a>\n\t\t\t<\/dt><\/dl><dl class='gallery-item'>\n\t\t\t<dt class='gallery-icon landscape'>\n\t\t\t\t<a title=\"8\" href='https:\/\/www.sosw.elblag.com.pl\/wp-content\/uploads\/2023\/10\/8-11.jpg'><img loading=\"lazy\" decoding=\"async\" width=\"200\" height=\"200\" src=\"https:\/\/www.sosw.elblag.com.pl\/wp-content\/uploads\/2023\/10\/8-11-200x200.jpg\" class=\"attachment-thumbnail size-thumbnail\" alt=\"Dary jesieni\" \/><\/a>\n\t\t\t<\/dt><\/dl><dl class='gallery-item'>\n\t\t\t<dt class='gallery-icon landscape'>\n\t\t\t\t<a title=\"9\" href='https:\/\/www.sosw.elblag.com.pl\/wp-content\/uploads\/2023\/10\/9-10.jpg'><img loading=\"lazy\" decoding=\"async\" width=\"200\" height=\"200\" src=\"https:\/\/www.sosw.elblag.com.pl\/wp-content\/uploads\/2023\/10\/9-10-200x200.jpg\" class=\"attachment-thumbnail size-thumbnail\" alt=\"Dary jesieni\" \/><\/a>\n\t\t\t<\/dt><\/dl><br style=\"clear: both\" \/><dl class='gallery-item'>\n\t\t\t<dt class='gallery-icon landscape'>\n\t\t\t\t<a title=\"10\" href='https:\/\/www.sosw.elblag.com.pl\/wp-content\/uploads\/2023\/10\/10-10.jpg'><img loading=\"lazy\" decoding=\"async\" width=\"200\" height=\"200\" src=\"https:\/\/www.sosw.elblag.com.pl\/wp-content\/uploads\/2023\/10\/10-10-200x200.jpg\" class=\"attachment-thumbnail size-thumbnail\" alt=\"Dary jesieni\" \/><\/a>\n\t\t\t<\/dt><\/dl>\n\t\t\t<br style='clear: both' \/>\n\t\t<\/div>\n\n<\/div>\n","protected":false},"excerpt":{"rendered":"<p>W dniu dzisiejszym w ramach zaj\u0119\u0107 teatralnych nauczyciele z\u00a0 DPS-u zaprosili swoich uczni\u00f3w na inscenizacje znanych wierszy. Tematem przewodnim by\u0142y &#8222;dary jesieni&#8221;. <a class=\"more-link\" href=\"https:\/\/www.sosw.elblag.com.pl\/index.php\/2023\/10\/25\/dary-jesieni\/\">Czytaj dalej&#8230;<\/a><\/p>\n","protected":false},"author":1,"featured_media":47380,"comment_status":"closed","ping_status":"closed","sticky":false,"template":"","format":"standard","meta":{"footnotes":""},"categories":[8],"tags":[],"class_list":["post-47378","post","type-post","status-publish","format-standard","has-post-thumbnail","hentry","category-dom-pomocy-spolecznej"],"_links":{"self":[{"href":"https:\/\/www.sosw.elblag.com.pl\/index.php\/wp-json\/wp\/v2\/posts\/47378","targetHints":{"allow":["GET"]}}],"collection":[{"href":"https:\/\/www.sosw.elblag.com.pl\/index.php\/wp-json\/wp\/v2\/posts"}],"about":[{"href":"https:\/\/www.sosw.elblag.com.pl\/index.php\/wp-json\/wp\/v2\/types\/post"}],"author":[{"embeddable":true,"href":"https:\/\/www.sosw.elblag.com.pl\/index.php\/wp-json\/wp\/v2\/users\/1"}],"replies":[{"embeddable":true,"href":"https:\/\/www.sosw.elblag.com.pl\/index.php\/wp-json\/wp\/v2\/comments?post=47378"}],"version-history":[{"count":1,"href":"https:\/\/www.sosw.elblag.com.pl\/index.php\/wp-json\/wp\/v2\/posts\/47378\/revisions"}],"predecessor-version":[{"id":47389,"href":"https:\/\/www.sosw.elblag.com.pl\/index.php\/wp-json\/wp\/v2\/posts\/47378\/revisions\/47389"}],"wp:featuredmedia":[{"embeddable":true,"href":"https:\/\/www.sosw.elblag.com.pl\/index.php\/wp-json\/wp\/v2\/media\/47380"}],"wp:attachment":[{"href":"https:\/\/www.sosw.elblag.com.pl\/index.php\/wp-json\/wp\/v2\/media?parent=47378"}],"wp:term":[{"taxonomy":"category","embeddable":true,"href":"https:\/\/www.sosw.elblag.com.pl\/index.php\/wp-json\/wp\/v2\/categories?post=47378"},{"taxonomy":"post_tag","embeddable":true,"href":"https:\/\/www.sosw.elblag.com.pl\/index.php\/wp-json\/wp\/v2\/tags?post=47378"}],"curies":[{"name":"wp","href":"https:\/\/api.w.org\/{rel}","templated":true}]}}