{"id":47370,"date":"2023-10-25T09:13:42","date_gmt":"2023-10-25T07:13:42","guid":{"rendered":"http:\/\/www.sosw.elblag.com.pl\/?p=47370"},"modified":"2023-10-25T09:13:42","modified_gmt":"2023-10-25T07:13:42","slug":"internacki-konkurs-plastyczny-jestem-kulturalny","status":"publish","type":"post","link":"https:\/\/www.sosw.elblag.com.pl\/index.php\/2023\/10\/25\/internacki-konkurs-plastyczny-jestem-kulturalny\/","title":{"rendered":"INTERNACKI KONKURS PLASTYCZNY \u201eJESTEM KULTURALNY\u201d"},"content":{"rendered":"<p>W ramach projektu \u201eDzieciaki z kultur\u0105\u201d w Internacie odby\u0142 si\u0119 konkurs plastyczny pt.:\u201dJestem kulturalny\u201d. Z po\u015br\u00f3d wielu prac jury wy\u0142oni\u0142o 4 najlepsze, za kt\u00f3re zosta\u0142y przyznane\u00a0 nagrody rzeczowe.<\/p>\n<p>1 miejsce: uzyska\u0142 Julian Michalak<\/p>\n<p>2 miejsce: Maria Wiele\u0144ska<\/p>\n<p>3 miejsce: Karol Ptaszy\u0144ski<\/p>\n<p>wyr\u00f3\u017cnienie: R\u00f3\u017ca Terebiew<\/p>\n<p>Serdecznie gratulujemy zwyci\u0119zcom!!!<\/p>\n<p>&nbsp;<\/p>\n<p>Organizatorzy E. Karpowicz, A. Orzechowska, K. Filip<\/p>\n\n\t\t<style type=\"text\/css\">\n\t\t\t#gallery-1 {\n\t\t\t\tmargin: auto;\n\t\t\t}\n\t\t\t#gallery-1 .gallery-item {\n\t\t\t\tfloat: left;\n\t\t\t\tmargin-top: 10px;\n\t\t\t\ttext-align: center;\n\t\t\t\twidth: 33%;\n\t\t\t}\n\t\t\t#gallery-1 img {\n\t\t\t\tborder: 2px solid #cfcfcf;\n\t\t\t}\n\t\t\t#gallery-1 .gallery-caption {\n\t\t\t\tmargin-left: 0;\n\t\t\t}\n\t\t\t\/* see gallery_shortcode() in wp-includes\/media.php *\/\n\t\t<\/style>\n\t\t<div id='gallery-1' class='gallery galleryid-47370 gallery-columns-3 gallery-size-thumbnail'><dl class='gallery-item'>\n\t\t\t<dt class='gallery-icon landscape'>\n\t\t\t\t<a title=\"konkurs\" href='https:\/\/www.sosw.elblag.com.pl\/wp-content\/uploads\/2023\/10\/konkurs.jpg'><img loading=\"lazy\" decoding=\"async\" width=\"200\" height=\"200\" src=\"https:\/\/www.sosw.elblag.com.pl\/wp-content\/uploads\/2023\/10\/konkurs-200x200.jpg\" class=\"attachment-thumbnail size-thumbnail\" alt=\"INTERNACKI KONKURS PLASTYCZNY\" \/><\/a>\n\t\t\t<\/dt><\/dl><dl class='gallery-item'>\n\t\t\t<dt class='gallery-icon portrait'>\n\t\t\t\t<a title=\"konkurs1\" href='https:\/\/www.sosw.elblag.com.pl\/wp-content\/uploads\/2023\/10\/konkurs1.jpg'><img loading=\"lazy\" decoding=\"async\" width=\"200\" height=\"200\" src=\"https:\/\/www.sosw.elblag.com.pl\/wp-content\/uploads\/2023\/10\/konkurs1-200x200.jpg\" class=\"attachment-thumbnail size-thumbnail\" alt=\"INTERNACKI KONKURS PLASTYCZNY\" \/><\/a>\n\t\t\t<\/dt><\/dl><dl class='gallery-item'>\n\t\t\t<dt class='gallery-icon portrait'>\n\t\t\t\t<a title=\"konkurs2\" href='https:\/\/www.sosw.elblag.com.pl\/wp-content\/uploads\/2023\/10\/konkurs2.jpg'><img loading=\"lazy\" decoding=\"async\" width=\"200\" height=\"200\" src=\"https:\/\/www.sosw.elblag.com.pl\/wp-content\/uploads\/2023\/10\/konkurs2-200x200.jpg\" class=\"attachment-thumbnail size-thumbnail\" alt=\"INTERNACKI KONKURS PLASTYCZNY\" \/><\/a>\n\t\t\t<\/dt><\/dl><br style=\"clear: both\" \/>\n\t\t<\/div>\n\n","protected":false},"excerpt":{"rendered":"<p>W ramach projektu \u201eDzieciaki z kultur\u0105\u201d w Internacie odby\u0142 si\u0119 konkurs plastyczny pt.:\u201dJestem kulturalny\u201d. Z po\u015br\u00f3d wielu prac jury wy\u0142oni\u0142o 4 najlepsze, <a class=\"more-link\" href=\"https:\/\/www.sosw.elblag.com.pl\/index.php\/2023\/10\/25\/internacki-konkurs-plastyczny-jestem-kulturalny\/\">Czytaj dalej&#8230;<\/a><\/p>\n","protected":false},"author":1,"featured_media":47371,"comment_status":"closed","ping_status":"closed","sticky":false,"template":"","format":"standard","meta":{"footnotes":""},"categories":[70],"tags":[],"class_list":["post-47370","post","type-post","status-publish","format-standard","has-post-thumbnail","hentry","category-internat-2023-2024"],"_links":{"self":[{"href":"https:\/\/www.sosw.elblag.com.pl\/index.php\/wp-json\/wp\/v2\/posts\/47370","targetHints":{"allow":["GET"]}}],"collection":[{"href":"https:\/\/www.sosw.elblag.com.pl\/index.php\/wp-json\/wp\/v2\/posts"}],"about":[{"href":"https:\/\/www.sosw.elblag.com.pl\/index.php\/wp-json\/wp\/v2\/types\/post"}],"author":[{"embeddable":true,"href":"https:\/\/www.sosw.elblag.com.pl\/index.php\/wp-json\/wp\/v2\/users\/1"}],"replies":[{"embeddable":true,"href":"https:\/\/www.sosw.elblag.com.pl\/index.php\/wp-json\/wp\/v2\/comments?post=47370"}],"version-history":[{"count":1,"href":"https:\/\/www.sosw.elblag.com.pl\/index.php\/wp-json\/wp\/v2\/posts\/47370\/revisions"}],"predecessor-version":[{"id":47374,"href":"https:\/\/www.sosw.elblag.com.pl\/index.php\/wp-json\/wp\/v2\/posts\/47370\/revisions\/47374"}],"wp:featuredmedia":[{"embeddable":true,"href":"https:\/\/www.sosw.elblag.com.pl\/index.php\/wp-json\/wp\/v2\/media\/47371"}],"wp:attachment":[{"href":"https:\/\/www.sosw.elblag.com.pl\/index.php\/wp-json\/wp\/v2\/media?parent=47370"}],"wp:term":[{"taxonomy":"category","embeddable":true,"href":"https:\/\/www.sosw.elblag.com.pl\/index.php\/wp-json\/wp\/v2\/categories?post=47370"},{"taxonomy":"post_tag","embeddable":true,"href":"https:\/\/www.sosw.elblag.com.pl\/index.php\/wp-json\/wp\/v2\/tags?post=47370"}],"curies":[{"name":"wp","href":"https:\/\/api.w.org\/{rel}","templated":true}]}}