{"id":45524,"date":"2023-06-21T12:12:10","date_gmt":"2023-06-21T10:12:10","guid":{"rendered":"http:\/\/www.sosw.elblag.com.pl\/?p=45524"},"modified":"2023-06-22T13:13:26","modified_gmt":"2023-06-22T11:13:26","slug":"czy-to-juz-lato","status":"publish","type":"post","link":"https:\/\/www.sosw.elblag.com.pl\/index.php\/2023\/06\/21\/czy-to-juz-lato\/","title":{"rendered":"Czy to ju\u017c lato?"},"content":{"rendered":"<p style=\"font-weight: 400;\">Odpowiedzi na to pytanie szuka\u0142y dzieci z klasy 3 a zet. Czy im si\u0119 uda\u0142o?<\/p>\n<p style=\"font-weight: 400;\">Sprawd\u017acie sami\u2026.zapraszamy do wys\u0142uchania wiersza \u201eTato czy ju\u017c lato?\u201d B. Szel\u0105gowskiej.<\/p>\n<p style=\"font-weight: 400;\">\u017byczymy mi\u0142ego odbioru i tego, aby wszyscy mieli czas na codzienne poszukiwanie pi\u0119kna tej pory roku.<\/p>\n<p style=\"font-weight: 400;\">Film powsta\u0142 w oparciu o wiersz \u201eTato czy ju\u017c lato?\u201d B. Szel\u0105gowskiej. Do realizacji wykorzystano sprz\u0119t zakupiony w ramach programu \u201eLaboratoria przysz\u0142o\u015bci\u201d :\u00a0 aparat fotograficzny NIKON D5600, statyw VOYAGER 4578, mikrofon SHUDDER.<\/p>\n<p style=\"font-weight: 400;\">Magdalena Janiak<\/p>\n<p style=\"font-weight: 400;\">Anna W\u00f3jtowicz<\/p>\n<p style=\"font-weight: 400;\"><strong><em>\u201eTato czy ju\u017c lato?\u201d B. Szel\u0105gowskiej<\/em><\/strong><\/p>\n<p style=\"font-weight: 400;\">Powiedz, prosz\u0119! Powiedz, lato!<\/p>\n<p style=\"font-weight: 400;\">Po czym mo\u017cna pozna\u0107, \u017ce ju\u017c jeste\u015b?<\/p>\n<p style=\"font-weight: 400;\">Sk\u0105d na\u00a0 przyk\u0142ad wiadomo, \u017ce ju\u017c si\u0119 zaczynasz?<\/p>\n<p style=\"font-weight: 400;\">Po prostu:<\/p>\n<p style=\"font-weight: 400;\">po s\u0142odkich malinach,<\/p>\n<p style=\"font-weight: 400;\">po bitej \u015bmietanie z truskawkami,<\/p>\n<p style=\"font-weight: 400;\">po kompocie z wi\u015bniami,<\/p>\n<p style=\"font-weight: 400;\">po \u017cycie, kt\u00f3re na polach dojrzewa,<\/p>\n<p style=\"font-weight: 400;\">po letnich ulewach,<\/p>\n<p style=\"font-weight: 400;\">po s\u0142owiku, co wieczorami \u015bpiewa,<\/p>\n<p style=\"font-weight: 400;\">po bo\u0107kach ucz\u0105cych si\u0119 lata\u0107,<\/p>\n<p style=\"font-weight: 400;\">po ogrodach ton\u0105cych w kwiatach,<\/p>\n<p style=\"font-weight: 400;\">po \u015bwierszczach koncertuj\u0105cych na \u0142\u0105ce,<\/p>\n<p style=\"font-weight: 400;\">po wygrzewaj\u0105cej si\u0119 na mleczu biedronce,<\/p>\n<p style=\"font-weight: 400;\">po zapachu skoszonej trawy i r\u00f3\u017c&#8230;.<\/p>\n<p style=\"font-weight: 400;\">I ju\u017c!<\/p>\n<p><iframe loading=\"lazy\" title=\"Klasa 3a ZET  Czy ju\u017c lato\" width=\"678\" height=\"381\" src=\"https:\/\/www.youtube.com\/embed\/PlFTjyiQnLU?feature=oembed\" frameborder=\"0\" allow=\"accelerometer; autoplay; clipboard-write; encrypted-media; gyroscope; picture-in-picture; web-share\" allowfullscreen><\/iframe><\/p>\n<p><img loading=\"lazy\" decoding=\"async\" class=\"aligncenter size-full wp-image-45525\" src=\"https:\/\/www.sosw.elblag.com.pl\/wp-content\/uploads\/2023\/06\/logotypy-labor.-przyszlosci-1.jpg\" alt=\"\" width=\"754\" height=\"106\" srcset=\"https:\/\/www.sosw.elblag.com.pl\/wp-content\/uploads\/2023\/06\/logotypy-labor.-przyszlosci-1.jpg 754w, https:\/\/www.sosw.elblag.com.pl\/wp-content\/uploads\/2023\/06\/logotypy-labor.-przyszlosci-1-300x42.jpg 300w\" sizes=\"auto, (max-width: 754px) 100vw, 754px\" \/><\/p>\n\n\t\t<style type=\"text\/css\">\n\t\t\t#gallery-1 {\n\t\t\t\tmargin: auto;\n\t\t\t}\n\t\t\t#gallery-1 .gallery-item {\n\t\t\t\tfloat: left;\n\t\t\t\tmargin-top: 10px;\n\t\t\t\ttext-align: center;\n\t\t\t\twidth: 100%;\n\t\t\t}\n\t\t\t#gallery-1 img {\n\t\t\t\tborder: 2px solid #cfcfcf;\n\t\t\t}\n\t\t\t#gallery-1 .gallery-caption {\n\t\t\t\tmargin-left: 0;\n\t\t\t}\n\t\t\t\/* see gallery_shortcode() in wp-includes\/media.php *\/\n\t\t<\/style>\n\t\t<div id='gallery-1' class='gallery galleryid-45524 gallery-columns-1 gallery-size-full'><dl class='gallery-item'>\n\t\t\t<dt class='gallery-icon landscape'>\n\t\t\t\t<a title=\"logo-Laboratoria_Przysz\u0142o\u015bci_poziom_kolor\" href='https:\/\/www.sosw.elblag.com.pl\/wp-content\/uploads\/2023\/06\/logo-Laboratoria_Przyszlosci_poziom_kolor.png'><img loading=\"lazy\" decoding=\"async\" width=\"2550\" height=\"1431\" src=\"https:\/\/www.sosw.elblag.com.pl\/wp-content\/uploads\/2023\/06\/logo-Laboratoria_Przyszlosci_poziom_kolor.png\" class=\"attachment-full size-full\" alt=\"logo\" srcset=\"https:\/\/www.sosw.elblag.com.pl\/wp-content\/uploads\/2023\/06\/logo-Laboratoria_Przyszlosci_poziom_kolor.png 2550w, https:\/\/www.sosw.elblag.com.pl\/wp-content\/uploads\/2023\/06\/logo-Laboratoria_Przyszlosci_poziom_kolor-300x168.png 300w, https:\/\/www.sosw.elblag.com.pl\/wp-content\/uploads\/2023\/06\/logo-Laboratoria_Przyszlosci_poziom_kolor-1024x575.png 1024w, https:\/\/www.sosw.elblag.com.pl\/wp-content\/uploads\/2023\/06\/logo-Laboratoria_Przyszlosci_poziom_kolor-768x431.png 768w, https:\/\/www.sosw.elblag.com.pl\/wp-content\/uploads\/2023\/06\/logo-Laboratoria_Przyszlosci_poziom_kolor-1536x862.png 1536w, https:\/\/www.sosw.elblag.com.pl\/wp-content\/uploads\/2023\/06\/logo-Laboratoria_Przyszlosci_poziom_kolor-2048x1149.png 2048w\" sizes=\"auto, (max-width: 2550px) 100vw, 2550px\" \/><\/a>\n\t\t\t<\/dt><\/dl><br style=\"clear: both\" \/>\n\t\t<\/div>\n\n","protected":false},"excerpt":{"rendered":"<p>Odpowiedzi na to pytanie szuka\u0142y dzieci z klasy 3 a zet. Czy im si\u0119 uda\u0142o? Sprawd\u017acie sami\u2026.zapraszamy do wys\u0142uchania wiersza \u201eTato czy <a class=\"more-link\" href=\"https:\/\/www.sosw.elblag.com.pl\/index.php\/2023\/06\/21\/czy-to-juz-lato\/\">Czytaj dalej&#8230;<\/a><\/p>\n","protected":false},"author":1,"featured_media":45526,"comment_status":"closed","ping_status":"closed","sticky":false,"template":"","format":"standard","meta":{"footnotes":""},"categories":[41],"tags":[],"class_list":["post-45524","post","type-post","status-publish","format-standard","has-post-thumbnail","hentry","category-z-zycia-osrodka-2019-2020"],"_links":{"self":[{"href":"https:\/\/www.sosw.elblag.com.pl\/index.php\/wp-json\/wp\/v2\/posts\/45524","targetHints":{"allow":["GET"]}}],"collection":[{"href":"https:\/\/www.sosw.elblag.com.pl\/index.php\/wp-json\/wp\/v2\/posts"}],"about":[{"href":"https:\/\/www.sosw.elblag.com.pl\/index.php\/wp-json\/wp\/v2\/types\/post"}],"author":[{"embeddable":true,"href":"https:\/\/www.sosw.elblag.com.pl\/index.php\/wp-json\/wp\/v2\/users\/1"}],"replies":[{"embeddable":true,"href":"https:\/\/www.sosw.elblag.com.pl\/index.php\/wp-json\/wp\/v2\/comments?post=45524"}],"version-history":[{"count":3,"href":"https:\/\/www.sosw.elblag.com.pl\/index.php\/wp-json\/wp\/v2\/posts\/45524\/revisions"}],"predecessor-version":[{"id":45562,"href":"https:\/\/www.sosw.elblag.com.pl\/index.php\/wp-json\/wp\/v2\/posts\/45524\/revisions\/45562"}],"wp:featuredmedia":[{"embeddable":true,"href":"https:\/\/www.sosw.elblag.com.pl\/index.php\/wp-json\/wp\/v2\/media\/45526"}],"wp:attachment":[{"href":"https:\/\/www.sosw.elblag.com.pl\/index.php\/wp-json\/wp\/v2\/media?parent=45524"}],"wp:term":[{"taxonomy":"category","embeddable":true,"href":"https:\/\/www.sosw.elblag.com.pl\/index.php\/wp-json\/wp\/v2\/categories?post=45524"},{"taxonomy":"post_tag","embeddable":true,"href":"https:\/\/www.sosw.elblag.com.pl\/index.php\/wp-json\/wp\/v2\/tags?post=45524"}],"curies":[{"name":"wp","href":"https:\/\/api.w.org\/{rel}","templated":true}]}}