{"id":45425,"date":"2023-06-16T14:10:32","date_gmt":"2023-06-16T12:10:32","guid":{"rendered":"http:\/\/www.sosw.elblag.com.pl\/?p=45425"},"modified":"2023-06-16T14:10:32","modified_gmt":"2023-06-16T12:10:32","slug":"wycieczka-na-farme-osle-ucho","status":"publish","type":"post","link":"https:\/\/www.sosw.elblag.com.pl\/index.php\/2023\/06\/16\/wycieczka-na-farme-osle-ucho\/","title":{"rendered":"Wycieczka na Farm\u0119 O\u015ble Ucho"},"content":{"rendered":"<p>Uczniowie klasy 2\/3 d SP i 5\/7 c SP wybrali si\u0119 na wycieczk\u0119 do Gospodarstwa\u00a0 Agroturystycznego \u201eFarma O\u015ble Ucho\u201d, gdzie zapoznali si\u0119 z takimi zwierz\u0105tkami jak: kozy, os\u0142y, konie, kr\u00f3liki. Mieli mo\u017cliwo\u015b\u0107 karmienia i zwierz\u0105t i bli\u017cszego zapoznania si\u0119 z nimi. Wizyty na farmie urozmaici\u0142y r\u00f3wnie\u017c zabawy rekreacyjne.<\/p>\n<p>Marta Patyk \u2013 \u017bytkowska<\/p>\n<p>Magdalena Kowalczyk \u2013 Zielonka<\/p>\n\n\t\t<style type=\"text\/css\">\n\t\t\t#gallery-1 {\n\t\t\t\tmargin: auto;\n\t\t\t}\n\t\t\t#gallery-1 .gallery-item {\n\t\t\t\tfloat: left;\n\t\t\t\tmargin-top: 10px;\n\t\t\t\ttext-align: center;\n\t\t\t\twidth: 33%;\n\t\t\t}\n\t\t\t#gallery-1 img {\n\t\t\t\tborder: 2px solid #cfcfcf;\n\t\t\t}\n\t\t\t#gallery-1 .gallery-caption {\n\t\t\t\tmargin-left: 0;\n\t\t\t}\n\t\t\t\/* see gallery_shortcode() in wp-includes\/media.php *\/\n\t\t<\/style>\n\t\t<div id='gallery-1' class='gallery galleryid-45425 gallery-columns-3 gallery-size-thumbnail'><dl class='gallery-item'>\n\t\t\t<dt class='gallery-icon portrait'>\n\t\t\t\t<a title=\"1\" href='https:\/\/www.sosw.elblag.com.pl\/wp-content\/uploads\/2023\/06\/1-15-scaled.jpg'><img loading=\"lazy\" decoding=\"async\" width=\"200\" height=\"200\" src=\"https:\/\/www.sosw.elblag.com.pl\/wp-content\/uploads\/2023\/06\/1-15-200x200.jpg\" class=\"attachment-thumbnail size-thumbnail\" alt=\"Wycieczka na Farm\u0119 O\u015ble Ucho\" \/><\/a>\n\t\t\t<\/dt><\/dl><dl class='gallery-item'>\n\t\t\t<dt class='gallery-icon portrait'>\n\t\t\t\t<a title=\"2\" href='https:\/\/www.sosw.elblag.com.pl\/wp-content\/uploads\/2023\/06\/2-14-scaled.jpg'><img loading=\"lazy\" decoding=\"async\" width=\"200\" height=\"200\" src=\"https:\/\/www.sosw.elblag.com.pl\/wp-content\/uploads\/2023\/06\/2-14-200x200.jpg\" class=\"attachment-thumbnail size-thumbnail\" alt=\"Wycieczka na Farm\u0119 O\u015ble Ucho\" \/><\/a>\n\t\t\t<\/dt><\/dl><dl class='gallery-item'>\n\t\t\t<dt class='gallery-icon portrait'>\n\t\t\t\t<a title=\"3\" href='https:\/\/www.sosw.elblag.com.pl\/wp-content\/uploads\/2023\/06\/3-14-scaled.jpg'><img loading=\"lazy\" decoding=\"async\" width=\"200\" height=\"200\" src=\"https:\/\/www.sosw.elblag.com.pl\/wp-content\/uploads\/2023\/06\/3-14-200x200.jpg\" class=\"attachment-thumbnail size-thumbnail\" alt=\"Wycieczka na Farm\u0119 O\u015ble Ucho\" \/><\/a>\n\t\t\t<\/dt><\/dl><br style=\"clear: both\" \/><dl class='gallery-item'>\n\t\t\t<dt class='gallery-icon portrait'>\n\t\t\t\t<a title=\"4\" href='https:\/\/www.sosw.elblag.com.pl\/wp-content\/uploads\/2023\/06\/4-14-scaled.jpg'><img loading=\"lazy\" decoding=\"async\" width=\"200\" height=\"200\" src=\"https:\/\/www.sosw.elblag.com.pl\/wp-content\/uploads\/2023\/06\/4-14-200x200.jpg\" class=\"attachment-thumbnail size-thumbnail\" alt=\"Wycieczka na Farm\u0119 O\u015ble Ucho\" \/><\/a>\n\t\t\t<\/dt><\/dl><dl class='gallery-item'>\n\t\t\t<dt class='gallery-icon portrait'>\n\t\t\t\t<a title=\"5\" href='https:\/\/www.sosw.elblag.com.pl\/wp-content\/uploads\/2023\/06\/5-13-scaled.jpg'><img loading=\"lazy\" decoding=\"async\" width=\"200\" height=\"200\" src=\"https:\/\/www.sosw.elblag.com.pl\/wp-content\/uploads\/2023\/06\/5-13-200x200.jpg\" class=\"attachment-thumbnail size-thumbnail\" alt=\"Wycieczka na Farm\u0119 O\u015ble Ucho\" \/><\/a>\n\t\t\t<\/dt><\/dl><dl class='gallery-item'>\n\t\t\t<dt class='gallery-icon portrait'>\n\t\t\t\t<a title=\"6\" href='https:\/\/www.sosw.elblag.com.pl\/wp-content\/uploads\/2023\/06\/6-11-scaled.jpg'><img loading=\"lazy\" decoding=\"async\" width=\"200\" height=\"200\" src=\"https:\/\/www.sosw.elblag.com.pl\/wp-content\/uploads\/2023\/06\/6-11-200x200.jpg\" class=\"attachment-thumbnail size-thumbnail\" alt=\"Wycieczka na Farm\u0119 O\u015ble Ucho\" \/><\/a>\n\t\t\t<\/dt><\/dl><br style=\"clear: both\" \/><dl class='gallery-item'>\n\t\t\t<dt class='gallery-icon portrait'>\n\t\t\t\t<a title=\"7\" href='https:\/\/www.sosw.elblag.com.pl\/wp-content\/uploads\/2023\/06\/7-11-scaled.jpg'><img loading=\"lazy\" decoding=\"async\" width=\"200\" height=\"200\" src=\"https:\/\/www.sosw.elblag.com.pl\/wp-content\/uploads\/2023\/06\/7-11-200x200.jpg\" class=\"attachment-thumbnail size-thumbnail\" alt=\"Wycieczka na Farm\u0119 O\u015ble Ucho\" \/><\/a>\n\t\t\t<\/dt><\/dl><dl class='gallery-item'>\n\t\t\t<dt class='gallery-icon portrait'>\n\t\t\t\t<a title=\"8\" href='https:\/\/www.sosw.elblag.com.pl\/wp-content\/uploads\/2023\/06\/8-11-scaled.jpg'><img loading=\"lazy\" decoding=\"async\" width=\"200\" height=\"200\" src=\"https:\/\/www.sosw.elblag.com.pl\/wp-content\/uploads\/2023\/06\/8-11-200x200.jpg\" class=\"attachment-thumbnail size-thumbnail\" alt=\"Wycieczka na Farm\u0119 O\u015ble Ucho\" \/><\/a>\n\t\t\t<\/dt><\/dl><dl class='gallery-item'>\n\t\t\t<dt class='gallery-icon portrait'>\n\t\t\t\t<a title=\"9\" href='https:\/\/www.sosw.elblag.com.pl\/wp-content\/uploads\/2023\/06\/9-11-scaled.jpg'><img loading=\"lazy\" decoding=\"async\" width=\"200\" height=\"200\" src=\"https:\/\/www.sosw.elblag.com.pl\/wp-content\/uploads\/2023\/06\/9-11-200x200.jpg\" class=\"attachment-thumbnail size-thumbnail\" alt=\"Wycieczka na Farm\u0119 O\u015ble Ucho\" \/><\/a>\n\t\t\t<\/dt><\/dl><br style=\"clear: both\" \/>\n\t\t<\/div>\n\n","protected":false},"excerpt":{"rendered":"<p>Uczniowie klasy 2\/3 d SP i 5\/7 c SP wybrali si\u0119 na wycieczk\u0119 do Gospodarstwa\u00a0 Agroturystycznego \u201eFarma O\u015ble Ucho\u201d, gdzie zapoznali si\u0119 <a class=\"more-link\" href=\"https:\/\/www.sosw.elblag.com.pl\/index.php\/2023\/06\/16\/wycieczka-na-farme-osle-ucho\/\">Czytaj dalej&#8230;<\/a><\/p>\n","protected":false},"author":1,"featured_media":45434,"comment_status":"closed","ping_status":"closed","sticky":false,"template":"","format":"standard","meta":{"footnotes":""},"categories":[61],"tags":[],"class_list":["post-45425","post","type-post","status-publish","format-standard","has-post-thumbnail","hentry","category-z-zycia-osrodka-2022-2023"],"_links":{"self":[{"href":"https:\/\/www.sosw.elblag.com.pl\/index.php\/wp-json\/wp\/v2\/posts\/45425","targetHints":{"allow":["GET"]}}],"collection":[{"href":"https:\/\/www.sosw.elblag.com.pl\/index.php\/wp-json\/wp\/v2\/posts"}],"about":[{"href":"https:\/\/www.sosw.elblag.com.pl\/index.php\/wp-json\/wp\/v2\/types\/post"}],"author":[{"embeddable":true,"href":"https:\/\/www.sosw.elblag.com.pl\/index.php\/wp-json\/wp\/v2\/users\/1"}],"replies":[{"embeddable":true,"href":"https:\/\/www.sosw.elblag.com.pl\/index.php\/wp-json\/wp\/v2\/comments?post=45425"}],"version-history":[{"count":1,"href":"https:\/\/www.sosw.elblag.com.pl\/index.php\/wp-json\/wp\/v2\/posts\/45425\/revisions"}],"predecessor-version":[{"id":45435,"href":"https:\/\/www.sosw.elblag.com.pl\/index.php\/wp-json\/wp\/v2\/posts\/45425\/revisions\/45435"}],"wp:featuredmedia":[{"embeddable":true,"href":"https:\/\/www.sosw.elblag.com.pl\/index.php\/wp-json\/wp\/v2\/media\/45434"}],"wp:attachment":[{"href":"https:\/\/www.sosw.elblag.com.pl\/index.php\/wp-json\/wp\/v2\/media?parent=45425"}],"wp:term":[{"taxonomy":"category","embeddable":true,"href":"https:\/\/www.sosw.elblag.com.pl\/index.php\/wp-json\/wp\/v2\/categories?post=45425"},{"taxonomy":"post_tag","embeddable":true,"href":"https:\/\/www.sosw.elblag.com.pl\/index.php\/wp-json\/wp\/v2\/tags?post=45425"}],"curies":[{"name":"wp","href":"https:\/\/api.w.org\/{rel}","templated":true}]}}