{"id":45414,"date":"2023-06-16T06:59:36","date_gmt":"2023-06-16T04:59:36","guid":{"rendered":"http:\/\/www.sosw.elblag.com.pl\/?p=45414"},"modified":"2023-06-16T06:59:50","modified_gmt":"2023-06-16T04:59:50","slug":"cala-polska-czyta-dzieciom-podroze-male-i-duze","status":"publish","type":"post","link":"https:\/\/www.sosw.elblag.com.pl\/index.php\/2023\/06\/16\/cala-polska-czyta-dzieciom-podroze-male-i-duze\/","title":{"rendered":"Ca\u0142a Polska czyta dzieciom \u201ePodr\u00f3\u017ce ma\u0142e i du\u017ce\u201d"},"content":{"rendered":"<p>Zbli\u017caj\u0105 si\u0119 wakacje, a z nimi wyczekane spe\u0142nianie letnich marze\u0144. Dlatego, ostatnie ju\u017c spotkanie w tym roku szkolnym, w\u00a0 ramach cyklu Ca\u0142a Polska czyta dzieciom, odby\u0142o si\u0119 pod has\u0142em \u201ePodr\u00f3\u017ce ma\u0142e i du\u017ce\u201d. S\u0142oneczna pogoda zach\u0119ci\u0142a nas do realizacji spotkania w plenerze. Na pocz\u0105tku naszej literackiej podr\u00f3\u017cy w wierszu \u201eS\u0142owia\u0144ska Polska\u201d odwiedzili\u015bmy najurokliwsze zak\u0105tki naszej ojczyzny Polski. Nast\u0119pnie udali\u015bmy si\u0119 w dalek\u0105 podr\u00f3\u017c do W\u0142och i Hiszpani. Wiersz \u201eS\u0142oneczna Italia\u201d pozwoli\u0142 pozna\u0107 dzieciom krajobrazy \u00a0i smaki W\u0142och. Natomiast utw\u00f3r \u201eOgnista Hiszpania\u201d\u00a0 przeni\u00f3s\u0142 nas w \u015bwiat ta\u0144ca flamenco\u00a0\u00a0\u00a0 \u00a0i corridy. Po pe\u0142nej wra\u017ce\u0144 wsp\u00f3lnej podr\u00f3\u017cy wszyscy wyczekujemy na wyt\u0119sknione wakacyjne podr\u00f3\u017ce.<\/p>\n<p>Bo\u017cena Kowalewska, S\u0142awomira Sroczy\u0144ska, Anna W\u00f3jtowicz<\/p>\n\n\t\t<style type=\"text\/css\">\n\t\t\t#gallery-1 {\n\t\t\t\tmargin: auto;\n\t\t\t}\n\t\t\t#gallery-1 .gallery-item {\n\t\t\t\tfloat: left;\n\t\t\t\tmargin-top: 10px;\n\t\t\t\ttext-align: center;\n\t\t\t\twidth: 50%;\n\t\t\t}\n\t\t\t#gallery-1 img {\n\t\t\t\tborder: 2px solid #cfcfcf;\n\t\t\t}\n\t\t\t#gallery-1 .gallery-caption {\n\t\t\t\tmargin-left: 0;\n\t\t\t}\n\t\t\t\/* see gallery_shortcode() in wp-includes\/media.php *\/\n\t\t<\/style>\n\t\t<div id='gallery-1' class='gallery galleryid-45414 gallery-columns-2 gallery-size-thumbnail'><dl class='gallery-item'>\n\t\t\t<dt class='gallery-icon portrait'>\n\t\t\t\t<a title=\"Ca\u0142a Polska czyta dzieciom 1docx\" href='https:\/\/www.sosw.elblag.com.pl\/wp-content\/uploads\/2023\/06\/Cala-Polska-czyta-dzieciom-1docx.jpg'><img loading=\"lazy\" decoding=\"async\" width=\"200\" height=\"200\" src=\"https:\/\/www.sosw.elblag.com.pl\/wp-content\/uploads\/2023\/06\/Cala-Polska-czyta-dzieciom-1docx-200x200.jpg\" class=\"attachment-thumbnail size-thumbnail\" alt=\"Ca\u0142a Polska czyta dzieciom - Podr\u00f3\u017ce ma\u0142e i du\u017ce\" \/><\/a>\n\t\t\t<\/dt><\/dl><dl class='gallery-item'>\n\t\t\t<dt class='gallery-icon portrait'>\n\t\t\t\t<a title=\"Ca\u0142a Polska czyta dzieciom 2docx\" href='https:\/\/www.sosw.elblag.com.pl\/wp-content\/uploads\/2023\/06\/Cala-Polska-czyta-dzieciom-2docx.jpg'><img loading=\"lazy\" decoding=\"async\" width=\"200\" height=\"200\" src=\"https:\/\/www.sosw.elblag.com.pl\/wp-content\/uploads\/2023\/06\/Cala-Polska-czyta-dzieciom-2docx-200x200.jpg\" class=\"attachment-thumbnail size-thumbnail\" alt=\"Ca\u0142a Polska czyta dzieciom - Podr\u00f3\u017ce ma\u0142e i du\u017ce\" \/><\/a>\n\t\t\t<\/dt><\/dl><br style=\"clear: both\" \/><dl class='gallery-item'>\n\t\t\t<dt class='gallery-icon portrait'>\n\t\t\t\t<a title=\"Ca\u0142a Polska czyta dzieciom 3docx\" href='https:\/\/www.sosw.elblag.com.pl\/wp-content\/uploads\/2023\/06\/Cala-Polska-czyta-dzieciom-3docx.jpg'><img loading=\"lazy\" decoding=\"async\" width=\"200\" height=\"200\" src=\"https:\/\/www.sosw.elblag.com.pl\/wp-content\/uploads\/2023\/06\/Cala-Polska-czyta-dzieciom-3docx-200x200.jpg\" class=\"attachment-thumbnail size-thumbnail\" alt=\"Ca\u0142a Polska czyta dzieciom - Podr\u00f3\u017ce ma\u0142e i du\u017ce\" \/><\/a>\n\t\t\t<\/dt><\/dl><dl class='gallery-item'>\n\t\t\t<dt class='gallery-icon portrait'>\n\t\t\t\t<a title=\"Ca\u0142a Polska czyta dzieciom 4docx\" href='https:\/\/www.sosw.elblag.com.pl\/wp-content\/uploads\/2023\/06\/Cala-Polska-czyta-dzieciom-4docx.jpg'><img loading=\"lazy\" decoding=\"async\" width=\"200\" height=\"200\" src=\"https:\/\/www.sosw.elblag.com.pl\/wp-content\/uploads\/2023\/06\/Cala-Polska-czyta-dzieciom-4docx-200x200.jpg\" class=\"attachment-thumbnail size-thumbnail\" alt=\"Ca\u0142a Polska czyta dzieciom - Podr\u00f3\u017ce ma\u0142e i du\u017ce\" \/><\/a>\n\t\t\t<\/dt><\/dl><br style=\"clear: both\" \/><dl class='gallery-item'>\n\t\t\t<dt class='gallery-icon portrait'>\n\t\t\t\t<a title=\"Ca\u0142a Polska czyta dzieciom 5docx\" href='https:\/\/www.sosw.elblag.com.pl\/wp-content\/uploads\/2023\/06\/Cala-Polska-czyta-dzieciom-5docx.jpg'><img loading=\"lazy\" decoding=\"async\" width=\"200\" height=\"200\" src=\"https:\/\/www.sosw.elblag.com.pl\/wp-content\/uploads\/2023\/06\/Cala-Polska-czyta-dzieciom-5docx-200x200.jpg\" class=\"attachment-thumbnail size-thumbnail\" alt=\"Ca\u0142a Polska czyta dzieciom - Podr\u00f3\u017ce ma\u0142e i du\u017ce\" \/><\/a>\n\t\t\t<\/dt><\/dl><dl class='gallery-item'>\n\t\t\t<dt class='gallery-icon portrait'>\n\t\t\t\t<a title=\"Ca\u0142a Polska czyta dzieciom 6docx\" href='https:\/\/www.sosw.elblag.com.pl\/wp-content\/uploads\/2023\/06\/Cala-Polska-czyta-dzieciom-6docx.jpg'><img loading=\"lazy\" decoding=\"async\" width=\"200\" height=\"200\" src=\"https:\/\/www.sosw.elblag.com.pl\/wp-content\/uploads\/2023\/06\/Cala-Polska-czyta-dzieciom-6docx-200x200.jpg\" class=\"attachment-thumbnail size-thumbnail\" alt=\"Ca\u0142a Polska czyta dzieciom - Podr\u00f3\u017ce ma\u0142e i du\u017ce\" \/><\/a>\n\t\t\t<\/dt><\/dl><br style=\"clear: both\" \/><dl class='gallery-item'>\n\t\t\t<dt class='gallery-icon portrait'>\n\t\t\t\t<a title=\"Ca\u0142a Polska czyta dzieciom 7docx\" href='https:\/\/www.sosw.elblag.com.pl\/wp-content\/uploads\/2023\/06\/Cala-Polska-czyta-dzieciom-7docx.jpg'><img loading=\"lazy\" decoding=\"async\" width=\"200\" height=\"200\" src=\"https:\/\/www.sosw.elblag.com.pl\/wp-content\/uploads\/2023\/06\/Cala-Polska-czyta-dzieciom-7docx-200x200.jpg\" class=\"attachment-thumbnail size-thumbnail\" alt=\"Ca\u0142a Polska czyta dzieciom - Podr\u00f3\u017ce ma\u0142e i du\u017ce\" \/><\/a>\n\t\t\t<\/dt><\/dl><dl class='gallery-item'>\n\t\t\t<dt class='gallery-icon landscape'>\n\t\t\t\t<a title=\"Ca\u0142a Polska czyta dzieciom 8docx\" href='https:\/\/www.sosw.elblag.com.pl\/wp-content\/uploads\/2023\/06\/Cala-Polska-czyta-dzieciom-8docx.jpg'><img loading=\"lazy\" decoding=\"async\" width=\"200\" height=\"200\" src=\"https:\/\/www.sosw.elblag.com.pl\/wp-content\/uploads\/2023\/06\/Cala-Polska-czyta-dzieciom-8docx-200x200.jpg\" class=\"attachment-thumbnail size-thumbnail\" alt=\"Ca\u0142a Polska czyta dzieciom - Podr\u00f3\u017ce ma\u0142e i du\u017ce\" \/><\/a>\n\t\t\t<\/dt><\/dl><br style=\"clear: both\" \/>\n\t\t<\/div>\n\n","protected":false},"excerpt":{"rendered":"<p>Zbli\u017caj\u0105 si\u0119 wakacje, a z nimi wyczekane spe\u0142nianie letnich marze\u0144. Dlatego, ostatnie ju\u017c spotkanie w tym roku szkolnym, w\u00a0 ramach cyklu Ca\u0142a <a class=\"more-link\" href=\"https:\/\/www.sosw.elblag.com.pl\/index.php\/2023\/06\/16\/cala-polska-czyta-dzieciom-podroze-male-i-duze\/\">Czytaj dalej&#8230;<\/a><\/p>\n","protected":false},"author":1,"featured_media":45415,"comment_status":"closed","ping_status":"closed","sticky":false,"template":"","format":"standard","meta":{"footnotes":""},"categories":[61],"tags":[],"class_list":["post-45414","post","type-post","status-publish","format-standard","has-post-thumbnail","hentry","category-z-zycia-osrodka-2022-2023"],"_links":{"self":[{"href":"https:\/\/www.sosw.elblag.com.pl\/index.php\/wp-json\/wp\/v2\/posts\/45414","targetHints":{"allow":["GET"]}}],"collection":[{"href":"https:\/\/www.sosw.elblag.com.pl\/index.php\/wp-json\/wp\/v2\/posts"}],"about":[{"href":"https:\/\/www.sosw.elblag.com.pl\/index.php\/wp-json\/wp\/v2\/types\/post"}],"author":[{"embeddable":true,"href":"https:\/\/www.sosw.elblag.com.pl\/index.php\/wp-json\/wp\/v2\/users\/1"}],"replies":[{"embeddable":true,"href":"https:\/\/www.sosw.elblag.com.pl\/index.php\/wp-json\/wp\/v2\/comments?post=45414"}],"version-history":[{"count":1,"href":"https:\/\/www.sosw.elblag.com.pl\/index.php\/wp-json\/wp\/v2\/posts\/45414\/revisions"}],"predecessor-version":[{"id":45423,"href":"https:\/\/www.sosw.elblag.com.pl\/index.php\/wp-json\/wp\/v2\/posts\/45414\/revisions\/45423"}],"wp:featuredmedia":[{"embeddable":true,"href":"https:\/\/www.sosw.elblag.com.pl\/index.php\/wp-json\/wp\/v2\/media\/45415"}],"wp:attachment":[{"href":"https:\/\/www.sosw.elblag.com.pl\/index.php\/wp-json\/wp\/v2\/media?parent=45414"}],"wp:term":[{"taxonomy":"category","embeddable":true,"href":"https:\/\/www.sosw.elblag.com.pl\/index.php\/wp-json\/wp\/v2\/categories?post=45414"},{"taxonomy":"post_tag","embeddable":true,"href":"https:\/\/www.sosw.elblag.com.pl\/index.php\/wp-json\/wp\/v2\/tags?post=45414"}],"curies":[{"name":"wp","href":"https:\/\/api.w.org\/{rel}","templated":true}]}}