{"id":45410,"date":"2023-06-16T06:54:46","date_gmt":"2023-06-16T04:54:46","guid":{"rendered":"http:\/\/www.sosw.elblag.com.pl\/?p=45410"},"modified":"2023-06-16T06:54:46","modified_gmt":"2023-06-16T04:54:46","slug":"miedzynarodowy-projekt-edukacyjny-z-kultura-mi-do-twarzy-2022-2023","status":"publish","type":"post","link":"https:\/\/www.sosw.elblag.com.pl\/index.php\/2023\/06\/16\/miedzynarodowy-projekt-edukacyjny-z-kultura-mi-do-twarzy-2022-2023\/","title":{"rendered":"Mi\u0119dzynarodowy Projekt Edukacyjny \u201eZ kultur\u0105 mi do twarzy\u201d 2022\/2023"},"content":{"rendered":"<p><img loading=\"lazy\" decoding=\"async\" class=\"size-full wp-image-40800 alignleft\" src=\"https:\/\/www.sosw.elblag.com.pl\/wp-content\/uploads\/2022\/10\/logo-z-kultura-mi-do-twarzy.jpg\" alt=\"logo z kultura mi do twarzy\" width=\"175\" height=\"171\" \/>W roku szkolnym 2022\/23 uczniowie klas 3c L, 7\/8 zet i\u00a0 8 f zet realizowali Mi\u0119dzynarodowy Projekt Edukacyjny \u201eZ kultur\u0105 mi do twarzy\u201d.\u00a0 Celem projektu by\u0142o mi\u0119dzy innymi promowanie kultury wysokiej, wra\u017cliwo\u015bci na pi\u0119kno, rozwijanie poczucia estetyki poprzez kontakt ze sztuk\u0105, kszta\u0142towanie empatii i szacunku wobec innych. Kszta\u0142towanie poczucia przynale\u017cno\u015bci do kraju, regionu.<\/p>\n<p>Mi\u0142o nam poinformowa\u0107, \u017ce nasza plac\u00f3wka za ogromne zaanga\u017cowanie w projekcie otrzyma\u0142a CERTYFIKAT \u201eZ KULTUR\u0104 MI DO TWARZY\u201d\u00a0 .<\/p>\n<p>Bo\u017cena Kowalewska, Beata Maj, Marta Zalewska<\/p>\n\n\t\t<style type=\"text\/css\">\n\t\t\t#gallery-1 {\n\t\t\t\tmargin: auto;\n\t\t\t}\n\t\t\t#gallery-1 .gallery-item {\n\t\t\t\tfloat: left;\n\t\t\t\tmargin-top: 10px;\n\t\t\t\ttext-align: center;\n\t\t\t\twidth: 100%;\n\t\t\t}\n\t\t\t#gallery-1 img {\n\t\t\t\tborder: 2px solid #cfcfcf;\n\t\t\t}\n\t\t\t#gallery-1 .gallery-caption {\n\t\t\t\tmargin-left: 0;\n\t\t\t}\n\t\t\t\/* see gallery_shortcode() in wp-includes\/media.php *\/\n\t\t<\/style>\n\t\t<div id='gallery-1' class='gallery galleryid-45410 gallery-columns-1 gallery-size-full'><dl class='gallery-item'>\n\t\t\t<dt class='gallery-icon portrait'>\n\t\t\t\t<a title=\"certyfikat\" href='https:\/\/www.sosw.elblag.com.pl\/wp-content\/uploads\/2023\/06\/certyfikat.jpg'><img loading=\"lazy\" decoding=\"async\" width=\"1401\" height=\"1961\" src=\"https:\/\/www.sosw.elblag.com.pl\/wp-content\/uploads\/2023\/06\/certyfikat.jpg\" class=\"attachment-full size-full\" alt=\"certyfikat - Mi\u0119dzynarodowy Projekt Edukacyjny \u201eZ kultur\u0105 mi do twarzy\u201d\" srcset=\"https:\/\/www.sosw.elblag.com.pl\/wp-content\/uploads\/2023\/06\/certyfikat.jpg 1401w, https:\/\/www.sosw.elblag.com.pl\/wp-content\/uploads\/2023\/06\/certyfikat-214x300.jpg 214w, https:\/\/www.sosw.elblag.com.pl\/wp-content\/uploads\/2023\/06\/certyfikat-732x1024.jpg 732w, https:\/\/www.sosw.elblag.com.pl\/wp-content\/uploads\/2023\/06\/certyfikat-768x1075.jpg 768w, https:\/\/www.sosw.elblag.com.pl\/wp-content\/uploads\/2023\/06\/certyfikat-1097x1536.jpg 1097w\" sizes=\"auto, (max-width: 1401px) 100vw, 1401px\" \/><\/a>\n\t\t\t<\/dt><\/dl><br style=\"clear: both\" \/>\n\t\t<\/div>\n\n","protected":false},"excerpt":{"rendered":"<p>W roku szkolnym 2022\/23 uczniowie klas 3c L, 7\/8 zet i\u00a0 8 f zet realizowali Mi\u0119dzynarodowy Projekt Edukacyjny \u201eZ kultur\u0105 mi do <a class=\"more-link\" href=\"https:\/\/www.sosw.elblag.com.pl\/index.php\/2023\/06\/16\/miedzynarodowy-projekt-edukacyjny-z-kultura-mi-do-twarzy-2022-2023\/\">Czytaj dalej&#8230;<\/a><\/p>\n","protected":false},"author":1,"featured_media":45411,"comment_status":"closed","ping_status":"closed","sticky":false,"template":"","format":"standard","meta":{"footnotes":""},"categories":[61],"tags":[],"class_list":["post-45410","post","type-post","status-publish","format-standard","has-post-thumbnail","hentry","category-z-zycia-osrodka-2022-2023"],"_links":{"self":[{"href":"https:\/\/www.sosw.elblag.com.pl\/index.php\/wp-json\/wp\/v2\/posts\/45410","targetHints":{"allow":["GET"]}}],"collection":[{"href":"https:\/\/www.sosw.elblag.com.pl\/index.php\/wp-json\/wp\/v2\/posts"}],"about":[{"href":"https:\/\/www.sosw.elblag.com.pl\/index.php\/wp-json\/wp\/v2\/types\/post"}],"author":[{"embeddable":true,"href":"https:\/\/www.sosw.elblag.com.pl\/index.php\/wp-json\/wp\/v2\/users\/1"}],"replies":[{"embeddable":true,"href":"https:\/\/www.sosw.elblag.com.pl\/index.php\/wp-json\/wp\/v2\/comments?post=45410"}],"version-history":[{"count":1,"href":"https:\/\/www.sosw.elblag.com.pl\/index.php\/wp-json\/wp\/v2\/posts\/45410\/revisions"}],"predecessor-version":[{"id":45412,"href":"https:\/\/www.sosw.elblag.com.pl\/index.php\/wp-json\/wp\/v2\/posts\/45410\/revisions\/45412"}],"wp:featuredmedia":[{"embeddable":true,"href":"https:\/\/www.sosw.elblag.com.pl\/index.php\/wp-json\/wp\/v2\/media\/45411"}],"wp:attachment":[{"href":"https:\/\/www.sosw.elblag.com.pl\/index.php\/wp-json\/wp\/v2\/media?parent=45410"}],"wp:term":[{"taxonomy":"category","embeddable":true,"href":"https:\/\/www.sosw.elblag.com.pl\/index.php\/wp-json\/wp\/v2\/categories?post=45410"},{"taxonomy":"post_tag","embeddable":true,"href":"https:\/\/www.sosw.elblag.com.pl\/index.php\/wp-json\/wp\/v2\/tags?post=45410"}],"curies":[{"name":"wp","href":"https:\/\/api.w.org\/{rel}","templated":true}]}}