{"id":45405,"date":"2023-06-15T14:05:08","date_gmt":"2023-06-15T12:05:08","guid":{"rendered":"http:\/\/www.sosw.elblag.com.pl\/?p=45405"},"modified":"2023-06-15T19:45:42","modified_gmt":"2023-06-15T17:45:42","slug":"innowacjia-pedagogiczna-z-darami-natury-swiat-nie-jest-ponury-oddzialywanie-na-ucznia-w-nurcie-pedagogiki-freblowskiej-i-koncepcji-przygody","status":"publish","type":"post","link":"https:\/\/www.sosw.elblag.com.pl\/index.php\/2023\/06\/15\/innowacjia-pedagogiczna-z-darami-natury-swiat-nie-jest-ponury-oddzialywanie-na-ucznia-w-nurcie-pedagogiki-freblowskiej-i-koncepcji-przygody\/","title":{"rendered":"INNOWACJA PEDAGOGICZNA  \u201eZ darami natury \u015bwiat nie jest ponury- oddzia\u0142ywanie na ucznia w nurcie pedagogiki freblowskiej i koncepcji przygody\u201d"},"content":{"rendered":"<p>W roku szk. 2022\/23 klasy \u00a0III c, VII\/VIII a oraz VIII f realizowa\u0142y innowacj\u0119 pedagogiczn\u0105 \u201eZ darami natury \u015bwiat nie jest ponury\u201d.<\/p>\n<p>Celem g\u0142\u00f3wnym by\u0142o rozbudzenie zainteresowania dzieci natur\u0105 poprzez odkrywanie, do\u015bwiadczanie, eksperymentowanie oraz wykorzystanie jej zasob\u00f3w do kszta\u0142towania kompetencji kluczowych. \u00a0Zaj\u0119cia plenerowe, kontakt z natur\u0105, jej darami stanowi\u0142 integraln\u0105 cz\u0119\u015b\u0107 procesu edukacyjnego. W tym celu nawi\u0105zano wsp\u00f3\u0142prac\u0119 z Nadle\u015bnictwem Zaporowo oraz Parkiem Krajobrazowym Wysoczyzny Elbl\u0105skiej. Podczas spotka\u0144 wielokrotnie przewija\u0142y si\u0119 elementy porank\u00f3w freblowskich. Organizowane aktywno\u015bci umo\u017cliwia\u0142y \u0107wiczenie wszystkich zmys\u0142\u00f3w, rozwijanie sprawno\u015bci manualnej, koncentracji, koordynacji wzrokowo-ruchowej, wyobra\u017ani. Podczas zaj\u0119\u0107 i zabaw dydaktycznych uczniowie korzystali \u00a0\u00a0z r\u00f3\u017cnorodnego\u00a0 materia\u0142u przyrodniczego, typu glina, woda, kamienie, piasek, patyki, owoce drzew. Wszystkie dzia\u0142ania systematycznie umieszczano na stronie szko\u0142y.<\/p>\n<p><u>Mocne strony\u00a0\u00a0innowacji:<\/u><\/p>\n<ul>\n<li>dzia\u0142ania oparte na kontakcie z przyrod\u0105 i bazowaniu na materiale przyrodniczym podczas do\u015bwiadcze\u0144 i\u00a0 eksperyment\u00f3w,<\/li>\n<li>wykorzystane wielu atrakcyjnych i aktywnych form i metod pracy,<\/li>\n<li>zaanga\u017cowanie wszystkich uczestnik\u00f3w do zada\u0144 zawartych w innowacji.<\/li>\n<\/ul>\n<p><u>Efekty i wnioski: <\/u><\/p>\n<p>Obserwacja uczni\u00f3w podczas zaj\u0119\u0107 oraz przeprowadzone rozmowy pozwoli\u0142y na wysuni\u0119cie nast\u0119puj\u0105cych wniosk\u00f3w:<\/p>\n<p>Ucze\u0144:<\/p>\n<ul>\n<li>lubi kontakt z przyrod\u0105, jest wra\u017cliwy na jej pi\u0119kno, troskliwy w stosunku do zwierz\u0105t,<\/li>\n<li>aktywnie poszukuje rozwi\u0105za\u0144 zada\u0144 problemowych,<\/li>\n<li>naby\u0142 kompetencje komunikacyjne, spo\u0142eczne, przyrodnicze, matematyczne, stosownie do swoich mo\u017cliwo\u015bci intelektualnych,<\/li>\n<li>jest samodzielny (na miar\u0119 swoich mo\u017cliwo\u015bci psychofizycznych) podczas czynno\u015bci samoobs\u0142ugowych, czynno\u015bci zadaniowych,<\/li>\n<li>wykazuje si\u0119 kreatywno\u015bci\u0105,<\/li>\n<li>dostrzega zale\u017cno\u015b\u0107 mi\u0119dzy stanem naturalnego \u015brodowiska a zdrowiem cz\u0142owieka i zwierz\u0105t.<\/li>\n<\/ul>\n<p>&nbsp;<\/p>\n<p>Bo\u017cena Kowalewska, Beata Maj, Marta Zalewska<\/p>\n\n\t\t<style type=\"text\/css\">\n\t\t\t#gallery-1 {\n\t\t\t\tmargin: auto;\n\t\t\t}\n\t\t\t#gallery-1 .gallery-item {\n\t\t\t\tfloat: left;\n\t\t\t\tmargin-top: 10px;\n\t\t\t\ttext-align: center;\n\t\t\t\twidth: 100%;\n\t\t\t}\n\t\t\t#gallery-1 img {\n\t\t\t\tborder: 2px solid #cfcfcf;\n\t\t\t}\n\t\t\t#gallery-1 .gallery-caption {\n\t\t\t\tmargin-left: 0;\n\t\t\t}\n\t\t\t\/* see gallery_shortcode() in wp-includes\/media.php *\/\n\t\t<\/style>\n\t\t<div id='gallery-1' class='gallery galleryid-45405 gallery-columns-1 gallery-size-thumbnail'><dl class='gallery-item'>\n\t\t\t<dt class='gallery-icon landscape'>\n\t\t\t\t<a title=\"innowacja pedagogiczna\" href='https:\/\/www.sosw.elblag.com.pl\/wp-content\/uploads\/2023\/06\/innowacja-pedagogiczna.jpg'><img loading=\"lazy\" decoding=\"async\" width=\"200\" height=\"200\" src=\"https:\/\/www.sosw.elblag.com.pl\/wp-content\/uploads\/2023\/06\/innowacja-pedagogiczna-200x200.jpg\" class=\"attachment-thumbnail size-thumbnail\" alt=\"\u201eZ darami natury \u015bwiat nie jest ponury- oddzia\u0142ywanie na ucznia w nurcie pedagogiki freblowskiej i koncepcji przygody\u201d\" \/><\/a>\n\t\t\t<\/dt><\/dl><br style=\"clear: both\" \/>\n\t\t<\/div>\n\n","protected":false},"excerpt":{"rendered":"<p>W roku szk. 2022\/23 klasy \u00a0III c, VII\/VIII a oraz VIII f realizowa\u0142y innowacj\u0119 pedagogiczn\u0105 \u201eZ darami natury \u015bwiat nie jest ponury\u201d. <a class=\"more-link\" href=\"https:\/\/www.sosw.elblag.com.pl\/index.php\/2023\/06\/15\/innowacjia-pedagogiczna-z-darami-natury-swiat-nie-jest-ponury-oddzialywanie-na-ucznia-w-nurcie-pedagogiki-freblowskiej-i-koncepcji-przygody\/\">Czytaj dalej&#8230;<\/a><\/p>\n","protected":false},"author":1,"featured_media":45406,"comment_status":"closed","ping_status":"closed","sticky":false,"template":"","format":"standard","meta":{"footnotes":""},"categories":[61],"tags":[],"class_list":["post-45405","post","type-post","status-publish","format-standard","has-post-thumbnail","hentry","category-z-zycia-osrodka-2022-2023"],"_links":{"self":[{"href":"https:\/\/www.sosw.elblag.com.pl\/index.php\/wp-json\/wp\/v2\/posts\/45405","targetHints":{"allow":["GET"]}}],"collection":[{"href":"https:\/\/www.sosw.elblag.com.pl\/index.php\/wp-json\/wp\/v2\/posts"}],"about":[{"href":"https:\/\/www.sosw.elblag.com.pl\/index.php\/wp-json\/wp\/v2\/types\/post"}],"author":[{"embeddable":true,"href":"https:\/\/www.sosw.elblag.com.pl\/index.php\/wp-json\/wp\/v2\/users\/1"}],"replies":[{"embeddable":true,"href":"https:\/\/www.sosw.elblag.com.pl\/index.php\/wp-json\/wp\/v2\/comments?post=45405"}],"version-history":[{"count":2,"href":"https:\/\/www.sosw.elblag.com.pl\/index.php\/wp-json\/wp\/v2\/posts\/45405\/revisions"}],"predecessor-version":[{"id":45409,"href":"https:\/\/www.sosw.elblag.com.pl\/index.php\/wp-json\/wp\/v2\/posts\/45405\/revisions\/45409"}],"wp:featuredmedia":[{"embeddable":true,"href":"https:\/\/www.sosw.elblag.com.pl\/index.php\/wp-json\/wp\/v2\/media\/45406"}],"wp:attachment":[{"href":"https:\/\/www.sosw.elblag.com.pl\/index.php\/wp-json\/wp\/v2\/media?parent=45405"}],"wp:term":[{"taxonomy":"category","embeddable":true,"href":"https:\/\/www.sosw.elblag.com.pl\/index.php\/wp-json\/wp\/v2\/categories?post=45405"},{"taxonomy":"post_tag","embeddable":true,"href":"https:\/\/www.sosw.elblag.com.pl\/index.php\/wp-json\/wp\/v2\/tags?post=45405"}],"curies":[{"name":"wp","href":"https:\/\/api.w.org\/{rel}","templated":true}]}}