{"id":44599,"date":"2023-05-12T12:25:32","date_gmt":"2023-05-12T10:25:32","guid":{"rendered":"http:\/\/www.sosw.elblag.com.pl\/?p=44599"},"modified":"2023-05-16T09:04:58","modified_gmt":"2023-05-16T07:04:58","slug":"poznajemy-osobliwosci-zamku-krolewskiego-w-warszawie-czyli-z-wizyta-w-dawnej-siedzibie-wladcow-polski","status":"publish","type":"post","link":"https:\/\/www.sosw.elblag.com.pl\/index.php\/2023\/05\/12\/poznajemy-osobliwosci-zamku-krolewskiego-w-warszawie-czyli-z-wizyta-w-dawnej-siedzibie-wladcow-polski\/","title":{"rendered":"Poznajemy osobliwo\u015bci Zamku Kr\u00f3lewskiego w Warszawie, czyli z wizyt\u0105 w dawnej siedzibie w\u0142adc\u00f3w Polski"},"content":{"rendered":"<p class=\"western\" align=\"justify\"><span style=\"font-size: medium;\">Podczas pobytu w Warszawie przys\u0142owiow\u0105 wisienk\u0105 na torcie by\u0142o zwiedzanie Zamku Kr\u00f3lewskiego &#8211; jednej z najwa\u017cniejszych rezydencji kr\u00f3lewskich w Europie. Dowiedzieli\u015bmy si\u0119, \u017ce ten zabytkowy obiekt, pe\u0142ni\u0105cy obecnie nie tylko funkcje muzealne, rozbudowywany zosta\u0142 na prze\u0142omie XVI\/XVII w., za czas\u00f3w Zygmunta III Wazy. By\u0142 rezydencj\u0105 <\/span><em><span style=\"font-size: medium;\">kr\u00f3lewsk\u0105<\/span><\/em><span style=\"font-size: medium;\"><i>,<\/i><\/span><span style=\"font-size: medium;\"> miejscem obrad sejmu, centrum administracyjnym i kulturalnym kraju.<\/span><\/p>\n<p class=\"western\" align=\"justify\"><span style=\"font-size: medium;\">Niebywa\u0142\u0105 atrakcj\u0105 by\u0142o dla nas zwiedzanie kr\u00f3lewskich apartament\u00f3w oraz Sali Tronowej z ol\u015bniewaj\u0105cym wystrojem wn\u0119trz, pi\u0119knem obraz\u00f3w \u015bwiatowej s\u0142awy <\/span><u><\/u><span lang=\"zxx\"><span style=\"font-size: medium;\">malarzy, rang\u0105 zgromadzonych w murach zamkowych dzie\u0142 sztuki, <\/span><\/span><span lang=\"zxx\"><span style=\"font-size: medium;\">czy meblami w stylu ludwikowskim rodem z Wersalu.<\/span><\/span><\/p>\n<p class=\"western\" align=\"justify\"><span style=\"font-size: medium;\">Zamek Kr\u00f3lewski to pomnik polskiej niepodleg\u0142o\u015bci- gin\u0105cej na przestrzeni burzliwych dziej\u00f3w, suwerenno\u015bci odradzaj\u0105cej si\u0119 niczym Feniks z popio\u0142\u00f3w. Jako historyczna siedziba kr\u00f3l\u00f3w, Sejmu, a tak\u017ce Prezydenta II Rzeczypospolitej stanowi swoisty pomost \u0142\u0105cz\u0105cy polskie tradycje ze wsp\u00f3\u0142czesno\u015bci\u0105. <\/span><\/p>\n<p class=\"western\" align=\"justify\"><span style=\"font-size: medium;\">Pobyt w Zamku by\u0142 dla uczni\u00f3w oryginaln\u0105, jedyn\u0105 w swoim rodzaju, lekcj\u0105 historii, kt\u00f3ra na trwa\u0142e zapadnie im w pami\u0119\u0107. Zwiedzanie zabytkowego obiektu, koresponduj\u0105c z za\u0142o\u017ceniami programu pn. \u201eSzko\u0142a Wierna Dziedzictwu\u201d, s\u0142u\u017cy\u0142o pog\u0142\u0119bianiu to\u017csamo\u015bci narodowej m\u0142odego pokolenia Polak\u00f3w.<\/span><\/p>\n<p class=\"western\" align=\"justify\"><span style=\"font-family: Times New Roman, serif;\"><span style=\"font-size: medium;\"><b>To dzi\u0119ki Przyjacio\u0142om Wielkiego Serca mieli\u015bmy mo\u017cliwo\u015b\u0107 uczestniczy\u0107 wraz z uczniami w oryginalnej lekcji historii, kt\u00f3ra okaza\u0142a si\u0119 \u017ar\u00f3d\u0142em niepowtarzalnych wra\u017ce\u0144 edukacyjnych i estetycznych . <\/b><\/span><\/span><\/p>\n<p class=\"western\" align=\"justify\"><span style=\"font-family: Times New Roman, serif;\"><span style=\"font-size: medium;\"><u><b>S\u0142owa wdzi\u0119czno\u015bci kierujemy do Sponsor\u00f3w:<\/b><\/u><\/span><\/span><\/p>\n<ul>\n<li value=\"1\">\n<p align=\"justify\"><span style=\"font-family: Times New Roman, serif;\"><span style=\"font-size: medium;\"><b>Makary Szwed, Ortodoncja i rentgen<\/b><\/span><\/span><\/p>\n<\/li>\n<\/ul>\n<ul>\n<li>\n<p align=\"justify\"><span style=\"font-family: Times New Roman, serif;\"><span style=\"font-size: medium;\"><b>Ewa, Artur Zagalscy, Tartak Jagodno<\/b><\/span><\/span><\/p>\n<\/li>\n<\/ul>\n<ul>\n<li>\n<p align=\"justify\"><span style=\"font-family: Times New Roman, serif;\"><span style=\"font-size: medium;\"><b>Piotr Buczy\u0144ski, Firma Charon<\/b><\/span><\/span><\/p>\n<\/li>\n<\/ul>\n<ul>\n<li>\n<p align=\"justify\"><span style=\"font-family: Times New Roman, serif;\"><span style=\"font-size: medium;\"><b>Aldona Zabielska, Centrum Stomatologii Estetycznej<\/b><\/span><\/span><\/p>\n<\/li>\n<\/ul>\n<ul>\n<li>\n<p align=\"justify\"><span style=\"font-family: Times New Roman, serif;\"><span style=\"font-size: medium;\"><b>Firma \u201eStokota\u201d.<\/b><\/span><\/span><\/p>\n<\/li>\n<\/ul>\n<p class=\"western\"><span style=\"font-family: Times New Roman, serif;\"><span style=\"font-size: medium;\">Opiekunowie: Anna G\u00f3ralska, Ma\u0142gorzata Kliks, Aneta Latecka, Edyta Pardo<\/span><\/span><\/p>\n\n\t\t<style type=\"text\/css\">\n\t\t\t#gallery-1 {\n\t\t\t\tmargin: auto;\n\t\t\t}\n\t\t\t#gallery-1 .gallery-item {\n\t\t\t\tfloat: left;\n\t\t\t\tmargin-top: 10px;\n\t\t\t\ttext-align: center;\n\t\t\t\twidth: 33%;\n\t\t\t}\n\t\t\t#gallery-1 img {\n\t\t\t\tborder: 2px solid #cfcfcf;\n\t\t\t}\n\t\t\t#gallery-1 .gallery-caption {\n\t\t\t\tmargin-left: 0;\n\t\t\t}\n\t\t\t\/* see gallery_shortcode() in wp-includes\/media.php *\/\n\t\t<\/style>\n\t\t<div id='gallery-1' class='gallery galleryid-44599 gallery-columns-3 gallery-size-thumbnail'><dl class='gallery-item'>\n\t\t\t<dt class='gallery-icon portrait'>\n\t\t\t\t<a title=\"1\" href='https:\/\/www.sosw.elblag.com.pl\/wp-content\/uploads\/2023\/05\/1-6-scaled.jpg'><img loading=\"lazy\" decoding=\"async\" width=\"200\" height=\"200\" src=\"https:\/\/www.sosw.elblag.com.pl\/wp-content\/uploads\/2023\/05\/1-6-200x200.jpg\" class=\"attachment-thumbnail size-thumbnail\" alt=\"Poznajemy osobliwo\u015bci Zamku Kr\u00f3lewskiego w Warszawie\" \/><\/a>\n\t\t\t<\/dt><\/dl><dl class='gallery-item'>\n\t\t\t<dt class='gallery-icon portrait'>\n\t\t\t\t<a title=\"2\" href='https:\/\/www.sosw.elblag.com.pl\/wp-content\/uploads\/2023\/05\/2-6-scaled.jpg'><img loading=\"lazy\" decoding=\"async\" width=\"200\" height=\"200\" src=\"https:\/\/www.sosw.elblag.com.pl\/wp-content\/uploads\/2023\/05\/2-6-200x200.jpg\" class=\"attachment-thumbnail size-thumbnail\" alt=\"Poznajemy osobliwo\u015bci Zamku Kr\u00f3lewskiego w Warszawie\" \/><\/a>\n\t\t\t<\/dt><\/dl><dl class='gallery-item'>\n\t\t\t<dt class='gallery-icon portrait'>\n\t\t\t\t<a title=\"3\" href='https:\/\/www.sosw.elblag.com.pl\/wp-content\/uploads\/2023\/05\/3-6-scaled.jpg'><img loading=\"lazy\" decoding=\"async\" width=\"200\" height=\"200\" src=\"https:\/\/www.sosw.elblag.com.pl\/wp-content\/uploads\/2023\/05\/3-6-200x200.jpg\" class=\"attachment-thumbnail size-thumbnail\" alt=\"Poznajemy osobliwo\u015bci Zamku Kr\u00f3lewskiego w Warszawie\" \/><\/a>\n\t\t\t<\/dt><\/dl><br style=\"clear: both\" \/><dl class='gallery-item'>\n\t\t\t<dt class='gallery-icon landscape'>\n\t\t\t\t<a title=\"4\" href='https:\/\/www.sosw.elblag.com.pl\/wp-content\/uploads\/2023\/05\/4-6-scaled.jpg'><img loading=\"lazy\" decoding=\"async\" width=\"200\" height=\"200\" src=\"https:\/\/www.sosw.elblag.com.pl\/wp-content\/uploads\/2023\/05\/4-6-200x200.jpg\" class=\"attachment-thumbnail size-thumbnail\" alt=\"Poznajemy osobliwo\u015bci Zamku Kr\u00f3lewskiego w Warszawie\" \/><\/a>\n\t\t\t<\/dt><\/dl><dl class='gallery-item'>\n\t\t\t<dt class='gallery-icon landscape'>\n\t\t\t\t<a title=\"5\" href='https:\/\/www.sosw.elblag.com.pl\/wp-content\/uploads\/2023\/05\/5-4-scaled.jpg'><img loading=\"lazy\" decoding=\"async\" width=\"200\" height=\"200\" src=\"https:\/\/www.sosw.elblag.com.pl\/wp-content\/uploads\/2023\/05\/5-4-200x200.jpg\" class=\"attachment-thumbnail size-thumbnail\" alt=\"Poznajemy osobliwo\u015bci Zamku Kr\u00f3lewskiego w Warszawie\" \/><\/a>\n\t\t\t<\/dt><\/dl><dl class='gallery-item'>\n\t\t\t<dt class='gallery-icon landscape'>\n\t\t\t\t<a title=\"6\" href='https:\/\/www.sosw.elblag.com.pl\/wp-content\/uploads\/2023\/05\/6-3-scaled.jpg'><img loading=\"lazy\" decoding=\"async\" width=\"200\" height=\"200\" src=\"https:\/\/www.sosw.elblag.com.pl\/wp-content\/uploads\/2023\/05\/6-3-200x200.jpg\" class=\"attachment-thumbnail size-thumbnail\" alt=\"Poznajemy osobliwo\u015bci Zamku Kr\u00f3lewskiego w Warszawie\" \/><\/a>\n\t\t\t<\/dt><\/dl><br style=\"clear: both\" \/><dl class='gallery-item'>\n\t\t\t<dt class='gallery-icon portrait'>\n\t\t\t\t<a title=\"7\" href='https:\/\/www.sosw.elblag.com.pl\/wp-content\/uploads\/2023\/05\/7-3-scaled.jpg'><img loading=\"lazy\" decoding=\"async\" width=\"200\" height=\"200\" src=\"https:\/\/www.sosw.elblag.com.pl\/wp-content\/uploads\/2023\/05\/7-3-200x200.jpg\" class=\"attachment-thumbnail size-thumbnail\" alt=\"Poznajemy osobliwo\u015bci Zamku Kr\u00f3lewskiego w Warszawie\" \/><\/a>\n\t\t\t<\/dt><\/dl><dl class='gallery-item'>\n\t\t\t<dt class='gallery-icon landscape'>\n\t\t\t\t<a title=\"8\" href='https:\/\/www.sosw.elblag.com.pl\/wp-content\/uploads\/2023\/05\/8-2-scaled.jpg'><img loading=\"lazy\" decoding=\"async\" width=\"200\" height=\"200\" src=\"https:\/\/www.sosw.elblag.com.pl\/wp-content\/uploads\/2023\/05\/8-2-200x200.jpg\" class=\"attachment-thumbnail size-thumbnail\" alt=\"Poznajemy osobliwo\u015bci Zamku Kr\u00f3lewskiego w Warszawie\" \/><\/a>\n\t\t\t<\/dt><\/dl><dl class='gallery-item'>\n\t\t\t<dt class='gallery-icon portrait'>\n\t\t\t\t<a title=\"9\" href='https:\/\/www.sosw.elblag.com.pl\/wp-content\/uploads\/2023\/05\/9-2-scaled.jpg'><img loading=\"lazy\" decoding=\"async\" width=\"200\" height=\"200\" src=\"https:\/\/www.sosw.elblag.com.pl\/wp-content\/uploads\/2023\/05\/9-2-200x200.jpg\" class=\"attachment-thumbnail size-thumbnail\" alt=\"Poznajemy osobliwo\u015bci Zamku Kr\u00f3lewskiego w Warszawie\" \/><\/a>\n\t\t\t<\/dt><\/dl><br style=\"clear: both\" \/><dl class='gallery-item'>\n\t\t\t<dt class='gallery-icon portrait'>\n\t\t\t\t<a title=\"10\" href='https:\/\/www.sosw.elblag.com.pl\/wp-content\/uploads\/2023\/05\/10-2-scaled.jpg'><img loading=\"lazy\" decoding=\"async\" width=\"200\" height=\"200\" src=\"https:\/\/www.sosw.elblag.com.pl\/wp-content\/uploads\/2023\/05\/10-2-200x200.jpg\" class=\"attachment-thumbnail size-thumbnail\" alt=\"Poznajemy osobliwo\u015bci Zamku Kr\u00f3lewskiego w Warszawie\" \/><\/a>\n\t\t\t<\/dt><\/dl><dl class='gallery-item'>\n\t\t\t<dt class='gallery-icon portrait'>\n\t\t\t\t<a title=\"11\" href='https:\/\/www.sosw.elblag.com.pl\/wp-content\/uploads\/2023\/05\/11-2-scaled.jpg'><img loading=\"lazy\" decoding=\"async\" width=\"200\" height=\"200\" src=\"https:\/\/www.sosw.elblag.com.pl\/wp-content\/uploads\/2023\/05\/11-2-200x200.jpg\" class=\"attachment-thumbnail size-thumbnail\" alt=\"Poznajemy osobliwo\u015bci Zamku Kr\u00f3lewskiego w Warszawie\" \/><\/a>\n\t\t\t<\/dt><\/dl><dl class='gallery-item'>\n\t\t\t<dt class='gallery-icon landscape'>\n\t\t\t\t<a title=\"12\" href='https:\/\/www.sosw.elblag.com.pl\/wp-content\/uploads\/2023\/05\/12-2-scaled.jpg'><img loading=\"lazy\" decoding=\"async\" width=\"200\" height=\"200\" src=\"https:\/\/www.sosw.elblag.com.pl\/wp-content\/uploads\/2023\/05\/12-2-200x200.jpg\" class=\"attachment-thumbnail size-thumbnail\" alt=\"Poznajemy osobliwo\u015bci Zamku Kr\u00f3lewskiego w Warszawie\" \/><\/a>\n\t\t\t<\/dt><\/dl><br style=\"clear: both\" \/><dl class='gallery-item'>\n\t\t\t<dt class='gallery-icon portrait'>\n\t\t\t\t<a title=\"13\" href='https:\/\/www.sosw.elblag.com.pl\/wp-content\/uploads\/2023\/05\/13-2-scaled.jpg'><img loading=\"lazy\" decoding=\"async\" width=\"200\" height=\"200\" src=\"https:\/\/www.sosw.elblag.com.pl\/wp-content\/uploads\/2023\/05\/13-2-200x200.jpg\" class=\"attachment-thumbnail size-thumbnail\" alt=\"Poznajemy osobliwo\u015bci Zamku Kr\u00f3lewskiego w Warszawie\" \/><\/a>\n\t\t\t<\/dt><\/dl><dl class='gallery-item'>\n\t\t\t<dt class='gallery-icon landscape'>\n\t\t\t\t<a title=\"14\" href='https:\/\/www.sosw.elblag.com.pl\/wp-content\/uploads\/2023\/05\/14-2-scaled.jpg'><img loading=\"lazy\" decoding=\"async\" width=\"200\" height=\"200\" src=\"https:\/\/www.sosw.elblag.com.pl\/wp-content\/uploads\/2023\/05\/14-2-200x200.jpg\" class=\"attachment-thumbnail size-thumbnail\" alt=\"Poznajemy osobliwo\u015bci Zamku Kr\u00f3lewskiego w Warszawie\" \/><\/a>\n\t\t\t<\/dt><\/dl><dl class='gallery-item'>\n\t\t\t<dt class='gallery-icon landscape'>\n\t\t\t\t<a title=\"15\" href='https:\/\/www.sosw.elblag.com.pl\/wp-content\/uploads\/2023\/05\/15-2-scaled.jpg'><img loading=\"lazy\" decoding=\"async\" width=\"200\" height=\"200\" src=\"https:\/\/www.sosw.elblag.com.pl\/wp-content\/uploads\/2023\/05\/15-2-200x200.jpg\" class=\"attachment-thumbnail size-thumbnail\" alt=\"Poznajemy osobliwo\u015bci Zamku Kr\u00f3lewskiego w Warszawie\" \/><\/a>\n\t\t\t<\/dt><\/dl><br style=\"clear: both\" \/>\n\t\t<\/div>\n\n","protected":false},"excerpt":{"rendered":"<p>Podczas pobytu w Warszawie przys\u0142owiow\u0105 wisienk\u0105 na torcie by\u0142o zwiedzanie Zamku Kr\u00f3lewskiego &#8211; jednej z najwa\u017cniejszych rezydencji kr\u00f3lewskich w Europie. Dowiedzieli\u015bmy si\u0119, <a class=\"more-link\" href=\"https:\/\/www.sosw.elblag.com.pl\/index.php\/2023\/05\/12\/poznajemy-osobliwosci-zamku-krolewskiego-w-warszawie-czyli-z-wizyta-w-dawnej-siedzibie-wladcow-polski\/\">Czytaj dalej&#8230;<\/a><\/p>\n","protected":false},"author":1,"featured_media":44600,"comment_status":"closed","ping_status":"closed","sticky":false,"template":"","format":"standard","meta":{"footnotes":""},"categories":[41],"tags":[],"class_list":["post-44599","post","type-post","status-publish","format-standard","has-post-thumbnail","hentry","category-z-zycia-osrodka-2019-2020"],"_links":{"self":[{"href":"https:\/\/www.sosw.elblag.com.pl\/index.php\/wp-json\/wp\/v2\/posts\/44599","targetHints":{"allow":["GET"]}}],"collection":[{"href":"https:\/\/www.sosw.elblag.com.pl\/index.php\/wp-json\/wp\/v2\/posts"}],"about":[{"href":"https:\/\/www.sosw.elblag.com.pl\/index.php\/wp-json\/wp\/v2\/types\/post"}],"author":[{"embeddable":true,"href":"https:\/\/www.sosw.elblag.com.pl\/index.php\/wp-json\/wp\/v2\/users\/1"}],"replies":[{"embeddable":true,"href":"https:\/\/www.sosw.elblag.com.pl\/index.php\/wp-json\/wp\/v2\/comments?post=44599"}],"version-history":[{"count":5,"href":"https:\/\/www.sosw.elblag.com.pl\/index.php\/wp-json\/wp\/v2\/posts\/44599\/revisions"}],"predecessor-version":[{"id":44644,"href":"https:\/\/www.sosw.elblag.com.pl\/index.php\/wp-json\/wp\/v2\/posts\/44599\/revisions\/44644"}],"wp:featuredmedia":[{"embeddable":true,"href":"https:\/\/www.sosw.elblag.com.pl\/index.php\/wp-json\/wp\/v2\/media\/44600"}],"wp:attachment":[{"href":"https:\/\/www.sosw.elblag.com.pl\/index.php\/wp-json\/wp\/v2\/media?parent=44599"}],"wp:term":[{"taxonomy":"category","embeddable":true,"href":"https:\/\/www.sosw.elblag.com.pl\/index.php\/wp-json\/wp\/v2\/categories?post=44599"},{"taxonomy":"post_tag","embeddable":true,"href":"https:\/\/www.sosw.elblag.com.pl\/index.php\/wp-json\/wp\/v2\/tags?post=44599"}],"curies":[{"name":"wp","href":"https:\/\/api.w.org\/{rel}","templated":true}]}}