{"id":39308,"date":"2022-05-31T06:11:34","date_gmt":"2022-05-31T04:11:34","guid":{"rendered":"http:\/\/www.sosw.elblag.com.pl\/?p=39308"},"modified":"2022-05-31T06:11:34","modified_gmt":"2022-05-31T04:11:34","slug":"urodziny-ignasia","status":"publish","type":"post","link":"https:\/\/www.sosw.elblag.com.pl\/index.php\/2022\/05\/31\/urodziny-ignasia\/","title":{"rendered":"Urodziny Ignasia"},"content":{"rendered":"<p>Dziewi\u0105te urodziny Ignasia z klasy II c, to dzie\u0144 pe\u0142en rado\u015bci nie tylko dla jubilata, ale tak\u017ce dla jego koleg\u00f3w z klasy. S\u0142odko\u015bci, kt\u00f3re pojawi\u0142y si\u0119 na urodzinowym stole, pyszna lodowa rolada, prezenty , zdmuchiwanie \u015bwieczki , prezenty, \u201e 100 lat\u201d, kilka wsp\u00f3lnych zabaw \u00a0wywo\u0142a\u0142y szeroki u\u015bmiech na twarzy Ignacego.<\/p>\n<p>Wszystkiego dobrego Ignasiu!<\/p>\n\n\t\t<style type=\"text\/css\">\n\t\t\t#gallery-1 {\n\t\t\t\tmargin: auto;\n\t\t\t}\n\t\t\t#gallery-1 .gallery-item {\n\t\t\t\tfloat: left;\n\t\t\t\tmargin-top: 10px;\n\t\t\t\ttext-align: center;\n\t\t\t\twidth: 33%;\n\t\t\t}\n\t\t\t#gallery-1 img {\n\t\t\t\tborder: 2px solid #cfcfcf;\n\t\t\t}\n\t\t\t#gallery-1 .gallery-caption {\n\t\t\t\tmargin-left: 0;\n\t\t\t}\n\t\t\t\/* see gallery_shortcode() in wp-includes\/media.php *\/\n\t\t<\/style>\n\t\t<div id='gallery-1' class='gallery galleryid-39308 gallery-columns-3 gallery-size-thumbnail'><dl class='gallery-item'>\n\t\t\t<dt class='gallery-icon portrait'>\n\t\t\t\t<a title=\"urodziny Ignasia 01\" href='https:\/\/www.sosw.elblag.com.pl\/wp-content\/uploads\/2022\/05\/urodziny-Ignasia-01-scaled.jpg'><img loading=\"lazy\" decoding=\"async\" width=\"200\" height=\"200\" src=\"https:\/\/www.sosw.elblag.com.pl\/wp-content\/uploads\/2022\/05\/urodziny-Ignasia-01-200x200.jpg\" class=\"attachment-thumbnail size-thumbnail\" alt=\"Urodziny Ignasia\" \/><\/a>\n\t\t\t<\/dt><\/dl><dl class='gallery-item'>\n\t\t\t<dt class='gallery-icon landscape'>\n\t\t\t\t<a title=\"urodziny Ignasia 02\" href='https:\/\/www.sosw.elblag.com.pl\/wp-content\/uploads\/2022\/05\/urodziny-Ignasia-02-scaled.jpg'><img loading=\"lazy\" decoding=\"async\" width=\"200\" height=\"200\" src=\"https:\/\/www.sosw.elblag.com.pl\/wp-content\/uploads\/2022\/05\/urodziny-Ignasia-02-200x200.jpg\" class=\"attachment-thumbnail size-thumbnail\" alt=\"Urodziny Ignasia\" \/><\/a>\n\t\t\t<\/dt><\/dl><dl class='gallery-item'>\n\t\t\t<dt class='gallery-icon landscape'>\n\t\t\t\t<a title=\"urodziny Ignasia 03\" href='https:\/\/www.sosw.elblag.com.pl\/wp-content\/uploads\/2022\/05\/urodziny-Ignasia-03-scaled.jpg'><img loading=\"lazy\" decoding=\"async\" width=\"200\" height=\"200\" src=\"https:\/\/www.sosw.elblag.com.pl\/wp-content\/uploads\/2022\/05\/urodziny-Ignasia-03-200x200.jpg\" class=\"attachment-thumbnail size-thumbnail\" alt=\"Urodziny Ignasia\" \/><\/a>\n\t\t\t<\/dt><\/dl><br style=\"clear: both\" \/><dl class='gallery-item'>\n\t\t\t<dt class='gallery-icon landscape'>\n\t\t\t\t<a title=\"urodziny Ignasia 04\" href='https:\/\/www.sosw.elblag.com.pl\/wp-content\/uploads\/2022\/05\/urodziny-Ignasia-04-scaled.jpg'><img loading=\"lazy\" decoding=\"async\" width=\"200\" height=\"200\" src=\"https:\/\/www.sosw.elblag.com.pl\/wp-content\/uploads\/2022\/05\/urodziny-Ignasia-04-200x200.jpg\" class=\"attachment-thumbnail size-thumbnail\" alt=\"Urodziny Ignasia\" \/><\/a>\n\t\t\t<\/dt><\/dl><dl class='gallery-item'>\n\t\t\t<dt class='gallery-icon portrait'>\n\t\t\t\t<a title=\"urodziny Ignasia 05\" href='https:\/\/www.sosw.elblag.com.pl\/wp-content\/uploads\/2022\/05\/urodziny-Ignasia-05-scaled.jpg'><img loading=\"lazy\" decoding=\"async\" width=\"200\" height=\"200\" src=\"https:\/\/www.sosw.elblag.com.pl\/wp-content\/uploads\/2022\/05\/urodziny-Ignasia-05-200x200.jpg\" class=\"attachment-thumbnail size-thumbnail\" alt=\"Urodziny Ignasia\" \/><\/a>\n\t\t\t<\/dt><\/dl><dl class='gallery-item'>\n\t\t\t<dt class='gallery-icon landscape'>\n\t\t\t\t<a title=\"urodziny Ignasia 06\" href='https:\/\/www.sosw.elblag.com.pl\/wp-content\/uploads\/2022\/05\/urodziny-Ignasia-06-scaled.jpg'><img loading=\"lazy\" decoding=\"async\" width=\"200\" height=\"200\" src=\"https:\/\/www.sosw.elblag.com.pl\/wp-content\/uploads\/2022\/05\/urodziny-Ignasia-06-200x200.jpg\" class=\"attachment-thumbnail size-thumbnail\" alt=\"Urodziny Ignasia\" \/><\/a>\n\t\t\t<\/dt><\/dl><br style=\"clear: both\" \/><dl class='gallery-item'>\n\t\t\t<dt class='gallery-icon landscape'>\n\t\t\t\t<a title=\"urodziny Ignasia 07\" href='https:\/\/www.sosw.elblag.com.pl\/wp-content\/uploads\/2022\/05\/urodziny-Ignasia-07-scaled.jpg'><img loading=\"lazy\" decoding=\"async\" width=\"200\" height=\"200\" src=\"https:\/\/www.sosw.elblag.com.pl\/wp-content\/uploads\/2022\/05\/urodziny-Ignasia-07-200x200.jpg\" class=\"attachment-thumbnail size-thumbnail\" alt=\"Urodziny Ignasia\" \/><\/a>\n\t\t\t<\/dt><\/dl><dl class='gallery-item'>\n\t\t\t<dt class='gallery-icon landscape'>\n\t\t\t\t<a title=\"urodziny Ignasia 08\" href='https:\/\/www.sosw.elblag.com.pl\/wp-content\/uploads\/2022\/05\/urodziny-Ignasia-08-scaled.jpg'><img loading=\"lazy\" decoding=\"async\" width=\"200\" height=\"200\" src=\"https:\/\/www.sosw.elblag.com.pl\/wp-content\/uploads\/2022\/05\/urodziny-Ignasia-08-200x200.jpg\" class=\"attachment-thumbnail size-thumbnail\" alt=\"Urodziny Ignasia\" \/><\/a>\n\t\t\t<\/dt><\/dl><dl class='gallery-item'>\n\t\t\t<dt class='gallery-icon portrait'>\n\t\t\t\t<a title=\"urodziny Ignasia 09\" href='https:\/\/www.sosw.elblag.com.pl\/wp-content\/uploads\/2022\/05\/urodziny-Ignasia-09-scaled.jpg'><img loading=\"lazy\" decoding=\"async\" width=\"200\" height=\"200\" src=\"https:\/\/www.sosw.elblag.com.pl\/wp-content\/uploads\/2022\/05\/urodziny-Ignasia-09-200x200.jpg\" class=\"attachment-thumbnail size-thumbnail\" alt=\"Urodziny Ignasia\" \/><\/a>\n\t\t\t<\/dt><\/dl><br style=\"clear: both\" \/><dl class='gallery-item'>\n\t\t\t<dt class='gallery-icon landscape'>\n\t\t\t\t<a title=\"urodziny Ignasia 10\" href='https:\/\/www.sosw.elblag.com.pl\/wp-content\/uploads\/2022\/05\/urodziny-Ignasia-10-scaled.jpg'><img loading=\"lazy\" decoding=\"async\" width=\"200\" height=\"200\" src=\"https:\/\/www.sosw.elblag.com.pl\/wp-content\/uploads\/2022\/05\/urodziny-Ignasia-10-200x200.jpg\" class=\"attachment-thumbnail size-thumbnail\" alt=\"Urodziny Ignasia\" \/><\/a>\n\t\t\t<\/dt><\/dl><dl class='gallery-item'>\n\t\t\t<dt class='gallery-icon portrait'>\n\t\t\t\t<a title=\"urodziny Ignasia 11\" href='https:\/\/www.sosw.elblag.com.pl\/wp-content\/uploads\/2022\/05\/urodziny-Ignasia-11-scaled.jpg'><img loading=\"lazy\" decoding=\"async\" width=\"200\" height=\"200\" src=\"https:\/\/www.sosw.elblag.com.pl\/wp-content\/uploads\/2022\/05\/urodziny-Ignasia-11-200x200.jpg\" class=\"attachment-thumbnail size-thumbnail\" alt=\"Urodziny Ignasia\" \/><\/a>\n\t\t\t<\/dt><\/dl><dl class='gallery-item'>\n\t\t\t<dt class='gallery-icon landscape'>\n\t\t\t\t<a title=\"urodziny Ignasia 12\" href='https:\/\/www.sosw.elblag.com.pl\/wp-content\/uploads\/2022\/05\/urodziny-Ignasia-12-scaled.jpg'><img loading=\"lazy\" decoding=\"async\" width=\"200\" height=\"200\" src=\"https:\/\/www.sosw.elblag.com.pl\/wp-content\/uploads\/2022\/05\/urodziny-Ignasia-12-200x200.jpg\" class=\"attachment-thumbnail size-thumbnail\" alt=\"Urodziny Ignasia\" \/><\/a>\n\t\t\t<\/dt><\/dl><br style=\"clear: both\" \/>\n\t\t<\/div>\n\n","protected":false},"excerpt":{"rendered":"<p>Dziewi\u0105te urodziny Ignasia z klasy II c, to dzie\u0144 pe\u0142en rado\u015bci nie tylko dla jubilata, ale tak\u017ce dla jego koleg\u00f3w z klasy. <a class=\"more-link\" href=\"https:\/\/www.sosw.elblag.com.pl\/index.php\/2022\/05\/31\/urodziny-ignasia\/\">Czytaj dalej&#8230;<\/a><\/p>\n","protected":false},"author":1,"featured_media":39312,"comment_status":"closed","ping_status":"closed","sticky":false,"template":"","format":"standard","meta":{"footnotes":""},"categories":[54],"tags":[],"class_list":["post-39308","post","type-post","status-publish","format-standard","has-post-thumbnail","hentry","category-z-zycia-osrodka-2021-2022"],"_links":{"self":[{"href":"https:\/\/www.sosw.elblag.com.pl\/index.php\/wp-json\/wp\/v2\/posts\/39308","targetHints":{"allow":["GET"]}}],"collection":[{"href":"https:\/\/www.sosw.elblag.com.pl\/index.php\/wp-json\/wp\/v2\/posts"}],"about":[{"href":"https:\/\/www.sosw.elblag.com.pl\/index.php\/wp-json\/wp\/v2\/types\/post"}],"author":[{"embeddable":true,"href":"https:\/\/www.sosw.elblag.com.pl\/index.php\/wp-json\/wp\/v2\/users\/1"}],"replies":[{"embeddable":true,"href":"https:\/\/www.sosw.elblag.com.pl\/index.php\/wp-json\/wp\/v2\/comments?post=39308"}],"version-history":[{"count":1,"href":"https:\/\/www.sosw.elblag.com.pl\/index.php\/wp-json\/wp\/v2\/posts\/39308\/revisions"}],"predecessor-version":[{"id":39321,"href":"https:\/\/www.sosw.elblag.com.pl\/index.php\/wp-json\/wp\/v2\/posts\/39308\/revisions\/39321"}],"wp:featuredmedia":[{"embeddable":true,"href":"https:\/\/www.sosw.elblag.com.pl\/index.php\/wp-json\/wp\/v2\/media\/39312"}],"wp:attachment":[{"href":"https:\/\/www.sosw.elblag.com.pl\/index.php\/wp-json\/wp\/v2\/media?parent=39308"}],"wp:term":[{"taxonomy":"category","embeddable":true,"href":"https:\/\/www.sosw.elblag.com.pl\/index.php\/wp-json\/wp\/v2\/categories?post=39308"},{"taxonomy":"post_tag","embeddable":true,"href":"https:\/\/www.sosw.elblag.com.pl\/index.php\/wp-json\/wp\/v2\/tags?post=39308"}],"curies":[{"name":"wp","href":"https:\/\/api.w.org\/{rel}","templated":true}]}}