{"id":39242,"date":"2022-05-27T08:11:11","date_gmt":"2022-05-27T06:11:11","guid":{"rendered":"http:\/\/www.sosw.elblag.com.pl\/?p=39242"},"modified":"2022-05-27T08:11:11","modified_gmt":"2022-05-27T06:11:11","slug":"szkolny-klub-przedsiebiorczosci-7","status":"publish","type":"post","link":"https:\/\/www.sosw.elblag.com.pl\/index.php\/2022\/05\/27\/szkolny-klub-przedsiebiorczosci-7\/","title":{"rendered":"Szkolny Klub Przedsi\u0119biorczo\u015bci"},"content":{"rendered":"<p>W II semestrze roku szkolnego 2021\/2022 Szkolny Klub Przedsi\u0119biorczo\u015bci przy SOSW nr 1 w Elbl\u0105gu dzia\u0142a\u0142 w sk\u0142adzie.<\/p>\n<p><strong>Uczniowie:\u00a0 \u00a0 \u00a0 \u00a0 \u00a0 \u00a0 \u00a0 \u00a0 \u00a0 \u00a0 \u00a0 \u00a0 \u00a0 \u00a0 \u00a0 \u00a0 \u00a0 \u00a0 \u00a0 \u00a0 \u00a0 \u00a0 \u00a0 \u00a0<\/strong><\/p>\n<ol>\n<li>Pogoda Jakub<\/li>\n<li>Hak Sebastian<\/li>\n<li>Lisowski Adrian<\/li>\n<\/ol>\n<p><strong>\u00a0Opiekunowie: <\/strong>Izabela Nosarzewska<\/p>\n<p>Dzia\u0142ania podejmowane by\u0142y zgodnie z has\u0142em:<\/p>\n<p><strong><em>\u00a0\u00a0\u00a0\u00a0\u00a0\u00a0\u00a0\u00a0\u00a0\u00a0\u00a0\u00a0\u00a0\u00a0\u00a0\u00a0\u00a0\u00a0\u00a0\u00a0\u00a0\u00a0\u00a0\u00a0\u00a0\u00a0\u00a0\u00a0\u00a0\u00a0\u00a0\u00a0\u00a0\u00a0\u00a0\u00a0\u00a0\u00a0 \u00a0\u00a0\u00a0\u00a0\u00a0\u00a0\u00a0\u00a0\u00a0\u00a0\u00a0\u00a0\u00a0\u201eS\u0105siedzka wsp\u00f3\u0142praca nas wzmacnia i si\u0119 op\u0142aca \u201d<\/em><\/strong><\/p>\n<ul>\n<li>W lutym 2022 roku uczniowie przygotowywali ulotki i gazetk\u0119 informacyjn\u0105 na temat aktualnych dzia\u0142a\u0144 wojennych na Ukrainie pt: <strong><em>\u201eNigdy wi\u0119cej wojny\u201d<\/em><\/strong><\/li>\n<li>W marcu 2022 roku cz\u0142onkowie klubu uczestniczyli w wycieczkach do instytucji i urz\u0119d\u00f3w na terenie miasta w ramach innowacyjnych dzia\u0142a\u0144,<\/li>\n<\/ul>\n<p><strong>pt: \u201eKolejne kroki zak\u0142adania dzia\u0142alno\u015bci gospodarczej\u201d<\/strong><\/p>\n<p>&#8211; w czasie wycieczki dydaktycznej do <strong>Urz\u0119du Miasta<\/strong> uczniowie zapoznali si\u0119 ze struktur\u0105 urz\u0119du, obowi\u0105zkow\u0105 dokumentacj\u0105 dla os\u00f3b zak\u0142adaj\u0105cych dzia\u0142alno\u015b\u0107 gospodarcz\u0105 a tak\u017ce w praktyce \u0107wiczyli poszukiwanie konkretnych informacji, kt\u00f3re s\u0105 gromadzone i przechowywane w zasobach Urz\u0119du.<\/p>\n<p>&#8211; w ramach wycieczki do <strong>Banku<\/strong> uczniowie\u00a0 zapoznali si\u0119 z dokumentami dotycz\u0105cymi ubiegania si\u0119 o po\u017cyczki na rozpocz\u0119cie dzia\u0142alno\u015bci gospodarczej oraz w praktyce wype\u0142niali wniosek o za\u0142o\u017cenie rachunku bankowego dla przedsi\u0119biorc\u00f3w.<\/p>\n<p>&#8211; w wyniku spotkania w <strong>Urz\u0119dzie Statystycznym<\/strong> uczniowie zapoznali si\u0119 z wnioskami, kt\u00f3re nale\u017cy z\u0142o\u017cy\u0107 w urz\u0119dzie by otrzyma\u0107 numer REGON.<\/p>\n<ul>\n<li>W kwietniu 2022 roku cz\u0142onkowie klubu przypominali tradycj\u0119 \u015bwi\u0105teczne, dziel\u0105c si\u0119 przepisami i wielkanocnymi wytworami swojej pracy oraz przygotowuj\u0105c karnety z \u017cyczeniami dla os\u00f3b starszych i samotnych.<\/li>\n<li>W maju 2022 roku uczniowie propagowali materia\u0142y dotycz\u0105ce rynku pracy oraz sposob\u00f3w w jaki nasi s\u0105siedzi mog\u0105 uzyska\u0107 numer PESEL i legalnie podj\u0105\u0107 prac\u0119 w Polsce oraz zapoznawali spo\u0142eczno\u015b\u0107 szkoln\u0105 z warunkami programu Polski \u0141ad.<\/li>\n<li>W czerwcu 2022 roku uczniowie zaanga\u017cowali si\u0119 w uzupe\u0142nianie, gromadzenie zdj\u0119\u0107 i artyku\u0142\u00f3w do kroniki przedsi\u0119biorczo\u015bci oraz materia\u0142\u00f3w utrwalaj\u0105cych dziedzictwo kulturowe naszej ojczyzny.<\/li>\n<\/ul>\n<p>Artyku\u0142 opracowa\u0142a<\/p>\n<p>Izabela Nosarzewska<\/p>\n\n\t\t<style type=\"text\/css\">\n\t\t\t#gallery-1 {\n\t\t\t\tmargin: auto;\n\t\t\t}\n\t\t\t#gallery-1 .gallery-item {\n\t\t\t\tfloat: left;\n\t\t\t\tmargin-top: 10px;\n\t\t\t\ttext-align: center;\n\t\t\t\twidth: 33%;\n\t\t\t}\n\t\t\t#gallery-1 img {\n\t\t\t\tborder: 2px solid #cfcfcf;\n\t\t\t}\n\t\t\t#gallery-1 .gallery-caption {\n\t\t\t\tmargin-left: 0;\n\t\t\t}\n\t\t\t\/* see gallery_shortcode() in wp-includes\/media.php *\/\n\t\t<\/style>\n\t\t<div id='gallery-1' class='gallery galleryid-39242 gallery-columns-3 gallery-size-thumbnail'><dl class='gallery-item'>\n\t\t\t<dt class='gallery-icon landscape'>\n\t\t\t\t<a title=\"1\" href='https:\/\/www.sosw.elblag.com.pl\/wp-content\/uploads\/2022\/05\/1-12.jpg'><img loading=\"lazy\" decoding=\"async\" width=\"200\" height=\"200\" src=\"https:\/\/www.sosw.elblag.com.pl\/wp-content\/uploads\/2022\/05\/1-12-200x200.jpg\" class=\"attachment-thumbnail size-thumbnail\" alt=\"Szkolny Klub Przedsi\u0119biorczo\u015bci\" \/><\/a>\n\t\t\t<\/dt><\/dl><dl class='gallery-item'>\n\t\t\t<dt class='gallery-icon landscape'>\n\t\t\t\t<a title=\"2\" href='https:\/\/www.sosw.elblag.com.pl\/wp-content\/uploads\/2022\/05\/2-12.jpg'><img loading=\"lazy\" decoding=\"async\" width=\"200\" height=\"200\" src=\"https:\/\/www.sosw.elblag.com.pl\/wp-content\/uploads\/2022\/05\/2-12-200x200.jpg\" class=\"attachment-thumbnail size-thumbnail\" alt=\"Szkolny Klub Przedsi\u0119biorczo\u015bci\" \/><\/a>\n\t\t\t<\/dt><\/dl><dl class='gallery-item'>\n\t\t\t<dt class='gallery-icon landscape'>\n\t\t\t\t<a title=\"3\" href='https:\/\/www.sosw.elblag.com.pl\/wp-content\/uploads\/2022\/05\/3-12.jpg'><img loading=\"lazy\" decoding=\"async\" width=\"200\" height=\"200\" src=\"https:\/\/www.sosw.elblag.com.pl\/wp-content\/uploads\/2022\/05\/3-12-200x200.jpg\" class=\"attachment-thumbnail size-thumbnail\" alt=\"Szkolny Klub Przedsi\u0119biorczo\u015bci\" \/><\/a>\n\t\t\t<\/dt><\/dl><br style=\"clear: both\" \/><dl class='gallery-item'>\n\t\t\t<dt class='gallery-icon landscape'>\n\t\t\t\t<a title=\"4\" href='https:\/\/www.sosw.elblag.com.pl\/wp-content\/uploads\/2022\/05\/4-12.jpg'><img loading=\"lazy\" decoding=\"async\" width=\"200\" height=\"200\" src=\"https:\/\/www.sosw.elblag.com.pl\/wp-content\/uploads\/2022\/05\/4-12-200x200.jpg\" class=\"attachment-thumbnail size-thumbnail\" alt=\"Szkolny Klub Przedsi\u0119biorczo\u015bci\" \/><\/a>\n\t\t\t<\/dt><\/dl><dl class='gallery-item'>\n\t\t\t<dt class='gallery-icon landscape'>\n\t\t\t\t<a title=\"5\" href='https:\/\/www.sosw.elblag.com.pl\/wp-content\/uploads\/2022\/05\/5-11.jpg'><img loading=\"lazy\" decoding=\"async\" width=\"200\" height=\"200\" src=\"https:\/\/www.sosw.elblag.com.pl\/wp-content\/uploads\/2022\/05\/5-11-200x200.jpg\" class=\"attachment-thumbnail size-thumbnail\" alt=\"Szkolny Klub Przedsi\u0119biorczo\u015bci\" \/><\/a>\n\t\t\t<\/dt><\/dl><dl class='gallery-item'>\n\t\t\t<dt class='gallery-icon landscape'>\n\t\t\t\t<a title=\"6\" href='https:\/\/www.sosw.elblag.com.pl\/wp-content\/uploads\/2022\/05\/6-11.jpg'><img loading=\"lazy\" decoding=\"async\" width=\"200\" height=\"200\" src=\"https:\/\/www.sosw.elblag.com.pl\/wp-content\/uploads\/2022\/05\/6-11-200x200.jpg\" class=\"attachment-thumbnail size-thumbnail\" alt=\"Szkolny Klub Przedsi\u0119biorczo\u015bci\" \/><\/a>\n\t\t\t<\/dt><\/dl><br style=\"clear: both\" \/><dl class='gallery-item'>\n\t\t\t<dt class='gallery-icon landscape'>\n\t\t\t\t<a title=\"7\" href='https:\/\/www.sosw.elblag.com.pl\/wp-content\/uploads\/2022\/05\/7-9.jpg'><img loading=\"lazy\" decoding=\"async\" width=\"200\" height=\"200\" src=\"https:\/\/www.sosw.elblag.com.pl\/wp-content\/uploads\/2022\/05\/7-9-200x200.jpg\" class=\"attachment-thumbnail size-thumbnail\" alt=\"Szkolny Klub Przedsi\u0119biorczo\u015bci\" \/><\/a>\n\t\t\t<\/dt><\/dl><dl class='gallery-item'>\n\t\t\t<dt class='gallery-icon landscape'>\n\t\t\t\t<a title=\"8\" href='https:\/\/www.sosw.elblag.com.pl\/wp-content\/uploads\/2022\/05\/8-6.jpg'><img loading=\"lazy\" decoding=\"async\" width=\"200\" height=\"200\" src=\"https:\/\/www.sosw.elblag.com.pl\/wp-content\/uploads\/2022\/05\/8-6-200x200.jpg\" class=\"attachment-thumbnail size-thumbnail\" alt=\"\" \/><\/a>\n\t\t\t<\/dt><\/dl><dl class='gallery-item'>\n\t\t\t<dt class='gallery-icon landscape'>\n\t\t\t\t<a title=\"9\" href='https:\/\/www.sosw.elblag.com.pl\/wp-content\/uploads\/2022\/05\/9-4.jpg'><img loading=\"lazy\" decoding=\"async\" width=\"200\" height=\"200\" src=\"https:\/\/www.sosw.elblag.com.pl\/wp-content\/uploads\/2022\/05\/9-4-200x200.jpg\" class=\"attachment-thumbnail size-thumbnail\" alt=\"Szkolny Klub Przedsi\u0119biorczo\u015bci\" \/><\/a>\n\t\t\t<\/dt><\/dl><br style=\"clear: both\" \/><dl class='gallery-item'>\n\t\t\t<dt class='gallery-icon landscape'>\n\t\t\t\t<a title=\"10\" href='https:\/\/www.sosw.elblag.com.pl\/wp-content\/uploads\/2022\/05\/10-3.jpg'><img loading=\"lazy\" decoding=\"async\" width=\"200\" height=\"200\" src=\"https:\/\/www.sosw.elblag.com.pl\/wp-content\/uploads\/2022\/05\/10-3-200x200.jpg\" class=\"attachment-thumbnail size-thumbnail\" alt=\"Szkolny Klub Przedsi\u0119biorczo\u015bci\" \/><\/a>\n\t\t\t<\/dt><\/dl><dl class='gallery-item'>\n\t\t\t<dt class='gallery-icon landscape'>\n\t\t\t\t<a title=\"11\" href='https:\/\/www.sosw.elblag.com.pl\/wp-content\/uploads\/2022\/05\/11-2.jpg'><img loading=\"lazy\" decoding=\"async\" width=\"200\" height=\"200\" src=\"https:\/\/www.sosw.elblag.com.pl\/wp-content\/uploads\/2022\/05\/11-2-200x200.jpg\" class=\"attachment-thumbnail size-thumbnail\" alt=\"Szkolny Klub Przedsi\u0119biorczo\u015bci\" \/><\/a>\n\t\t\t<\/dt><\/dl>\n\t\t\t<br style='clear: both' \/>\n\t\t<\/div>\n\n","protected":false},"excerpt":{"rendered":"<p>W II semestrze roku szkolnego 2021\/2022 Szkolny Klub Przedsi\u0119biorczo\u015bci przy SOSW nr 1 w Elbl\u0105gu dzia\u0142a\u0142 w sk\u0142adzie. Uczniowie:\u00a0 \u00a0 \u00a0 \u00a0 <a class=\"more-link\" href=\"https:\/\/www.sosw.elblag.com.pl\/index.php\/2022\/05\/27\/szkolny-klub-przedsiebiorczosci-7\/\">Czytaj dalej&#8230;<\/a><\/p>\n","protected":false},"author":1,"featured_media":39248,"comment_status":"closed","ping_status":"closed","sticky":false,"template":"","format":"standard","meta":{"footnotes":""},"categories":[13,54],"tags":[],"class_list":["post-39242","post","type-post","status-publish","format-standard","has-post-thumbnail","hentry","category-szkolny-klub-przedsiebiorczosci","category-z-zycia-osrodka-2021-2022"],"_links":{"self":[{"href":"https:\/\/www.sosw.elblag.com.pl\/index.php\/wp-json\/wp\/v2\/posts\/39242","targetHints":{"allow":["GET"]}}],"collection":[{"href":"https:\/\/www.sosw.elblag.com.pl\/index.php\/wp-json\/wp\/v2\/posts"}],"about":[{"href":"https:\/\/www.sosw.elblag.com.pl\/index.php\/wp-json\/wp\/v2\/types\/post"}],"author":[{"embeddable":true,"href":"https:\/\/www.sosw.elblag.com.pl\/index.php\/wp-json\/wp\/v2\/users\/1"}],"replies":[{"embeddable":true,"href":"https:\/\/www.sosw.elblag.com.pl\/index.php\/wp-json\/wp\/v2\/comments?post=39242"}],"version-history":[{"count":1,"href":"https:\/\/www.sosw.elblag.com.pl\/index.php\/wp-json\/wp\/v2\/posts\/39242\/revisions"}],"predecessor-version":[{"id":39254,"href":"https:\/\/www.sosw.elblag.com.pl\/index.php\/wp-json\/wp\/v2\/posts\/39242\/revisions\/39254"}],"wp:featuredmedia":[{"embeddable":true,"href":"https:\/\/www.sosw.elblag.com.pl\/index.php\/wp-json\/wp\/v2\/media\/39248"}],"wp:attachment":[{"href":"https:\/\/www.sosw.elblag.com.pl\/index.php\/wp-json\/wp\/v2\/media?parent=39242"}],"wp:term":[{"taxonomy":"category","embeddable":true,"href":"https:\/\/www.sosw.elblag.com.pl\/index.php\/wp-json\/wp\/v2\/categories?post=39242"},{"taxonomy":"post_tag","embeddable":true,"href":"https:\/\/www.sosw.elblag.com.pl\/index.php\/wp-json\/wp\/v2\/tags?post=39242"}],"curies":[{"name":"wp","href":"https:\/\/api.w.org\/{rel}","templated":true}]}}