{"id":39218,"date":"2022-05-26T13:48:49","date_gmt":"2022-05-26T11:48:49","guid":{"rendered":"http:\/\/www.sosw.elblag.com.pl\/?p=39218"},"modified":"2022-05-26T13:54:22","modified_gmt":"2022-05-26T11:54:22","slug":"dzien-mamy-i-taty-zyczenia-przedszkolakow","status":"publish","type":"post","link":"https:\/\/www.sosw.elblag.com.pl\/index.php\/2022\/05\/26\/dzien-mamy-i-taty-zyczenia-przedszkolakow\/","title":{"rendered":"Dzie\u0144 Mamy i Taty &#8211; \u017cyczenia przedszkolak\u00f3w"},"content":{"rendered":"<div>Z okazji Dnia Mamy oraz zbli\u017caj\u0105cego si\u0119 Dnia Taty Tygryski Urwiski przygotowa\u0142y \u017cyczenia w muzycznej oprawie.<\/div>\n<div><\/div>\n<div>Z okazji tak wa\u017cnych dni \u017cyczymy naszym Rodzicom, aby nigdy nie przestawali marzy\u0107 &#8211; tak jak My! By cz\u0119sto do nas kucali i od czasu do czasu stawali si\u0119 dzie\u0107mi. Dzi\u0119kujemy im za wszystko: za \u017cycie, przytulenia, obiady, bajki i za to, \u017ce pomagaj\u0105 nam dostrzega\u0107 pi\u0119kno \u015bwiata i ci\u0105gle je odkrywa\u0107. Bardzo Was Kochamy!<\/div>\n<div><\/div>\n<div>Dzieci z Grupy Tygryski Urwiski<\/div>\n<div><\/div>\n<div><div class=\"su-youtube su-u-responsive-media-yes\"><iframe loading=\"lazy\" width=\"600\" height=\"400\" src=\"https:\/\/www.youtube.com\/embed\/6mBVN82zfr4?\" frameborder=\"0\" allowfullscreen allow=\"autoplay; encrypted-media; picture-in-picture\" title=\"\"><\/iframe><\/div><\/div>\n<div><\/div>\n<div><\/div>\n","protected":false},"excerpt":{"rendered":"<p>Z okazji Dnia Mamy oraz zbli\u017caj\u0105cego si\u0119 Dnia Taty Tygryski Urwiski przygotowa\u0142y \u017cyczenia w muzycznej oprawie. Z okazji tak wa\u017cnych dni \u017cyczymy <a class=\"more-link\" href=\"https:\/\/www.sosw.elblag.com.pl\/index.php\/2022\/05\/26\/dzien-mamy-i-taty-zyczenia-przedszkolakow\/\">Czytaj dalej&#8230;<\/a><\/p>\n","protected":false},"author":1,"featured_media":39219,"comment_status":"closed","ping_status":"closed","sticky":false,"template":"","format":"standard","meta":{"footnotes":""},"categories":[56],"tags":[],"class_list":["post-39218","post","type-post","status-publish","format-standard","has-post-thumbnail","hentry","category-punkt-przedszkolny-2021-2022"],"_links":{"self":[{"href":"https:\/\/www.sosw.elblag.com.pl\/index.php\/wp-json\/wp\/v2\/posts\/39218","targetHints":{"allow":["GET"]}}],"collection":[{"href":"https:\/\/www.sosw.elblag.com.pl\/index.php\/wp-json\/wp\/v2\/posts"}],"about":[{"href":"https:\/\/www.sosw.elblag.com.pl\/index.php\/wp-json\/wp\/v2\/types\/post"}],"author":[{"embeddable":true,"href":"https:\/\/www.sosw.elblag.com.pl\/index.php\/wp-json\/wp\/v2\/users\/1"}],"replies":[{"embeddable":true,"href":"https:\/\/www.sosw.elblag.com.pl\/index.php\/wp-json\/wp\/v2\/comments?post=39218"}],"version-history":[{"count":6,"href":"https:\/\/www.sosw.elblag.com.pl\/index.php\/wp-json\/wp\/v2\/posts\/39218\/revisions"}],"predecessor-version":[{"id":39221,"href":"https:\/\/www.sosw.elblag.com.pl\/index.php\/wp-json\/wp\/v2\/posts\/39218\/revisions\/39221"}],"wp:featuredmedia":[{"embeddable":true,"href":"https:\/\/www.sosw.elblag.com.pl\/index.php\/wp-json\/wp\/v2\/media\/39219"}],"wp:attachment":[{"href":"https:\/\/www.sosw.elblag.com.pl\/index.php\/wp-json\/wp\/v2\/media?parent=39218"}],"wp:term":[{"taxonomy":"category","embeddable":true,"href":"https:\/\/www.sosw.elblag.com.pl\/index.php\/wp-json\/wp\/v2\/categories?post=39218"},{"taxonomy":"post_tag","embeddable":true,"href":"https:\/\/www.sosw.elblag.com.pl\/index.php\/wp-json\/wp\/v2\/tags?post=39218"}],"curies":[{"name":"wp","href":"https:\/\/api.w.org\/{rel}","templated":true}]}}