{"id":37259,"date":"2022-01-25T06:53:41","date_gmt":"2022-01-25T05:53:41","guid":{"rendered":"http:\/\/www.sosw.elblag.com.pl\/?p=37259"},"modified":"2022-01-25T06:53:41","modified_gmt":"2022-01-25T05:53:41","slug":"trzecie-urodziny-benjamina","status":"publish","type":"post","link":"https:\/\/www.sosw.elblag.com.pl\/index.php\/2022\/01\/25\/trzecie-urodziny-benjamina\/","title":{"rendered":"Trzecie Urodziny Benjamina!"},"content":{"rendered":"<div>Niech Ci s\u0142onko ciep\u0142o gra,<br \/>\nniech Tw\u00f3j u\u015bmiech d\u0142ugo trwa,<br \/>\nnie tra\u0107 swej weso\u0142ej minki,<br \/>\nbo to Twoje trzecie urodzinki!<\/div>\n<div><\/div>\n<div>Samych wspania\u0142ych, beztroskich chwil \u017cyczymy Beniu!<\/div>\n<div><\/div>\n<div>Izabela Gniotek<\/div>\n<div><\/div>\n<div>\n\n\t\t<style type=\"text\/css\">\n\t\t\t#gallery-1 {\n\t\t\t\tmargin: auto;\n\t\t\t}\n\t\t\t#gallery-1 .gallery-item {\n\t\t\t\tfloat: left;\n\t\t\t\tmargin-top: 10px;\n\t\t\t\ttext-align: center;\n\t\t\t\twidth: 50%;\n\t\t\t}\n\t\t\t#gallery-1 img {\n\t\t\t\tborder: 2px solid #cfcfcf;\n\t\t\t}\n\t\t\t#gallery-1 .gallery-caption {\n\t\t\t\tmargin-left: 0;\n\t\t\t}\n\t\t\t\/* see gallery_shortcode() in wp-includes\/media.php *\/\n\t\t<\/style>\n\t\t<div id='gallery-1' class='gallery galleryid-37259 gallery-columns-2 gallery-size-thumbnail'><dl class='gallery-item'>\n\t\t\t<dt class='gallery-icon portrait'>\n\t\t\t\t<a title=\"urodziny benia 2\" href='https:\/\/www.sosw.elblag.com.pl\/wp-content\/uploads\/2022\/01\/urodziny-benia-2-scaled.jpg'><img loading=\"lazy\" decoding=\"async\" width=\"200\" height=\"200\" src=\"https:\/\/www.sosw.elblag.com.pl\/wp-content\/uploads\/2022\/01\/urodziny-benia-2-200x200.jpg\" class=\"attachment-thumbnail size-thumbnail\" alt=\"Trzecie Urodziny Benjamina\" \/><\/a>\n\t\t\t<\/dt><\/dl><dl class='gallery-item'>\n\t\t\t<dt class='gallery-icon portrait'>\n\t\t\t\t<a title=\"urodziny benia 3\" href='https:\/\/www.sosw.elblag.com.pl\/wp-content\/uploads\/2022\/01\/urodziny-benia-3-scaled.jpg'><img loading=\"lazy\" decoding=\"async\" width=\"200\" height=\"200\" src=\"https:\/\/www.sosw.elblag.com.pl\/wp-content\/uploads\/2022\/01\/urodziny-benia-3-200x200.jpg\" class=\"attachment-thumbnail size-thumbnail\" alt=\"Trzecie Urodziny Benjamina\" \/><\/a>\n\t\t\t<\/dt><\/dl><br style=\"clear: both\" \/><dl class='gallery-item'>\n\t\t\t<dt class='gallery-icon portrait'>\n\t\t\t\t<a title=\"urodziny benia 4\" href='https:\/\/www.sosw.elblag.com.pl\/wp-content\/uploads\/2022\/01\/urodziny-benia-4-scaled.jpg'><img loading=\"lazy\" decoding=\"async\" width=\"200\" height=\"200\" src=\"https:\/\/www.sosw.elblag.com.pl\/wp-content\/uploads\/2022\/01\/urodziny-benia-4-200x200.jpg\" class=\"attachment-thumbnail size-thumbnail\" alt=\"Trzecie Urodziny Benjamina\" \/><\/a>\n\t\t\t<\/dt><\/dl><dl class='gallery-item'>\n\t\t\t<dt class='gallery-icon portrait'>\n\t\t\t\t<a title=\"urodziny benia 5\" href='https:\/\/www.sosw.elblag.com.pl\/wp-content\/uploads\/2022\/01\/urodziny-benia-5-scaled.jpg'><img loading=\"lazy\" decoding=\"async\" width=\"200\" height=\"200\" src=\"https:\/\/www.sosw.elblag.com.pl\/wp-content\/uploads\/2022\/01\/urodziny-benia-5-200x200.jpg\" class=\"attachment-thumbnail size-thumbnail\" alt=\"Trzecie Urodziny Benjamina\" \/><\/a>\n\t\t\t<\/dt><\/dl><br style=\"clear: both\" \/><dl class='gallery-item'>\n\t\t\t<dt class='gallery-icon portrait'>\n\t\t\t\t<a title=\"urodziny benia 6\" href='https:\/\/www.sosw.elblag.com.pl\/wp-content\/uploads\/2022\/01\/urodziny-benia-6-scaled.jpg'><img loading=\"lazy\" decoding=\"async\" width=\"200\" height=\"200\" src=\"https:\/\/www.sosw.elblag.com.pl\/wp-content\/uploads\/2022\/01\/urodziny-benia-6-200x200.jpg\" class=\"attachment-thumbnail size-thumbnail\" alt=\"Trzecie Urodziny Benjamina\" \/><\/a>\n\t\t\t<\/dt><\/dl><dl class='gallery-item'>\n\t\t\t<dt class='gallery-icon portrait'>\n\t\t\t\t<a title=\"urodziny benia 7\" href='https:\/\/www.sosw.elblag.com.pl\/wp-content\/uploads\/2022\/01\/urodziny-benia-7-scaled.jpg'><img loading=\"lazy\" decoding=\"async\" width=\"200\" height=\"200\" src=\"https:\/\/www.sosw.elblag.com.pl\/wp-content\/uploads\/2022\/01\/urodziny-benia-7-200x200.jpg\" class=\"attachment-thumbnail size-thumbnail\" alt=\"Trzecie Urodziny Benjamina\" \/><\/a>\n\t\t\t<\/dt><\/dl><br style=\"clear: both\" \/><dl class='gallery-item'>\n\t\t\t<dt class='gallery-icon portrait'>\n\t\t\t\t<a title=\"urodziny benia 8\" href='https:\/\/www.sosw.elblag.com.pl\/wp-content\/uploads\/2022\/01\/urodziny-benia-8-scaled.jpg'><img loading=\"lazy\" decoding=\"async\" width=\"200\" height=\"200\" src=\"https:\/\/www.sosw.elblag.com.pl\/wp-content\/uploads\/2022\/01\/urodziny-benia-8-200x200.jpg\" class=\"attachment-thumbnail size-thumbnail\" alt=\"Trzecie Urodziny Benjamina\" \/><\/a>\n\t\t\t<\/dt><\/dl><dl class='gallery-item'>\n\t\t\t<dt class='gallery-icon portrait'>\n\t\t\t\t<a title=\"urodziny benia 9\" href='https:\/\/www.sosw.elblag.com.pl\/wp-content\/uploads\/2022\/01\/urodziny-benia-9-scaled.jpg'><img loading=\"lazy\" decoding=\"async\" width=\"200\" height=\"200\" src=\"https:\/\/www.sosw.elblag.com.pl\/wp-content\/uploads\/2022\/01\/urodziny-benia-9-200x200.jpg\" class=\"attachment-thumbnail size-thumbnail\" alt=\"Trzecie Urodziny Benjamina\" \/><\/a>\n\t\t\t<\/dt><\/dl><br style=\"clear: both\" \/>\n\t\t<\/div>\n\n<\/div>\n","protected":false},"excerpt":{"rendered":"<p>Niech Ci s\u0142onko ciep\u0142o gra, niech Tw\u00f3j u\u015bmiech d\u0142ugo trwa, nie tra\u0107 swej weso\u0142ej minki, bo to Twoje trzecie urodzinki! Samych wspania\u0142ych, <a class=\"more-link\" href=\"https:\/\/www.sosw.elblag.com.pl\/index.php\/2022\/01\/25\/trzecie-urodziny-benjamina\/\">Czytaj dalej&#8230;<\/a><\/p>\n","protected":false},"author":1,"featured_media":37264,"comment_status":"closed","ping_status":"closed","sticky":false,"template":"","format":"standard","meta":{"footnotes":""},"categories":[56],"tags":[],"class_list":["post-37259","post","type-post","status-publish","format-standard","has-post-thumbnail","hentry","category-punkt-przedszkolny-2021-2022"],"_links":{"self":[{"href":"https:\/\/www.sosw.elblag.com.pl\/index.php\/wp-json\/wp\/v2\/posts\/37259","targetHints":{"allow":["GET"]}}],"collection":[{"href":"https:\/\/www.sosw.elblag.com.pl\/index.php\/wp-json\/wp\/v2\/posts"}],"about":[{"href":"https:\/\/www.sosw.elblag.com.pl\/index.php\/wp-json\/wp\/v2\/types\/post"}],"author":[{"embeddable":true,"href":"https:\/\/www.sosw.elblag.com.pl\/index.php\/wp-json\/wp\/v2\/users\/1"}],"replies":[{"embeddable":true,"href":"https:\/\/www.sosw.elblag.com.pl\/index.php\/wp-json\/wp\/v2\/comments?post=37259"}],"version-history":[{"count":1,"href":"https:\/\/www.sosw.elblag.com.pl\/index.php\/wp-json\/wp\/v2\/posts\/37259\/revisions"}],"predecessor-version":[{"id":37268,"href":"https:\/\/www.sosw.elblag.com.pl\/index.php\/wp-json\/wp\/v2\/posts\/37259\/revisions\/37268"}],"wp:featuredmedia":[{"embeddable":true,"href":"https:\/\/www.sosw.elblag.com.pl\/index.php\/wp-json\/wp\/v2\/media\/37264"}],"wp:attachment":[{"href":"https:\/\/www.sosw.elblag.com.pl\/index.php\/wp-json\/wp\/v2\/media?parent=37259"}],"wp:term":[{"taxonomy":"category","embeddable":true,"href":"https:\/\/www.sosw.elblag.com.pl\/index.php\/wp-json\/wp\/v2\/categories?post=37259"},{"taxonomy":"post_tag","embeddable":true,"href":"https:\/\/www.sosw.elblag.com.pl\/index.php\/wp-json\/wp\/v2\/tags?post=37259"}],"curies":[{"name":"wp","href":"https:\/\/api.w.org\/{rel}","templated":true}]}}