{"id":37210,"date":"2022-01-21T09:36:29","date_gmt":"2022-01-21T08:36:29","guid":{"rendered":"http:\/\/www.sosw.elblag.com.pl\/?p=37210"},"modified":"2022-01-21T09:36:29","modified_gmt":"2022-01-21T08:36:29","slug":"dzien-babci-i-dziadka","status":"publish","type":"post","link":"https:\/\/www.sosw.elblag.com.pl\/index.php\/2022\/01\/21\/dzien-babci-i-dziadka\/","title":{"rendered":"Dzie\u0144 Babci i Dziadka"},"content":{"rendered":"<div>Z okazji \u015bwi\u0119ta babci i dziadka, pszcz\u00f3\u0142ki zrobi\u0142y pi\u0119kne prezenty.<\/div>\n<div>Tworzenie podarunk\u00f3w mia\u0142o walory estetyczne, jak i r\u00f3wnie\u017c warto\u015b\u0107 terapeutyczn\u0105 dla naszych przedszkolak\u00f3w.<\/div>\n<div>Hortiterapia- czyli zbawienny wp\u0142yw sadzenia kwiat\u00f3w na zdrowie cz\u0142owieka.<\/div>\n<div><\/div>\n<div>Wszystkim Dziadkom i Babciom,<\/div>\n<div>\u00a0z okazji ich \u015bwi\u0119ta Pszcz\u00f3\u0142ki \u017cycz\u0105<\/div>\n<div>\u00a0zdrowia, spokoju ducha, u\u015bmiechu i samych s\u0142onecznych dni.<\/div>\n<p>Izabela Gniotek<\/p>\n\n\t\t<style type=\"text\/css\">\n\t\t\t#gallery-1 {\n\t\t\t\tmargin: auto;\n\t\t\t}\n\t\t\t#gallery-1 .gallery-item {\n\t\t\t\tfloat: left;\n\t\t\t\tmargin-top: 10px;\n\t\t\t\ttext-align: center;\n\t\t\t\twidth: 33%;\n\t\t\t}\n\t\t\t#gallery-1 img {\n\t\t\t\tborder: 2px solid #cfcfcf;\n\t\t\t}\n\t\t\t#gallery-1 .gallery-caption {\n\t\t\t\tmargin-left: 0;\n\t\t\t}\n\t\t\t\/* see gallery_shortcode() in wp-includes\/media.php *\/\n\t\t<\/style>\n\t\t<div id='gallery-1' class='gallery galleryid-37210 gallery-columns-3 gallery-size-thumbnail'><dl class='gallery-item'>\n\t\t\t<dt class='gallery-icon portrait'>\n\t\t\t\t<a title=\"dzien babci i dziadka 1\" href='https:\/\/www.sosw.elblag.com.pl\/wp-content\/uploads\/2022\/01\/dzien-babci-i-dziadka-1-scaled.jpg'><img loading=\"lazy\" decoding=\"async\" width=\"200\" height=\"200\" src=\"https:\/\/www.sosw.elblag.com.pl\/wp-content\/uploads\/2022\/01\/dzien-babci-i-dziadka-1-200x200.jpg\" class=\"attachment-thumbnail size-thumbnail\" alt=\"Dzie\u0144 Babci i Dziadka\" \/><\/a>\n\t\t\t<\/dt><\/dl><dl class='gallery-item'>\n\t\t\t<dt class='gallery-icon portrait'>\n\t\t\t\t<a title=\"dzien babci i dziadka 2\" href='https:\/\/www.sosw.elblag.com.pl\/wp-content\/uploads\/2022\/01\/dzien-babci-i-dziadka-2-scaled.jpg'><img loading=\"lazy\" decoding=\"async\" width=\"200\" height=\"200\" src=\"https:\/\/www.sosw.elblag.com.pl\/wp-content\/uploads\/2022\/01\/dzien-babci-i-dziadka-2-200x200.jpg\" class=\"attachment-thumbnail size-thumbnail\" alt=\"Dzie\u0144 Babci i Dziadka\" \/><\/a>\n\t\t\t<\/dt><\/dl><dl class='gallery-item'>\n\t\t\t<dt class='gallery-icon portrait'>\n\t\t\t\t<a title=\"dzien babci i dziadka 3\" href='https:\/\/www.sosw.elblag.com.pl\/wp-content\/uploads\/2022\/01\/dzien-babci-i-dziadka-3-scaled.jpg'><img loading=\"lazy\" decoding=\"async\" width=\"200\" height=\"200\" src=\"https:\/\/www.sosw.elblag.com.pl\/wp-content\/uploads\/2022\/01\/dzien-babci-i-dziadka-3-200x200.jpg\" class=\"attachment-thumbnail size-thumbnail\" alt=\"Dzie\u0144 Babci i Dziadka\" \/><\/a>\n\t\t\t<\/dt><\/dl><br style=\"clear: both\" \/><dl class='gallery-item'>\n\t\t\t<dt class='gallery-icon portrait'>\n\t\t\t\t<a title=\"dzien babci i dziadka 4\" href='https:\/\/www.sosw.elblag.com.pl\/wp-content\/uploads\/2022\/01\/dzien-babci-i-dziadka-4-scaled.jpg'><img loading=\"lazy\" decoding=\"async\" width=\"200\" height=\"200\" src=\"https:\/\/www.sosw.elblag.com.pl\/wp-content\/uploads\/2022\/01\/dzien-babci-i-dziadka-4-200x200.jpg\" class=\"attachment-thumbnail size-thumbnail\" alt=\"Dzie\u0144 Babci i Dziadka\" \/><\/a>\n\t\t\t<\/dt><\/dl><dl class='gallery-item'>\n\t\t\t<dt class='gallery-icon portrait'>\n\t\t\t\t<a title=\"dzien babci i dziadka 5\" href='https:\/\/www.sosw.elblag.com.pl\/wp-content\/uploads\/2022\/01\/dzien-babci-i-dziadka-5-scaled.jpg'><img loading=\"lazy\" decoding=\"async\" width=\"200\" height=\"200\" src=\"https:\/\/www.sosw.elblag.com.pl\/wp-content\/uploads\/2022\/01\/dzien-babci-i-dziadka-5-200x200.jpg\" class=\"attachment-thumbnail size-thumbnail\" alt=\"Dzie\u0144 Babci i Dziadka\" \/><\/a>\n\t\t\t<\/dt><\/dl><dl class='gallery-item'>\n\t\t\t<dt class='gallery-icon portrait'>\n\t\t\t\t<a title=\"dzien babci i dziadka 6\" href='https:\/\/www.sosw.elblag.com.pl\/wp-content\/uploads\/2022\/01\/dzien-babci-i-dziadka-6-scaled.jpg'><img loading=\"lazy\" decoding=\"async\" width=\"200\" height=\"200\" src=\"https:\/\/www.sosw.elblag.com.pl\/wp-content\/uploads\/2022\/01\/dzien-babci-i-dziadka-6-200x200.jpg\" class=\"attachment-thumbnail size-thumbnail\" alt=\"Dzie\u0144 Babci i Dziadka\" \/><\/a>\n\t\t\t<\/dt><\/dl><br style=\"clear: both\" \/><dl class='gallery-item'>\n\t\t\t<dt class='gallery-icon portrait'>\n\t\t\t\t<a title=\"dzien babci i dziadka 7\" href='https:\/\/www.sosw.elblag.com.pl\/wp-content\/uploads\/2022\/01\/dzien-babci-i-dziadka-7-scaled.jpg'><img loading=\"lazy\" decoding=\"async\" width=\"200\" height=\"200\" src=\"https:\/\/www.sosw.elblag.com.pl\/wp-content\/uploads\/2022\/01\/dzien-babci-i-dziadka-7-200x200.jpg\" class=\"attachment-thumbnail size-thumbnail\" alt=\"Dzie\u0144 Babci i Dziadka\" \/><\/a>\n\t\t\t<\/dt><\/dl><dl class='gallery-item'>\n\t\t\t<dt class='gallery-icon portrait'>\n\t\t\t\t<a title=\"dzien babci i dziadka 8\" href='https:\/\/www.sosw.elblag.com.pl\/wp-content\/uploads\/2022\/01\/dzien-babci-i-dziadka-8-scaled.jpg'><img loading=\"lazy\" decoding=\"async\" width=\"200\" height=\"200\" src=\"https:\/\/www.sosw.elblag.com.pl\/wp-content\/uploads\/2022\/01\/dzien-babci-i-dziadka-8-200x200.jpg\" class=\"attachment-thumbnail size-thumbnail\" alt=\"Dzie\u0144 Babci i Dziadka\" \/><\/a>\n\t\t\t<\/dt><\/dl><dl class='gallery-item'>\n\t\t\t<dt class='gallery-icon portrait'>\n\t\t\t\t<a title=\"dzien babci i dziadka 9\" href='https:\/\/www.sosw.elblag.com.pl\/wp-content\/uploads\/2022\/01\/dzien-babci-i-dziadka-9-scaled.jpg'><img loading=\"lazy\" decoding=\"async\" width=\"200\" height=\"200\" src=\"https:\/\/www.sosw.elblag.com.pl\/wp-content\/uploads\/2022\/01\/dzien-babci-i-dziadka-9-200x200.jpg\" class=\"attachment-thumbnail size-thumbnail\" alt=\"Dzie\u0144 Babci i Dziadka\" \/><\/a>\n\t\t\t<\/dt><\/dl><br style=\"clear: both\" \/><dl class='gallery-item'>\n\t\t\t<dt class='gallery-icon portrait'>\n\t\t\t\t<a title=\"dzien babci i dziadka 10\" href='https:\/\/www.sosw.elblag.com.pl\/wp-content\/uploads\/2022\/01\/dzien-babci-i-dziadka-10-scaled.jpg'><img loading=\"lazy\" decoding=\"async\" width=\"200\" height=\"200\" src=\"https:\/\/www.sosw.elblag.com.pl\/wp-content\/uploads\/2022\/01\/dzien-babci-i-dziadka-10-200x200.jpg\" class=\"attachment-thumbnail size-thumbnail\" alt=\"Dzie\u0144 Babci i Dziadka\" \/><\/a>\n\t\t\t<\/dt><\/dl><dl class='gallery-item'>\n\t\t\t<dt class='gallery-icon portrait'>\n\t\t\t\t<a title=\"dzien babci i dziadka 11\" href='https:\/\/www.sosw.elblag.com.pl\/wp-content\/uploads\/2022\/01\/dzien-babci-i-dziadka-11-scaled.jpg'><img loading=\"lazy\" decoding=\"async\" width=\"200\" height=\"200\" src=\"https:\/\/www.sosw.elblag.com.pl\/wp-content\/uploads\/2022\/01\/dzien-babci-i-dziadka-11-200x200.jpg\" class=\"attachment-thumbnail size-thumbnail\" alt=\"Dzie\u0144 Babci i Dziadka\" \/><\/a>\n\t\t\t<\/dt><\/dl><dl class='gallery-item'>\n\t\t\t<dt class='gallery-icon portrait'>\n\t\t\t\t<a title=\"dzien babci i dziadka 12\" href='https:\/\/www.sosw.elblag.com.pl\/wp-content\/uploads\/2022\/01\/dzien-babci-i-dziadka-12-scaled.jpg'><img loading=\"lazy\" decoding=\"async\" width=\"200\" height=\"200\" src=\"https:\/\/www.sosw.elblag.com.pl\/wp-content\/uploads\/2022\/01\/dzien-babci-i-dziadka-12-200x200.jpg\" class=\"attachment-thumbnail size-thumbnail\" alt=\"Dzie\u0144 Babci i Dziadka\" \/><\/a>\n\t\t\t<\/dt><\/dl><br style=\"clear: both\" \/><dl class='gallery-item'>\n\t\t\t<dt class='gallery-icon portrait'>\n\t\t\t\t<a title=\"dzien babci i dziadka 13\" href='https:\/\/www.sosw.elblag.com.pl\/wp-content\/uploads\/2022\/01\/dzien-babci-i-dziadka-13-scaled.jpg'><img loading=\"lazy\" decoding=\"async\" width=\"200\" height=\"200\" src=\"https:\/\/www.sosw.elblag.com.pl\/wp-content\/uploads\/2022\/01\/dzien-babci-i-dziadka-13-200x200.jpg\" class=\"attachment-thumbnail size-thumbnail\" alt=\"Dzie\u0144 Babci i Dziadka\" \/><\/a>\n\t\t\t<\/dt><\/dl>\n\t\t\t<br style='clear: both' \/>\n\t\t<\/div>\n\n","protected":false},"excerpt":{"rendered":"<p>Z okazji \u015bwi\u0119ta babci i dziadka, pszcz\u00f3\u0142ki zrobi\u0142y pi\u0119kne prezenty. Tworzenie podarunk\u00f3w mia\u0142o walory estetyczne, jak i r\u00f3wnie\u017c warto\u015b\u0107 terapeutyczn\u0105 dla naszych <a class=\"more-link\" href=\"https:\/\/www.sosw.elblag.com.pl\/index.php\/2022\/01\/21\/dzien-babci-i-dziadka\/\">Czytaj dalej&#8230;<\/a><\/p>\n","protected":false},"author":1,"featured_media":37217,"comment_status":"closed","ping_status":"closed","sticky":false,"template":"","format":"standard","meta":{"footnotes":""},"categories":[56],"tags":[],"class_list":["post-37210","post","type-post","status-publish","format-standard","has-post-thumbnail","hentry","category-punkt-przedszkolny-2021-2022"],"_links":{"self":[{"href":"https:\/\/www.sosw.elblag.com.pl\/index.php\/wp-json\/wp\/v2\/posts\/37210","targetHints":{"allow":["GET"]}}],"collection":[{"href":"https:\/\/www.sosw.elblag.com.pl\/index.php\/wp-json\/wp\/v2\/posts"}],"about":[{"href":"https:\/\/www.sosw.elblag.com.pl\/index.php\/wp-json\/wp\/v2\/types\/post"}],"author":[{"embeddable":true,"href":"https:\/\/www.sosw.elblag.com.pl\/index.php\/wp-json\/wp\/v2\/users\/1"}],"replies":[{"embeddable":true,"href":"https:\/\/www.sosw.elblag.com.pl\/index.php\/wp-json\/wp\/v2\/comments?post=37210"}],"version-history":[{"count":1,"href":"https:\/\/www.sosw.elblag.com.pl\/index.php\/wp-json\/wp\/v2\/posts\/37210\/revisions"}],"predecessor-version":[{"id":37224,"href":"https:\/\/www.sosw.elblag.com.pl\/index.php\/wp-json\/wp\/v2\/posts\/37210\/revisions\/37224"}],"wp:featuredmedia":[{"embeddable":true,"href":"https:\/\/www.sosw.elblag.com.pl\/index.php\/wp-json\/wp\/v2\/media\/37217"}],"wp:attachment":[{"href":"https:\/\/www.sosw.elblag.com.pl\/index.php\/wp-json\/wp\/v2\/media?parent=37210"}],"wp:term":[{"taxonomy":"category","embeddable":true,"href":"https:\/\/www.sosw.elblag.com.pl\/index.php\/wp-json\/wp\/v2\/categories?post=37210"},{"taxonomy":"post_tag","embeddable":true,"href":"https:\/\/www.sosw.elblag.com.pl\/index.php\/wp-json\/wp\/v2\/tags?post=37210"}],"curies":[{"name":"wp","href":"https:\/\/api.w.org\/{rel}","templated":true}]}}