{"id":37197,"date":"2022-01-21T09:28:47","date_gmt":"2022-01-21T08:28:47","guid":{"rendered":"http:\/\/www.sosw.elblag.com.pl\/?p=37197"},"modified":"2022-01-21T09:28:47","modified_gmt":"2022-01-21T08:28:47","slug":"anioly-w-punkcie-przedszkolnym","status":"publish","type":"post","link":"https:\/\/www.sosw.elblag.com.pl\/index.php\/2022\/01\/21\/anioly-w-punkcie-przedszkolnym\/","title":{"rendered":"\u201eAnio\u0142y\u201d w Punkcie Przedszkolnym"},"content":{"rendered":"<div><span class=\"gwp021b57de_highlight\">W styczniu rozstrzygn\u0119li\u015bmy w Punkcie Przedszkolnym konkurs plastyczno-techniczny pt.:\u201dAnio\u0142y\u201d, kt\u00f3ry zaprasza\u0142 ca\u0142e rodziny naszych przedszkolak\u00f3w do wykonania anio\u0142a. Na konkurs dzieci przynios\u0142y do przedszkola anio\u0142y wykonane z koronek, pi\u00f3rek, brokatu, gumowych pi\u0142eczek, cekin\u00f3w, masy solnej a tak\u017ce malowanki, rysowanki.<\/span><\/div>\n<p><span class=\"gwp021b57de_highlight\">Wszystkie prace by\u0142y wspania\u0142e i bardzo pomys\u0142owe. Komisja mia\u0142a bardzo trudne zadanie do wykonania i ustali\u0142a, \u017ce wszystkie prace s\u0105 pi\u0119kne i zas\u0142uguj\u0105 na najwy\u017csz\u0105 nagrod\u0119.<\/span><\/p>\n<p><span class=\"gwp021b57de_highlight\">I miejsce Pola Urba\u0144ska<\/span><\/p>\n<p><span class=\"gwp021b57de_highlight\">I miejsce Natalia Czerwiec<\/span><\/p>\n<p><span class=\"gwp021b57de_highlight\">I miejsce Fabian G\u0142uszak<\/span><\/p>\n<p><span class=\"gwp021b57de_highlight\">I miejsce Bartosz Dudkiewicz<\/span><\/p>\n<p><span class=\"gwp021b57de_highlight\">I miejsce Oskar Relid\u017ay\u0144ski<\/span><\/p>\n<p><span class=\"gwp021b57de_highlight\">Gratulacje !!!<\/span><\/p>\n<p><span class=\"gwp021b57de_highlight\">Dzi\u0119kujemy wszystkim dzieciom i ich rodzinom za zaanga\u017cowanie.<\/span><\/p>\n<p><span class=\"gwp021b57de_highlight\">organizator Katarzyna K\u0142os<\/span><\/p>\n\n\t\t<style type=\"text\/css\">\n\t\t\t#gallery-1 {\n\t\t\t\tmargin: auto;\n\t\t\t}\n\t\t\t#gallery-1 .gallery-item {\n\t\t\t\tfloat: left;\n\t\t\t\tmargin-top: 10px;\n\t\t\t\ttext-align: center;\n\t\t\t\twidth: 33%;\n\t\t\t}\n\t\t\t#gallery-1 img {\n\t\t\t\tborder: 2px solid #cfcfcf;\n\t\t\t}\n\t\t\t#gallery-1 .gallery-caption {\n\t\t\t\tmargin-left: 0;\n\t\t\t}\n\t\t\t\/* see gallery_shortcode() in wp-includes\/media.php *\/\n\t\t<\/style>\n\t\t<div id='gallery-1' class='gallery galleryid-37197 gallery-columns-3 gallery-size-thumbnail'><dl class='gallery-item'>\n\t\t\t<dt class='gallery-icon portrait'>\n\t\t\t\t<a title=\"ANIO\u0141Y[1]\" href='https:\/\/www.sosw.elblag.com.pl\/wp-content\/uploads\/2022\/01\/ANIOLY1-scaled.jpg'><img loading=\"lazy\" decoding=\"async\" width=\"200\" height=\"200\" src=\"https:\/\/www.sosw.elblag.com.pl\/wp-content\/uploads\/2022\/01\/ANIOLY1-200x200.jpg\" class=\"attachment-thumbnail size-thumbnail\" alt=\"Anio\u0142y w Punkcie Przedszkolnym\" \/><\/a>\n\t\t\t<\/dt><\/dl><dl class='gallery-item'>\n\t\t\t<dt class='gallery-icon portrait'>\n\t\t\t\t<a title=\"ANIO\u0141Y_1[1]\" href='https:\/\/www.sosw.elblag.com.pl\/wp-content\/uploads\/2022\/01\/ANIOLY_11-scaled.jpg'><img loading=\"lazy\" decoding=\"async\" width=\"200\" height=\"200\" src=\"https:\/\/www.sosw.elblag.com.pl\/wp-content\/uploads\/2022\/01\/ANIOLY_11-200x200.jpg\" class=\"attachment-thumbnail size-thumbnail\" alt=\"Anio\u0142y w Punkcie Przedszkolnym\" \/><\/a>\n\t\t\t<\/dt><\/dl><dl class='gallery-item'>\n\t\t\t<dt class='gallery-icon portrait'>\n\t\t\t\t<a title=\"ANIO\u0141Y_2[1]\" href='https:\/\/www.sosw.elblag.com.pl\/wp-content\/uploads\/2022\/01\/ANIOLY_21-scaled.jpg'><img loading=\"lazy\" decoding=\"async\" width=\"200\" height=\"200\" src=\"https:\/\/www.sosw.elblag.com.pl\/wp-content\/uploads\/2022\/01\/ANIOLY_21-200x200.jpg\" class=\"attachment-thumbnail size-thumbnail\" alt=\"Anio\u0142y w Punkcie Przedszkolnym\" \/><\/a>\n\t\t\t<\/dt><\/dl><br style=\"clear: both\" \/><dl class='gallery-item'>\n\t\t\t<dt class='gallery-icon portrait'>\n\t\t\t\t<a title=\"ANIO\u0141Y_3[1]\" href='https:\/\/www.sosw.elblag.com.pl\/wp-content\/uploads\/2022\/01\/ANIOLY_31-scaled.jpg'><img loading=\"lazy\" decoding=\"async\" width=\"200\" height=\"200\" src=\"https:\/\/www.sosw.elblag.com.pl\/wp-content\/uploads\/2022\/01\/ANIOLY_31-200x200.jpg\" class=\"attachment-thumbnail size-thumbnail\" alt=\"Anio\u0142y w Punkcie Przedszkolnym\" \/><\/a>\n\t\t\t<\/dt><\/dl><dl class='gallery-item'>\n\t\t\t<dt class='gallery-icon portrait'>\n\t\t\t\t<a title=\"ANIO\u0141Y_4[1]\" href='https:\/\/www.sosw.elblag.com.pl\/wp-content\/uploads\/2022\/01\/ANIOLY_41-scaled.jpg'><img loading=\"lazy\" decoding=\"async\" width=\"200\" height=\"200\" src=\"https:\/\/www.sosw.elblag.com.pl\/wp-content\/uploads\/2022\/01\/ANIOLY_41-200x200.jpg\" class=\"attachment-thumbnail size-thumbnail\" alt=\"Anio\u0142y w Punkcie Przedszkolnym\" \/><\/a>\n\t\t\t<\/dt><\/dl><dl class='gallery-item'>\n\t\t\t<dt class='gallery-icon portrait'>\n\t\t\t\t<a title=\"ANIO\u0141Y_5[1]\" href='https:\/\/www.sosw.elblag.com.pl\/wp-content\/uploads\/2022\/01\/ANIOLY_51-scaled.jpg'><img loading=\"lazy\" decoding=\"async\" width=\"200\" height=\"200\" src=\"https:\/\/www.sosw.elblag.com.pl\/wp-content\/uploads\/2022\/01\/ANIOLY_51-200x200.jpg\" class=\"attachment-thumbnail size-thumbnail\" alt=\"Anio\u0142y w Punkcie Przedszkolnym\" \/><\/a>\n\t\t\t<\/dt><\/dl><br style=\"clear: both\" \/><dl class='gallery-item'>\n\t\t\t<dt class='gallery-icon portrait'>\n\t\t\t\t<a title=\"ANIO\u0141Y_6[1]\" href='https:\/\/www.sosw.elblag.com.pl\/wp-content\/uploads\/2022\/01\/ANIOLY_61-scaled.jpg'><img loading=\"lazy\" decoding=\"async\" width=\"200\" height=\"200\" src=\"https:\/\/www.sosw.elblag.com.pl\/wp-content\/uploads\/2022\/01\/ANIOLY_61-200x200.jpg\" class=\"attachment-thumbnail size-thumbnail\" alt=\"Anio\u0142y w Punkcie Przedszkolnym\" \/><\/a>\n\t\t\t<\/dt><\/dl><dl class='gallery-item'>\n\t\t\t<dt class='gallery-icon portrait'>\n\t\t\t\t<a title=\"ANIO\u0141Y_7[1]\" href='https:\/\/www.sosw.elblag.com.pl\/wp-content\/uploads\/2022\/01\/ANIOLY_71-scaled.jpg'><img loading=\"lazy\" decoding=\"async\" width=\"200\" height=\"200\" src=\"https:\/\/www.sosw.elblag.com.pl\/wp-content\/uploads\/2022\/01\/ANIOLY_71-200x200.jpg\" class=\"attachment-thumbnail size-thumbnail\" alt=\"Anio\u0142y w Punkcie Przedszkolnym\" \/><\/a>\n\t\t\t<\/dt><\/dl><dl class='gallery-item'>\n\t\t\t<dt class='gallery-icon portrait'>\n\t\t\t\t<a title=\"ANIO\u0141Y_8[1]\" href='https:\/\/www.sosw.elblag.com.pl\/wp-content\/uploads\/2022\/01\/ANIOLY_81-scaled.jpg'><img loading=\"lazy\" decoding=\"async\" width=\"200\" height=\"200\" src=\"https:\/\/www.sosw.elblag.com.pl\/wp-content\/uploads\/2022\/01\/ANIOLY_81-200x200.jpg\" class=\"attachment-thumbnail size-thumbnail\" alt=\"Anio\u0142y w Punkcie Przedszkolnym\" \/><\/a>\n\t\t\t<\/dt><\/dl><br style=\"clear: both\" \/><dl class='gallery-item'>\n\t\t\t<dt class='gallery-icon portrait'>\n\t\t\t\t<a title=\"ANIO\u0141Y_9[1]\" href='https:\/\/www.sosw.elblag.com.pl\/wp-content\/uploads\/2022\/01\/ANIOLY_91-scaled.jpg'><img loading=\"lazy\" decoding=\"async\" width=\"200\" height=\"200\" src=\"https:\/\/www.sosw.elblag.com.pl\/wp-content\/uploads\/2022\/01\/ANIOLY_91-200x200.jpg\" class=\"attachment-thumbnail size-thumbnail\" alt=\"Anio\u0142y w Punkcie Przedszkolnym\" \/><\/a>\n\t\t\t<\/dt><\/dl>\n\t\t\t<br style='clear: both' \/>\n\t\t<\/div>\n\n","protected":false},"excerpt":{"rendered":"<p>W styczniu rozstrzygn\u0119li\u015bmy w Punkcie Przedszkolnym konkurs plastyczno-techniczny pt.:\u201dAnio\u0142y\u201d, kt\u00f3ry zaprasza\u0142 ca\u0142e rodziny naszych przedszkolak\u00f3w do wykonania anio\u0142a. Na konkurs dzieci przynios\u0142y <a class=\"more-link\" href=\"https:\/\/www.sosw.elblag.com.pl\/index.php\/2022\/01\/21\/anioly-w-punkcie-przedszkolnym\/\">Czytaj dalej&#8230;<\/a><\/p>\n","protected":false},"author":1,"featured_media":37199,"comment_status":"closed","ping_status":"closed","sticky":false,"template":"","format":"standard","meta":{"footnotes":""},"categories":[56],"tags":[],"class_list":["post-37197","post","type-post","status-publish","format-standard","has-post-thumbnail","hentry","category-punkt-przedszkolny-2021-2022"],"_links":{"self":[{"href":"https:\/\/www.sosw.elblag.com.pl\/index.php\/wp-json\/wp\/v2\/posts\/37197","targetHints":{"allow":["GET"]}}],"collection":[{"href":"https:\/\/www.sosw.elblag.com.pl\/index.php\/wp-json\/wp\/v2\/posts"}],"about":[{"href":"https:\/\/www.sosw.elblag.com.pl\/index.php\/wp-json\/wp\/v2\/types\/post"}],"author":[{"embeddable":true,"href":"https:\/\/www.sosw.elblag.com.pl\/index.php\/wp-json\/wp\/v2\/users\/1"}],"replies":[{"embeddable":true,"href":"https:\/\/www.sosw.elblag.com.pl\/index.php\/wp-json\/wp\/v2\/comments?post=37197"}],"version-history":[{"count":1,"href":"https:\/\/www.sosw.elblag.com.pl\/index.php\/wp-json\/wp\/v2\/posts\/37197\/revisions"}],"predecessor-version":[{"id":37208,"href":"https:\/\/www.sosw.elblag.com.pl\/index.php\/wp-json\/wp\/v2\/posts\/37197\/revisions\/37208"}],"wp:featuredmedia":[{"embeddable":true,"href":"https:\/\/www.sosw.elblag.com.pl\/index.php\/wp-json\/wp\/v2\/media\/37199"}],"wp:attachment":[{"href":"https:\/\/www.sosw.elblag.com.pl\/index.php\/wp-json\/wp\/v2\/media?parent=37197"}],"wp:term":[{"taxonomy":"category","embeddable":true,"href":"https:\/\/www.sosw.elblag.com.pl\/index.php\/wp-json\/wp\/v2\/categories?post=37197"},{"taxonomy":"post_tag","embeddable":true,"href":"https:\/\/www.sosw.elblag.com.pl\/index.php\/wp-json\/wp\/v2\/tags?post=37197"}],"curies":[{"name":"wp","href":"https:\/\/api.w.org\/{rel}","templated":true}]}}