{"id":35596,"date":"2021-09-30T22:13:05","date_gmt":"2021-09-30T20:13:05","guid":{"rendered":"http:\/\/www.sosw.elblag.com.pl\/?p=35596"},"modified":"2021-09-30T22:14:32","modified_gmt":"2021-09-30T20:14:32","slug":"dzien-chlopaka-w-dps","status":"publish","type":"post","link":"https:\/\/www.sosw.elblag.com.pl\/index.php\/2021\/09\/30\/dzien-chlopaka-w-dps\/","title":{"rendered":"Dzie\u0144 Ch\u0142opaka w DPS"},"content":{"rendered":"<p>Z okazji Dnia Ch\u0142opaka \u017cyczymy naszym Ch\u0142opcom i Panom wspania\u0142ych i s\u0142onecznych dni, niech szcz\u0119\u015bcie towarzyszy im przez ca\u0142e \u017cycie, niech si\u0119 spe\u0142ni\u0105 wszystkie ich marzenia i pragnienia. Przy d\u017awi\u0119kach gitary odby\u0142y si\u0119 gry i zabawy dla ch\u0142opc\u00f3w du\u017cych i ma\u0142ych. Wszyscy bawili si\u0119 doskonale.<\/p>\n<p>Dagmara Morawska, Joanna Kijowska \u2013 Lasek, Ma\u0142gorzata Szyd\u0142owska<\/p>\n\n\t\t<style type=\"text\/css\">\n\t\t\t#gallery-1 {\n\t\t\t\tmargin: auto;\n\t\t\t}\n\t\t\t#gallery-1 .gallery-item {\n\t\t\t\tfloat: left;\n\t\t\t\tmargin-top: 10px;\n\t\t\t\ttext-align: center;\n\t\t\t\twidth: 50%;\n\t\t\t}\n\t\t\t#gallery-1 img {\n\t\t\t\tborder: 2px solid #cfcfcf;\n\t\t\t}\n\t\t\t#gallery-1 .gallery-caption {\n\t\t\t\tmargin-left: 0;\n\t\t\t}\n\t\t\t\/* see gallery_shortcode() in wp-includes\/media.php *\/\n\t\t<\/style>\n\t\t<div id='gallery-1' class='gallery galleryid-35596 gallery-columns-2 gallery-size-thumbnail'><dl class='gallery-item'>\n\t\t\t<dt class='gallery-icon landscape'>\n\t\t\t\t<a title=\"1 dzie\u0144 ch\u0142opaka w dps\" href='https:\/\/www.sosw.elblag.com.pl\/wp-content\/uploads\/2021\/09\/1-dzien-chlopaka-w-dps-scaled.jpg'><img loading=\"lazy\" decoding=\"async\" width=\"200\" height=\"200\" src=\"https:\/\/www.sosw.elblag.com.pl\/wp-content\/uploads\/2021\/09\/1-dzien-chlopaka-w-dps-200x200.jpg\" class=\"attachment-thumbnail size-thumbnail\" alt=\"Dzie\u0144 Ch\u0142opaka w DPS\" \/><\/a>\n\t\t\t<\/dt><\/dl><dl class='gallery-item'>\n\t\t\t<dt class='gallery-icon portrait'>\n\t\t\t\t<a title=\"2 dzie\u0144 ch\u0142opaka w dps\" href='https:\/\/www.sosw.elblag.com.pl\/wp-content\/uploads\/2021\/09\/2-dzien-chlopaka-w-dps-scaled.jpg'><img loading=\"lazy\" decoding=\"async\" width=\"200\" height=\"200\" src=\"https:\/\/www.sosw.elblag.com.pl\/wp-content\/uploads\/2021\/09\/2-dzien-chlopaka-w-dps-200x200.jpg\" class=\"attachment-thumbnail size-thumbnail\" alt=\"Dzie\u0144 Ch\u0142opaka w DPS\" \/><\/a>\n\t\t\t<\/dt><\/dl><br style=\"clear: both\" \/><dl class='gallery-item'>\n\t\t\t<dt class='gallery-icon landscape'>\n\t\t\t\t<a title=\"3 dzie\u0144 ch\u0142opaka w dps\" href='https:\/\/www.sosw.elblag.com.pl\/wp-content\/uploads\/2021\/09\/3-dzien-chlopaka-w-dps-scaled.jpg'><img loading=\"lazy\" decoding=\"async\" width=\"200\" height=\"200\" src=\"https:\/\/www.sosw.elblag.com.pl\/wp-content\/uploads\/2021\/09\/3-dzien-chlopaka-w-dps-200x200.jpg\" class=\"attachment-thumbnail size-thumbnail\" alt=\"Dzie\u0144 Ch\u0142opaka w DPS\" \/><\/a>\n\t\t\t<\/dt><\/dl><dl class='gallery-item'>\n\t\t\t<dt class='gallery-icon portrait'>\n\t\t\t\t<a title=\"5 dzie\u0144 ch\u0142opaka w dps\" href='https:\/\/www.sosw.elblag.com.pl\/wp-content\/uploads\/2021\/09\/5-dzien-chlopaka-w-dps-scaled.jpg'><img loading=\"lazy\" decoding=\"async\" width=\"200\" height=\"200\" src=\"https:\/\/www.sosw.elblag.com.pl\/wp-content\/uploads\/2021\/09\/5-dzien-chlopaka-w-dps-200x200.jpg\" class=\"attachment-thumbnail size-thumbnail\" alt=\"Dzie\u0144 Ch\u0142opaka w DPS\" \/><\/a>\n\t\t\t<\/dt><\/dl><br style=\"clear: both\" \/>\n\t\t<\/div>\n\n","protected":false},"excerpt":{"rendered":"<p>Z okazji Dnia Ch\u0142opaka \u017cyczymy naszym Ch\u0142opcom i Panom wspania\u0142ych i s\u0142onecznych dni, niech szcz\u0119\u015bcie towarzyszy im przez ca\u0142e \u017cycie, niech si\u0119 <a class=\"more-link\" href=\"https:\/\/www.sosw.elblag.com.pl\/index.php\/2021\/09\/30\/dzien-chlopaka-w-dps\/\">Czytaj dalej&#8230;<\/a><\/p>\n","protected":false},"author":1,"featured_media":35599,"comment_status":"closed","ping_status":"closed","sticky":false,"template":"","format":"standard","meta":{"footnotes":""},"categories":[8],"tags":[],"class_list":["post-35596","post","type-post","status-publish","format-standard","has-post-thumbnail","hentry","category-dom-pomocy-spolecznej"],"_links":{"self":[{"href":"https:\/\/www.sosw.elblag.com.pl\/index.php\/wp-json\/wp\/v2\/posts\/35596","targetHints":{"allow":["GET"]}}],"collection":[{"href":"https:\/\/www.sosw.elblag.com.pl\/index.php\/wp-json\/wp\/v2\/posts"}],"about":[{"href":"https:\/\/www.sosw.elblag.com.pl\/index.php\/wp-json\/wp\/v2\/types\/post"}],"author":[{"embeddable":true,"href":"https:\/\/www.sosw.elblag.com.pl\/index.php\/wp-json\/wp\/v2\/users\/1"}],"replies":[{"embeddable":true,"href":"https:\/\/www.sosw.elblag.com.pl\/index.php\/wp-json\/wp\/v2\/comments?post=35596"}],"version-history":[{"count":2,"href":"https:\/\/www.sosw.elblag.com.pl\/index.php\/wp-json\/wp\/v2\/posts\/35596\/revisions"}],"predecessor-version":[{"id":35605,"href":"https:\/\/www.sosw.elblag.com.pl\/index.php\/wp-json\/wp\/v2\/posts\/35596\/revisions\/35605"}],"wp:featuredmedia":[{"embeddable":true,"href":"https:\/\/www.sosw.elblag.com.pl\/index.php\/wp-json\/wp\/v2\/media\/35599"}],"wp:attachment":[{"href":"https:\/\/www.sosw.elblag.com.pl\/index.php\/wp-json\/wp\/v2\/media?parent=35596"}],"wp:term":[{"taxonomy":"category","embeddable":true,"href":"https:\/\/www.sosw.elblag.com.pl\/index.php\/wp-json\/wp\/v2\/categories?post=35596"},{"taxonomy":"post_tag","embeddable":true,"href":"https:\/\/www.sosw.elblag.com.pl\/index.php\/wp-json\/wp\/v2\/tags?post=35596"}],"curies":[{"name":"wp","href":"https:\/\/api.w.org\/{rel}","templated":true}]}}