{"id":35588,"date":"2021-09-30T21:36:05","date_gmt":"2021-09-30T19:36:05","guid":{"rendered":"http:\/\/www.sosw.elblag.com.pl\/?p=35588"},"modified":"2021-09-30T21:36:05","modified_gmt":"2021-09-30T19:36:05","slug":"dzien-chlopaka-w-klasie-i-b","status":"publish","type":"post","link":"https:\/\/www.sosw.elblag.com.pl\/index.php\/2021\/09\/30\/dzien-chlopaka-w-klasie-i-b\/","title":{"rendered":"Dzie\u0144 Ch\u0142opaka w klasie I b"},"content":{"rendered":"<p>Dzisiaj\u00a0 swoje \u015bwi\u0119to, Dzie\u0144 Ch\u0142opaka, pierwszy raz w naszej szkole obchodzili ch\u0142opcy z I b zespo\u0142u edukacyjno \u2013 terapeutycznego.\u00a0 Tego dnia panowa\u0142a w klasie mi\u0142a i radosna atmosfera, a opr\u00f3cz tradycyjnych \u017cycze\u0144 i od\u015bpiewania ,,100 lat\u201d Alek, Fabian, Sta\u015b i Wojtek\u00a0 otrzymali upominki.\u00a0 Serdecznie dzi\u0119kujemy Pani Monice oraz pozosta\u0142ym\u00a0 rodzicom za pomoc w organizacji uroczysto\u015bci.<\/p>\n\n\t\t<style type=\"text\/css\">\n\t\t\t#gallery-1 {\n\t\t\t\tmargin: auto;\n\t\t\t}\n\t\t\t#gallery-1 .gallery-item {\n\t\t\t\tfloat: left;\n\t\t\t\tmargin-top: 10px;\n\t\t\t\ttext-align: center;\n\t\t\t\twidth: 33%;\n\t\t\t}\n\t\t\t#gallery-1 img {\n\t\t\t\tborder: 2px solid #cfcfcf;\n\t\t\t}\n\t\t\t#gallery-1 .gallery-caption {\n\t\t\t\tmargin-left: 0;\n\t\t\t}\n\t\t\t\/* see gallery_shortcode() in wp-includes\/media.php *\/\n\t\t<\/style>\n\t\t<div id='gallery-1' class='gallery galleryid-35588 gallery-columns-3 gallery-size-thumbnail'><dl class='gallery-item'>\n\t\t\t<dt class='gallery-icon portrait'>\n\t\t\t\t<a title=\"1 Dzie\u0144 Ch\u0142opaka w klasie I b\" href='https:\/\/www.sosw.elblag.com.pl\/wp-content\/uploads\/2021\/09\/1-Dzien-Chlopaka-w-klasie-I-b-scaled.jpg'><img loading=\"lazy\" decoding=\"async\" width=\"200\" height=\"200\" src=\"https:\/\/www.sosw.elblag.com.pl\/wp-content\/uploads\/2021\/09\/1-Dzien-Chlopaka-w-klasie-I-b-200x200.jpg\" class=\"attachment-thumbnail size-thumbnail\" alt=\"Dzie\u0144 Ch\u0142opaka w klasie I b\" \/><\/a>\n\t\t\t<\/dt><\/dl><dl class='gallery-item'>\n\t\t\t<dt class='gallery-icon portrait'>\n\t\t\t\t<a title=\"2 Dzie\u0144 Ch\u0142opaka w klasie I b\" href='https:\/\/www.sosw.elblag.com.pl\/wp-content\/uploads\/2021\/09\/2-Dzien-Chlopaka-w-klasie-I-b-scaled.jpg'><img loading=\"lazy\" decoding=\"async\" width=\"200\" height=\"200\" src=\"https:\/\/www.sosw.elblag.com.pl\/wp-content\/uploads\/2021\/09\/2-Dzien-Chlopaka-w-klasie-I-b-200x200.jpg\" class=\"attachment-thumbnail size-thumbnail\" alt=\"Dzie\u0144 Ch\u0142opaka w klasie I b\" \/><\/a>\n\t\t\t<\/dt><\/dl><dl class='gallery-item'>\n\t\t\t<dt class='gallery-icon portrait'>\n\t\t\t\t<a title=\"3 Dzie\u0144 Ch\u0142opaka w klasie I b\" href='https:\/\/www.sosw.elblag.com.pl\/wp-content\/uploads\/2021\/09\/3-Dzien-Chlopaka-w-klasie-I-b-scaled.jpg'><img loading=\"lazy\" decoding=\"async\" width=\"200\" height=\"200\" src=\"https:\/\/www.sosw.elblag.com.pl\/wp-content\/uploads\/2021\/09\/3-Dzien-Chlopaka-w-klasie-I-b-200x200.jpg\" class=\"attachment-thumbnail size-thumbnail\" alt=\"Dzie\u0144 Ch\u0142opaka w klasie I b\" \/><\/a>\n\t\t\t<\/dt><\/dl><br style=\"clear: both\" \/>\n\t\t<\/div>\n\n","protected":false},"excerpt":{"rendered":"<p>Dzisiaj\u00a0 swoje \u015bwi\u0119to, Dzie\u0144 Ch\u0142opaka, pierwszy raz w naszej szkole obchodzili ch\u0142opcy z I b zespo\u0142u edukacyjno \u2013 terapeutycznego.\u00a0 Tego dnia panowa\u0142a <a class=\"more-link\" href=\"https:\/\/www.sosw.elblag.com.pl\/index.php\/2021\/09\/30\/dzien-chlopaka-w-klasie-i-b\/\">Czytaj dalej&#8230;<\/a><\/p>\n","protected":false},"author":1,"featured_media":35590,"comment_status":"closed","ping_status":"closed","sticky":false,"template":"","format":"standard","meta":{"footnotes":""},"categories":[54],"tags":[],"class_list":["post-35588","post","type-post","status-publish","format-standard","has-post-thumbnail","hentry","category-z-zycia-osrodka-2021-2022"],"_links":{"self":[{"href":"https:\/\/www.sosw.elblag.com.pl\/index.php\/wp-json\/wp\/v2\/posts\/35588","targetHints":{"allow":["GET"]}}],"collection":[{"href":"https:\/\/www.sosw.elblag.com.pl\/index.php\/wp-json\/wp\/v2\/posts"}],"about":[{"href":"https:\/\/www.sosw.elblag.com.pl\/index.php\/wp-json\/wp\/v2\/types\/post"}],"author":[{"embeddable":true,"href":"https:\/\/www.sosw.elblag.com.pl\/index.php\/wp-json\/wp\/v2\/users\/1"}],"replies":[{"embeddable":true,"href":"https:\/\/www.sosw.elblag.com.pl\/index.php\/wp-json\/wp\/v2\/comments?post=35588"}],"version-history":[{"count":1,"href":"https:\/\/www.sosw.elblag.com.pl\/index.php\/wp-json\/wp\/v2\/posts\/35588\/revisions"}],"predecessor-version":[{"id":35592,"href":"https:\/\/www.sosw.elblag.com.pl\/index.php\/wp-json\/wp\/v2\/posts\/35588\/revisions\/35592"}],"wp:featuredmedia":[{"embeddable":true,"href":"https:\/\/www.sosw.elblag.com.pl\/index.php\/wp-json\/wp\/v2\/media\/35590"}],"wp:attachment":[{"href":"https:\/\/www.sosw.elblag.com.pl\/index.php\/wp-json\/wp\/v2\/media?parent=35588"}],"wp:term":[{"taxonomy":"category","embeddable":true,"href":"https:\/\/www.sosw.elblag.com.pl\/index.php\/wp-json\/wp\/v2\/categories?post=35588"},{"taxonomy":"post_tag","embeddable":true,"href":"https:\/\/www.sosw.elblag.com.pl\/index.php\/wp-json\/wp\/v2\/tags?post=35588"}],"curies":[{"name":"wp","href":"https:\/\/api.w.org\/{rel}","templated":true}]}}