{"id":35581,"date":"2021-09-29T19:47:54","date_gmt":"2021-09-29T17:47:54","guid":{"rendered":"http:\/\/www.sosw.elblag.com.pl\/?p=35581"},"modified":"2021-09-29T19:47:54","modified_gmt":"2021-09-29T17:47:54","slug":"cala-polska-czyta-dzieciom-i-my-w-swietlicy-rowniez","status":"publish","type":"post","link":"https:\/\/www.sosw.elblag.com.pl\/index.php\/2021\/09\/29\/cala-polska-czyta-dzieciom-i-my-w-swietlicy-rowniez\/","title":{"rendered":"Ca\u0142a Polska czyta dzieciom &#8211; i my w \u015bwietlicy r\u00f3wnie\u017c"},"content":{"rendered":"<p>To \u015bwi\u0119to zosta\u0142o og\u0142oszone w 2001 roku. Od tego momentu obchodzone jest rokrocznie. W kalendarzu znajduje si\u0119 na li\u015bcie \u015bwi\u0105t nietypowych. Celem jest propagowanie czytelnictwa w\u015br\u00f3d najm\u0142odszych. Dzi\u015b w ka\u017cdej wolnej chwili czytali\u015bmy bajki Ewy Szelburg \u2013 Zarembiny.<\/p>\n<p>Jak dobrze chwil\u0119 odetchn\u0105\u0107 przy dobrej ksi\u0105\u017cce!<\/p>\n\n\t\t<style type=\"text\/css\">\n\t\t\t#gallery-1 {\n\t\t\t\tmargin: auto;\n\t\t\t}\n\t\t\t#gallery-1 .gallery-item {\n\t\t\t\tfloat: left;\n\t\t\t\tmargin-top: 10px;\n\t\t\t\ttext-align: center;\n\t\t\t\twidth: 50%;\n\t\t\t}\n\t\t\t#gallery-1 img {\n\t\t\t\tborder: 2px solid #cfcfcf;\n\t\t\t}\n\t\t\t#gallery-1 .gallery-caption {\n\t\t\t\tmargin-left: 0;\n\t\t\t}\n\t\t\t\/* see gallery_shortcode() in wp-includes\/media.php *\/\n\t\t<\/style>\n\t\t<div id='gallery-1' class='gallery galleryid-35581 gallery-columns-2 gallery-size-thumbnail'><dl class='gallery-item'>\n\t\t\t<dt class='gallery-icon landscape'>\n\t\t\t\t<a title=\"g\u0142o\u015bne czytanie_1\" href='https:\/\/www.sosw.elblag.com.pl\/wp-content\/uploads\/2021\/09\/glosne-czytanie_1-scaled.jpg'><img loading=\"lazy\" decoding=\"async\" width=\"200\" height=\"200\" src=\"https:\/\/www.sosw.elblag.com.pl\/wp-content\/uploads\/2021\/09\/glosne-czytanie_1-200x200.jpg\" class=\"attachment-thumbnail size-thumbnail\" alt=\"g\u0142o\u015bne czytanie\" \/><\/a>\n\t\t\t<\/dt><\/dl><dl class='gallery-item'>\n\t\t\t<dt class='gallery-icon landscape'>\n\t\t\t\t<a title=\"g\u0142o\u015bne czytanie_2\" href='https:\/\/www.sosw.elblag.com.pl\/wp-content\/uploads\/2021\/09\/glosne-czytanie_2-scaled.jpg'><img loading=\"lazy\" decoding=\"async\" width=\"200\" height=\"200\" src=\"https:\/\/www.sosw.elblag.com.pl\/wp-content\/uploads\/2021\/09\/glosne-czytanie_2-200x200.jpg\" class=\"attachment-thumbnail size-thumbnail\" alt=\"g\u0142o\u015bne czytanie\" \/><\/a>\n\t\t\t<\/dt><\/dl><br style=\"clear: both\" \/><dl class='gallery-item'>\n\t\t\t<dt class='gallery-icon landscape'>\n\t\t\t\t<a title=\"g\u0142o\u015bne czytanie_3\" href='https:\/\/www.sosw.elblag.com.pl\/wp-content\/uploads\/2021\/09\/glosne-czytanie_3-scaled.jpg'><img loading=\"lazy\" decoding=\"async\" width=\"200\" height=\"200\" src=\"https:\/\/www.sosw.elblag.com.pl\/wp-content\/uploads\/2021\/09\/glosne-czytanie_3-200x200.jpg\" class=\"attachment-thumbnail size-thumbnail\" alt=\"g\u0142o\u015bne czytanie\" \/><\/a>\n\t\t\t<\/dt><\/dl><dl class='gallery-item'>\n\t\t\t<dt class='gallery-icon landscape'>\n\t\t\t\t<a title=\"g\u0142o\u015bne czytanie_4\" href='https:\/\/www.sosw.elblag.com.pl\/wp-content\/uploads\/2021\/09\/glosne-czytanie_4-scaled.jpg'><img loading=\"lazy\" decoding=\"async\" width=\"200\" height=\"200\" src=\"https:\/\/www.sosw.elblag.com.pl\/wp-content\/uploads\/2021\/09\/glosne-czytanie_4-200x200.jpg\" class=\"attachment-thumbnail size-thumbnail\" alt=\"g\u0142o\u015bne czytanie\" \/><\/a>\n\t\t\t<\/dt><\/dl><br style=\"clear: both\" \/>\n\t\t<\/div>\n\n","protected":false},"excerpt":{"rendered":"<p>To \u015bwi\u0119to zosta\u0142o og\u0142oszone w 2001 roku. Od tego momentu obchodzone jest rokrocznie. W kalendarzu znajduje si\u0119 na li\u015bcie \u015bwi\u0105t nietypowych. Celem <a class=\"more-link\" href=\"https:\/\/www.sosw.elblag.com.pl\/index.php\/2021\/09\/29\/cala-polska-czyta-dzieciom-i-my-w-swietlicy-rowniez\/\">Czytaj dalej&#8230;<\/a><\/p>\n","protected":false},"author":1,"featured_media":35585,"comment_status":"closed","ping_status":"closed","sticky":false,"template":"","format":"standard","meta":{"footnotes":""},"categories":[52,54],"tags":[],"class_list":["post-35581","post","type-post","status-publish","format-standard","has-post-thumbnail","hentry","category-swietlica","category-z-zycia-osrodka-2021-2022"],"_links":{"self":[{"href":"https:\/\/www.sosw.elblag.com.pl\/index.php\/wp-json\/wp\/v2\/posts\/35581","targetHints":{"allow":["GET"]}}],"collection":[{"href":"https:\/\/www.sosw.elblag.com.pl\/index.php\/wp-json\/wp\/v2\/posts"}],"about":[{"href":"https:\/\/www.sosw.elblag.com.pl\/index.php\/wp-json\/wp\/v2\/types\/post"}],"author":[{"embeddable":true,"href":"https:\/\/www.sosw.elblag.com.pl\/index.php\/wp-json\/wp\/v2\/users\/1"}],"replies":[{"embeddable":true,"href":"https:\/\/www.sosw.elblag.com.pl\/index.php\/wp-json\/wp\/v2\/comments?post=35581"}],"version-history":[{"count":1,"href":"https:\/\/www.sosw.elblag.com.pl\/index.php\/wp-json\/wp\/v2\/posts\/35581\/revisions"}],"predecessor-version":[{"id":35586,"href":"https:\/\/www.sosw.elblag.com.pl\/index.php\/wp-json\/wp\/v2\/posts\/35581\/revisions\/35586"}],"wp:featuredmedia":[{"embeddable":true,"href":"https:\/\/www.sosw.elblag.com.pl\/index.php\/wp-json\/wp\/v2\/media\/35585"}],"wp:attachment":[{"href":"https:\/\/www.sosw.elblag.com.pl\/index.php\/wp-json\/wp\/v2\/media?parent=35581"}],"wp:term":[{"taxonomy":"category","embeddable":true,"href":"https:\/\/www.sosw.elblag.com.pl\/index.php\/wp-json\/wp\/v2\/categories?post=35581"},{"taxonomy":"post_tag","embeddable":true,"href":"https:\/\/www.sosw.elblag.com.pl\/index.php\/wp-json\/wp\/v2\/tags?post=35581"}],"curies":[{"name":"wp","href":"https:\/\/api.w.org\/{rel}","templated":true}]}}