{"id":35577,"date":"2021-09-29T07:59:34","date_gmt":"2021-09-29T05:59:34","guid":{"rendered":"http:\/\/www.sosw.elblag.com.pl\/?p=35577"},"modified":"2021-09-29T07:59:34","modified_gmt":"2021-09-29T05:59:34","slug":"invictus-ma-juz-2-lata","status":"publish","type":"post","link":"https:\/\/www.sosw.elblag.com.pl\/index.php\/2021\/09\/29\/invictus-ma-juz-2-lata\/","title":{"rendered":"\u201eINVICTUS\u201d MA JU\u017b 2 LATA!"},"content":{"rendered":"<p>W okrojonym sk\u0142adzie (reszta kibic\u00f3w w trakcie wykonywania obowi\u0105zk\u00f3w s\u0142u\u017cbowych \u2013 czyli na lekcjach) skromnie \u015bwi\u0119towali\u015bmy drug\u0105 rocznic\u0119 za\u0142o\u017cenia naszego klubu kibica. Nie bez kozery symboliczny toast wznie\u015bli\u015bmy oran\u017cad\u0105 w kolorze zielonym \u2013 kolorze nadziei. \u017byczyli\u015bmy sobie nawzajem du\u017co zdrowia, samozaparcia, wytrwa\u0142o\u015bci, a tak\u017ce zwyci\u0119stw i braku kontuzji naszych pi\u0142karzy z KPR Elbl\u0105g.<\/p>\n<p>UKK \u201eInvictus\u201d<\/p>\n\n\t\t<style type=\"text\/css\">\n\t\t\t#gallery-1 {\n\t\t\t\tmargin: auto;\n\t\t\t}\n\t\t\t#gallery-1 .gallery-item {\n\t\t\t\tfloat: left;\n\t\t\t\tmargin-top: 10px;\n\t\t\t\ttext-align: center;\n\t\t\t\twidth: 100%;\n\t\t\t}\n\t\t\t#gallery-1 img {\n\t\t\t\tborder: 2px solid #cfcfcf;\n\t\t\t}\n\t\t\t#gallery-1 .gallery-caption {\n\t\t\t\tmargin-left: 0;\n\t\t\t}\n\t\t\t\/* see gallery_shortcode() in wp-includes\/media.php *\/\n\t\t<\/style>\n\t\t<div id='gallery-1' class='gallery galleryid-35577 gallery-columns-1 gallery-size-full'><dl class='gallery-item'>\n\t\t\t<dt class='gallery-icon portrait'>\n\t\t\t\t<a title=\"Invictus_28.09.2021\" href='https:\/\/www.sosw.elblag.com.pl\/wp-content\/uploads\/2021\/09\/Invictus_28.09.2021.jpg'><img loading=\"lazy\" decoding=\"async\" width=\"560\" height=\"750\" src=\"https:\/\/www.sosw.elblag.com.pl\/wp-content\/uploads\/2021\/09\/Invictus_28.09.2021.jpg\" class=\"attachment-full size-full\" alt=\"Invictus\" srcset=\"https:\/\/www.sosw.elblag.com.pl\/wp-content\/uploads\/2021\/09\/Invictus_28.09.2021.jpg 560w, https:\/\/www.sosw.elblag.com.pl\/wp-content\/uploads\/2021\/09\/Invictus_28.09.2021-224x300.jpg 224w\" sizes=\"auto, (max-width: 560px) 100vw, 560px\" \/><\/a>\n\t\t\t<\/dt><\/dl><br style=\"clear: both\" \/>\n\t\t<\/div>\n\n","protected":false},"excerpt":{"rendered":"<p>W okrojonym sk\u0142adzie (reszta kibic\u00f3w w trakcie wykonywania obowi\u0105zk\u00f3w s\u0142u\u017cbowych \u2013 czyli na lekcjach) skromnie \u015bwi\u0119towali\u015bmy drug\u0105 rocznic\u0119 za\u0142o\u017cenia naszego klubu kibica. <a class=\"more-link\" href=\"https:\/\/www.sosw.elblag.com.pl\/index.php\/2021\/09\/29\/invictus-ma-juz-2-lata\/\">Czytaj dalej&#8230;<\/a><\/p>\n","protected":false},"author":1,"featured_media":35578,"comment_status":"closed","ping_status":"closed","sticky":false,"template":"","format":"standard","meta":{"footnotes":""},"categories":[55,54],"tags":[],"class_list":["post-35577","post","type-post","status-publish","format-standard","has-post-thumbnail","hentry","category-invictus","category-z-zycia-osrodka-2021-2022"],"_links":{"self":[{"href":"https:\/\/www.sosw.elblag.com.pl\/index.php\/wp-json\/wp\/v2\/posts\/35577","targetHints":{"allow":["GET"]}}],"collection":[{"href":"https:\/\/www.sosw.elblag.com.pl\/index.php\/wp-json\/wp\/v2\/posts"}],"about":[{"href":"https:\/\/www.sosw.elblag.com.pl\/index.php\/wp-json\/wp\/v2\/types\/post"}],"author":[{"embeddable":true,"href":"https:\/\/www.sosw.elblag.com.pl\/index.php\/wp-json\/wp\/v2\/users\/1"}],"replies":[{"embeddable":true,"href":"https:\/\/www.sosw.elblag.com.pl\/index.php\/wp-json\/wp\/v2\/comments?post=35577"}],"version-history":[{"count":1,"href":"https:\/\/www.sosw.elblag.com.pl\/index.php\/wp-json\/wp\/v2\/posts\/35577\/revisions"}],"predecessor-version":[{"id":35579,"href":"https:\/\/www.sosw.elblag.com.pl\/index.php\/wp-json\/wp\/v2\/posts\/35577\/revisions\/35579"}],"wp:featuredmedia":[{"embeddable":true,"href":"https:\/\/www.sosw.elblag.com.pl\/index.php\/wp-json\/wp\/v2\/media\/35578"}],"wp:attachment":[{"href":"https:\/\/www.sosw.elblag.com.pl\/index.php\/wp-json\/wp\/v2\/media?parent=35577"}],"wp:term":[{"taxonomy":"category","embeddable":true,"href":"https:\/\/www.sosw.elblag.com.pl\/index.php\/wp-json\/wp\/v2\/categories?post=35577"},{"taxonomy":"post_tag","embeddable":true,"href":"https:\/\/www.sosw.elblag.com.pl\/index.php\/wp-json\/wp\/v2\/tags?post=35577"}],"curies":[{"name":"wp","href":"https:\/\/api.w.org\/{rel}","templated":true}]}}