{"id":35566,"date":"2021-09-28T21:23:06","date_gmt":"2021-09-28T19:23:06","guid":{"rendered":"http:\/\/www.sosw.elblag.com.pl\/?p=35566"},"modified":"2021-09-28T21:23:06","modified_gmt":"2021-09-28T19:23:06","slug":"swiatowy-dzien-jablka-w-swietlicy","status":"publish","type":"post","link":"https:\/\/www.sosw.elblag.com.pl\/index.php\/2021\/09\/28\/swiatowy-dzien-jablka-w-swietlicy\/","title":{"rendered":"\u015aWIATOWY DZIE\u0143 JAB\u0141KA W \u015aWIETLICY"},"content":{"rendered":"<p>Jab\u0142ka to owoce, kt\u00f3re s\u0105 smaczne i zdrowe. Nic wi\u0119c dziwnego, \u017ce w Polsce i na \u015bwiecie obchodzimy ich \u015bwi\u0119to.<\/p>\n<p>My tak\u017ce \u015bwi\u0119towali\u015bmy przy soku z jab\u0142ek i pysznej sa\u0142atce. Dzieci wykona\u0142y pi\u0119kne kolorowe prace, kt\u00f3re zosta\u0142 wywieszone na tablicy.<\/p>\n<p>\u201eChcesz by\u0107 zdrowy i weso\u0142y, wi\u0119c jab\u0142uszko we\u017a do szko\u0142y\u201d \u2013 takim mottem zako\u0144czyli\u015bmy dzie\u0144.<\/p>\n\n\t\t<style type=\"text\/css\">\n\t\t\t#gallery-1 {\n\t\t\t\tmargin: auto;\n\t\t\t}\n\t\t\t#gallery-1 .gallery-item {\n\t\t\t\tfloat: left;\n\t\t\t\tmargin-top: 10px;\n\t\t\t\ttext-align: center;\n\t\t\t\twidth: 50%;\n\t\t\t}\n\t\t\t#gallery-1 img {\n\t\t\t\tborder: 2px solid #cfcfcf;\n\t\t\t}\n\t\t\t#gallery-1 .gallery-caption {\n\t\t\t\tmargin-left: 0;\n\t\t\t}\n\t\t\t\/* see gallery_shortcode() in wp-includes\/media.php *\/\n\t\t<\/style>\n\t\t<div id='gallery-1' class='gallery galleryid-35566 gallery-columns-2 gallery-size-thumbnail'><dl class='gallery-item'>\n\t\t\t<dt class='gallery-icon portrait'>\n\t\t\t\t<a title=\"dzie\u0144 jab\u0142ka 1\" href='https:\/\/www.sosw.elblag.com.pl\/wp-content\/uploads\/2021\/09\/dzien-jablka-1-scaled.jpg'><img loading=\"lazy\" decoding=\"async\" width=\"200\" height=\"200\" src=\"https:\/\/www.sosw.elblag.com.pl\/wp-content\/uploads\/2021\/09\/dzien-jablka-1-200x200.jpg\" class=\"attachment-thumbnail size-thumbnail\" alt=\"dzie\u0144 jab\u0142ka\" \/><\/a>\n\t\t\t<\/dt><\/dl><dl class='gallery-item'>\n\t\t\t<dt class='gallery-icon portrait'>\n\t\t\t\t<a title=\"dzie\u0144 jab\u0142ka 2\" href='https:\/\/www.sosw.elblag.com.pl\/wp-content\/uploads\/2021\/09\/dzien-jablka-2.jpeg'><img loading=\"lazy\" decoding=\"async\" width=\"200\" height=\"200\" src=\"https:\/\/www.sosw.elblag.com.pl\/wp-content\/uploads\/2021\/09\/dzien-jablka-2-200x200.jpeg\" class=\"attachment-thumbnail size-thumbnail\" alt=\"dzie\u0144 jab\u0142ka\" \/><\/a>\n\t\t\t<\/dt><\/dl><br style=\"clear: both\" \/><dl class='gallery-item'>\n\t\t\t<dt class='gallery-icon portrait'>\n\t\t\t\t<a title=\"dzie\u0144 jab\u0142ka 4\" href='https:\/\/www.sosw.elblag.com.pl\/wp-content\/uploads\/2021\/09\/dzien-jablka-4.jpeg'><img loading=\"lazy\" decoding=\"async\" width=\"200\" height=\"200\" src=\"https:\/\/www.sosw.elblag.com.pl\/wp-content\/uploads\/2021\/09\/dzien-jablka-4-200x200.jpeg\" class=\"attachment-thumbnail size-thumbnail\" alt=\"dzie\u0144 jab\u0142ka\" \/><\/a>\n\t\t\t<\/dt><\/dl><dl class='gallery-item'>\n\t\t\t<dt class='gallery-icon portrait'>\n\t\t\t\t<a title=\"dzie\u0144 jab\u0142ka 5\" href='https:\/\/www.sosw.elblag.com.pl\/wp-content\/uploads\/2021\/09\/dzien-jablka-5-scaled.jpg'><img loading=\"lazy\" decoding=\"async\" width=\"200\" height=\"200\" src=\"https:\/\/www.sosw.elblag.com.pl\/wp-content\/uploads\/2021\/09\/dzien-jablka-5-200x200.jpg\" class=\"attachment-thumbnail size-thumbnail\" alt=\"dzie\u0144 jab\u0142ka\" \/><\/a>\n\t\t\t<\/dt><\/dl><br style=\"clear: both\" \/><dl class='gallery-item'>\n\t\t\t<dt class='gallery-icon portrait'>\n\t\t\t\t<a title=\"dzie\u0144 jab\u0142ka 6\" href='https:\/\/www.sosw.elblag.com.pl\/wp-content\/uploads\/2021\/09\/dzien-jablka-6-scaled.jpg'><img loading=\"lazy\" decoding=\"async\" width=\"200\" height=\"200\" src=\"https:\/\/www.sosw.elblag.com.pl\/wp-content\/uploads\/2021\/09\/dzien-jablka-6-200x200.jpg\" class=\"attachment-thumbnail size-thumbnail\" alt=\"dzie\u0144 jab\u0142ka\" \/><\/a>\n\t\t\t<\/dt><\/dl><dl class='gallery-item'>\n\t\t\t<dt class='gallery-icon portrait'>\n\t\t\t\t<a title=\"dzie\u0144 jab\u0142ka 7\" href='https:\/\/www.sosw.elblag.com.pl\/wp-content\/uploads\/2021\/09\/dzien-jablka-7-scaled.jpg'><img loading=\"lazy\" decoding=\"async\" width=\"200\" height=\"200\" src=\"https:\/\/www.sosw.elblag.com.pl\/wp-content\/uploads\/2021\/09\/dzien-jablka-7-200x200.jpg\" class=\"attachment-thumbnail size-thumbnail\" alt=\"dzie\u0144 jab\u0142ka\" \/><\/a>\n\t\t\t<\/dt><\/dl><br style=\"clear: both\" \/><dl class='gallery-item'>\n\t\t\t<dt class='gallery-icon landscape'>\n\t\t\t\t<a title=\"dzie\u0144 jab\u0142ka 8\" href='https:\/\/www.sosw.elblag.com.pl\/wp-content\/uploads\/2021\/09\/dzien-jablka-8-scaled.jpg'><img loading=\"lazy\" decoding=\"async\" width=\"200\" height=\"200\" src=\"https:\/\/www.sosw.elblag.com.pl\/wp-content\/uploads\/2021\/09\/dzien-jablka-8-200x200.jpg\" class=\"attachment-thumbnail size-thumbnail\" alt=\"dzie\u0144 jab\u0142ka\" \/><\/a>\n\t\t\t<\/dt><\/dl><dl class='gallery-item'>\n\t\t\t<dt class='gallery-icon portrait'>\n\t\t\t\t<a title=\"dzie\u0144 ja\u0142ka 3\" href='https:\/\/www.sosw.elblag.com.pl\/wp-content\/uploads\/2021\/09\/dzien-jalka-3.jpeg'><img loading=\"lazy\" decoding=\"async\" width=\"200\" height=\"200\" src=\"https:\/\/www.sosw.elblag.com.pl\/wp-content\/uploads\/2021\/09\/dzien-jalka-3-200x200.jpeg\" class=\"attachment-thumbnail size-thumbnail\" alt=\"dzie\u0144 jab\u0142ka\" \/><\/a>\n\t\t\t<\/dt><\/dl><br style=\"clear: both\" \/>\n\t\t<\/div>\n\n","protected":false},"excerpt":{"rendered":"<p>Jab\u0142ka to owoce, kt\u00f3re s\u0105 smaczne i zdrowe. Nic wi\u0119c dziwnego, \u017ce w Polsce i na \u015bwiecie obchodzimy ich \u015bwi\u0119to. My tak\u017ce <a class=\"more-link\" href=\"https:\/\/www.sosw.elblag.com.pl\/index.php\/2021\/09\/28\/swiatowy-dzien-jablka-w-swietlicy\/\">Czytaj dalej&#8230;<\/a><\/p>\n","protected":false},"author":1,"featured_media":35571,"comment_status":"closed","ping_status":"closed","sticky":false,"template":"","format":"standard","meta":{"footnotes":""},"categories":[52,54],"tags":[],"class_list":["post-35566","post","type-post","status-publish","format-standard","has-post-thumbnail","hentry","category-swietlica","category-z-zycia-osrodka-2021-2022"],"_links":{"self":[{"href":"https:\/\/www.sosw.elblag.com.pl\/index.php\/wp-json\/wp\/v2\/posts\/35566","targetHints":{"allow":["GET"]}}],"collection":[{"href":"https:\/\/www.sosw.elblag.com.pl\/index.php\/wp-json\/wp\/v2\/posts"}],"about":[{"href":"https:\/\/www.sosw.elblag.com.pl\/index.php\/wp-json\/wp\/v2\/types\/post"}],"author":[{"embeddable":true,"href":"https:\/\/www.sosw.elblag.com.pl\/index.php\/wp-json\/wp\/v2\/users\/1"}],"replies":[{"embeddable":true,"href":"https:\/\/www.sosw.elblag.com.pl\/index.php\/wp-json\/wp\/v2\/comments?post=35566"}],"version-history":[{"count":1,"href":"https:\/\/www.sosw.elblag.com.pl\/index.php\/wp-json\/wp\/v2\/posts\/35566\/revisions"}],"predecessor-version":[{"id":35575,"href":"https:\/\/www.sosw.elblag.com.pl\/index.php\/wp-json\/wp\/v2\/posts\/35566\/revisions\/35575"}],"wp:featuredmedia":[{"embeddable":true,"href":"https:\/\/www.sosw.elblag.com.pl\/index.php\/wp-json\/wp\/v2\/media\/35571"}],"wp:attachment":[{"href":"https:\/\/www.sosw.elblag.com.pl\/index.php\/wp-json\/wp\/v2\/media?parent=35566"}],"wp:term":[{"taxonomy":"category","embeddable":true,"href":"https:\/\/www.sosw.elblag.com.pl\/index.php\/wp-json\/wp\/v2\/categories?post=35566"},{"taxonomy":"post_tag","embeddable":true,"href":"https:\/\/www.sosw.elblag.com.pl\/index.php\/wp-json\/wp\/v2\/tags?post=35566"}],"curies":[{"name":"wp","href":"https:\/\/api.w.org\/{rel}","templated":true}]}}