{"id":35560,"date":"2021-09-28T14:57:50","date_gmt":"2021-09-28T12:57:50","guid":{"rendered":"http:\/\/www.sosw.elblag.com.pl\/?p=35560"},"modified":"2021-09-28T14:59:33","modified_gmt":"2021-09-28T12:59:33","slug":"udzial-tygryskow-urwiskow-w-projekcie-edukacyjnym-emocja","status":"publish","type":"post","link":"https:\/\/www.sosw.elblag.com.pl\/index.php\/2021\/09\/28\/udzial-tygryskow-urwiskow-w-projekcie-edukacyjnym-emocja\/","title":{"rendered":"Udzia\u0142 Tygrysk\u00f3w Urwisk\u00f3w w projekcie edukacyjnym &#8222;Emocja&#8221;"},"content":{"rendered":"<div>Bardzo mi\u0142o nam poinformowa\u0107, \u017ce grupa Tygrysk\u00f3w Urwisk\u00f3w w roku szkolnym 2021\/22 bierze udzia\u0142 w Mi\u0119dzynarodowym projekcie edukacyjnym &#8222;Emocja&#8221;.<\/div>\n<div><\/div>\n<div>Projekt ma za zadanie wprowadza\u0107 dzieci w \u015bwiat warto\u015bci, wskazywa\u0107 wzorce post\u0119powania, a tak\u017ce ma na celu budowanie relacji spo\u0142ecznych, sprzyjaj\u0105cych bezpiecznemu rozwojowi dziecka. Ponadto poruszane tre\u015bci maj\u0105 pom\u00f3c dzieciom w formowaniu poczucia godno\u015bci oraz sprzyjaniu rozwojowi inteligencji emocjonalnej.<\/div>\n<div>\n\n\t\t<style type=\"text\/css\">\n\t\t\t#gallery-1 {\n\t\t\t\tmargin: auto;\n\t\t\t}\n\t\t\t#gallery-1 .gallery-item {\n\t\t\t\tfloat: left;\n\t\t\t\tmargin-top: 10px;\n\t\t\t\ttext-align: center;\n\t\t\t\twidth: 100%;\n\t\t\t}\n\t\t\t#gallery-1 img {\n\t\t\t\tborder: 2px solid #cfcfcf;\n\t\t\t}\n\t\t\t#gallery-1 .gallery-caption {\n\t\t\t\tmargin-left: 0;\n\t\t\t}\n\t\t\t\/* see gallery_shortcode() in wp-includes\/media.php *\/\n\t\t<\/style>\n\t\t<div id='gallery-1' class='gallery galleryid-35560 gallery-columns-1 gallery-size-full'><dl class='gallery-item'>\n\t\t\t<dt class='gallery-icon portrait'>\n\t\t\t\t<a title=\"Plakat Emocja 2021-2022\" href='https:\/\/www.sosw.elblag.com.pl\/wp-content\/uploads\/2021\/09\/Plakat-Emocja-2021-2022-1.png'><img loading=\"lazy\" decoding=\"async\" width=\"1414\" height=\"2000\" src=\"https:\/\/www.sosw.elblag.com.pl\/wp-content\/uploads\/2021\/09\/Plakat-Emocja-2021-2022-1.png\" class=\"attachment-full size-full\" alt=\"Plakat Emocja 2021-2022\" srcset=\"https:\/\/www.sosw.elblag.com.pl\/wp-content\/uploads\/2021\/09\/Plakat-Emocja-2021-2022-1.png 1414w, https:\/\/www.sosw.elblag.com.pl\/wp-content\/uploads\/2021\/09\/Plakat-Emocja-2021-2022-1-212x300.png 212w, https:\/\/www.sosw.elblag.com.pl\/wp-content\/uploads\/2021\/09\/Plakat-Emocja-2021-2022-1-724x1024.png 724w, https:\/\/www.sosw.elblag.com.pl\/wp-content\/uploads\/2021\/09\/Plakat-Emocja-2021-2022-1-768x1086.png 768w, https:\/\/www.sosw.elblag.com.pl\/wp-content\/uploads\/2021\/09\/Plakat-Emocja-2021-2022-1-1086x1536.png 1086w\" sizes=\"auto, (max-width: 1414px) 100vw, 1414px\" \/><\/a>\n\t\t\t<\/dt><\/dl><br style=\"clear: both\" \/>\n\t\t<\/div>\n\n<\/div>\n","protected":false},"excerpt":{"rendered":"<p>Bardzo mi\u0142o nam poinformowa\u0107, \u017ce grupa Tygrysk\u00f3w Urwisk\u00f3w w roku szkolnym 2021\/22 bierze udzia\u0142 w Mi\u0119dzynarodowym projekcie edukacyjnym &#8222;Emocja&#8221;. Projekt ma za <a class=\"more-link\" href=\"https:\/\/www.sosw.elblag.com.pl\/index.php\/2021\/09\/28\/udzial-tygryskow-urwiskow-w-projekcie-edukacyjnym-emocja\/\">Czytaj dalej&#8230;<\/a><\/p>\n","protected":false},"author":1,"featured_media":35561,"comment_status":"closed","ping_status":"closed","sticky":false,"template":"","format":"standard","meta":{"footnotes":""},"categories":[56],"tags":[],"class_list":["post-35560","post","type-post","status-publish","format-standard","has-post-thumbnail","hentry","category-punkt-przedszkolny-2021-2022"],"_links":{"self":[{"href":"https:\/\/www.sosw.elblag.com.pl\/index.php\/wp-json\/wp\/v2\/posts\/35560","targetHints":{"allow":["GET"]}}],"collection":[{"href":"https:\/\/www.sosw.elblag.com.pl\/index.php\/wp-json\/wp\/v2\/posts"}],"about":[{"href":"https:\/\/www.sosw.elblag.com.pl\/index.php\/wp-json\/wp\/v2\/types\/post"}],"author":[{"embeddable":true,"href":"https:\/\/www.sosw.elblag.com.pl\/index.php\/wp-json\/wp\/v2\/users\/1"}],"replies":[{"embeddable":true,"href":"https:\/\/www.sosw.elblag.com.pl\/index.php\/wp-json\/wp\/v2\/comments?post=35560"}],"version-history":[{"count":2,"href":"https:\/\/www.sosw.elblag.com.pl\/index.php\/wp-json\/wp\/v2\/posts\/35560\/revisions"}],"predecessor-version":[{"id":35564,"href":"https:\/\/www.sosw.elblag.com.pl\/index.php\/wp-json\/wp\/v2\/posts\/35560\/revisions\/35564"}],"wp:featuredmedia":[{"embeddable":true,"href":"https:\/\/www.sosw.elblag.com.pl\/index.php\/wp-json\/wp\/v2\/media\/35561"}],"wp:attachment":[{"href":"https:\/\/www.sosw.elblag.com.pl\/index.php\/wp-json\/wp\/v2\/media?parent=35560"}],"wp:term":[{"taxonomy":"category","embeddable":true,"href":"https:\/\/www.sosw.elblag.com.pl\/index.php\/wp-json\/wp\/v2\/categories?post=35560"},{"taxonomy":"post_tag","embeddable":true,"href":"https:\/\/www.sosw.elblag.com.pl\/index.php\/wp-json\/wp\/v2\/tags?post=35560"}],"curies":[{"name":"wp","href":"https:\/\/api.w.org\/{rel}","templated":true}]}}