{"id":35556,"date":"2021-09-28T14:51:23","date_gmt":"2021-09-28T12:51:23","guid":{"rendered":"http:\/\/www.sosw.elblag.com.pl\/?p=35556"},"modified":"2021-09-28T14:51:23","modified_gmt":"2021-09-28T12:51:23","slug":"wyniki-glosowania-w-ramach-budzetu-obywatelskiego-2022","status":"publish","type":"post","link":"https:\/\/www.sosw.elblag.com.pl\/index.php\/2021\/09\/28\/wyniki-glosowania-w-ramach-budzetu-obywatelskiego-2022\/","title":{"rendered":"Wyniki g\u0142osowania w ramach bud\u017cetu obywatelskiego 2022"},"content":{"rendered":"<p dir=\"ltr\">Mamy to!<\/p>\n<p dir=\"ltr\">W ubieg\u0142ym tygodniu na specjalnie zwo\u0142anej konferencji prasowej prezydent Elbl\u0105ga p. Witold Wr\u00f3blewski przedstawi\u0142 wyniki wybor\u00f3w zwyci\u0119skich projekt\u00f3w Bud\u017cetu Obywatelskiego 2022.<br \/>\nNiezmiernie nam mi\u0142o poinformowa\u0107, \u017ce w okr\u0119gu trzecim w kategorii ma\u0142ych projekt\u00f3w laureatem\u00a0 zosta\u0142\u00a0 nasz Ekologiczny Ogr\u00f3dek Warzywno &#8211; Owocowy.<\/p>\n<p dir=\"ltr\">Szczeg\u00f3lne podzi\u0119kowania nale\u017c\u0105 si\u0119 osobie, kt\u00f3ra pomog\u0142a w stworzeniu pomys\u0142u na projekt i reprezentowa\u0142a nasz O\u015brodek &#8211; p. Jolancie P\u0119ka\u0142a. Pani Jolu dzi\u0119kujemy za wielkie serce!<\/p>\n<p dir=\"ltr\">Dzi\u0119kujemy r\u00f3wnie\u017c wszystkim, kt\u00f3rzy zag\u0142osowali na nasz projekt, bez Was by si\u0119 nie uda\u0142o!!!<\/p>\n<p dir=\"ltr\">Organizatorzy projektu Agnieszka Orzechowska, Konrad Kotowski i Joanna Le\u015bkiewicz.<\/p>\n<div class=\"yj6qo\"><\/div>\n<div class=\"adL\">\n\n\t\t<style type=\"text\/css\">\n\t\t\t#gallery-1 {\n\t\t\t\tmargin: auto;\n\t\t\t}\n\t\t\t#gallery-1 .gallery-item {\n\t\t\t\tfloat: left;\n\t\t\t\tmargin-top: 10px;\n\t\t\t\ttext-align: center;\n\t\t\t\twidth: 100%;\n\t\t\t}\n\t\t\t#gallery-1 img {\n\t\t\t\tborder: 2px solid #cfcfcf;\n\t\t\t}\n\t\t\t#gallery-1 .gallery-caption {\n\t\t\t\tmargin-left: 0;\n\t\t\t}\n\t\t\t\/* see gallery_shortcode() in wp-includes\/media.php *\/\n\t\t<\/style>\n\t\t<div id='gallery-1' class='gallery galleryid-35556 gallery-columns-1 gallery-size-full'><dl class='gallery-item'>\n\t\t\t<dt class='gallery-icon landscape'>\n\t\t\t\t<a title=\"Wyniki g\u0142osowania w ramach bud\u017cetu obywatelskiego 2022\" href='https:\/\/www.sosw.elblag.com.pl\/wp-content\/uploads\/2021\/09\/Wyniki-glosowania-w-ramach-budzetu-obywatelskiego-2022.jpeg'><img loading=\"lazy\" decoding=\"async\" width=\"945\" height=\"905\" src=\"https:\/\/www.sosw.elblag.com.pl\/wp-content\/uploads\/2021\/09\/Wyniki-glosowania-w-ramach-budzetu-obywatelskiego-2022.jpeg\" class=\"attachment-full size-full\" alt=\"Wyniki g\u0142osowania w ramach bud\u017cetu obywatelskiego 2022\" srcset=\"https:\/\/www.sosw.elblag.com.pl\/wp-content\/uploads\/2021\/09\/Wyniki-glosowania-w-ramach-budzetu-obywatelskiego-2022.jpeg 945w, https:\/\/www.sosw.elblag.com.pl\/wp-content\/uploads\/2021\/09\/Wyniki-glosowania-w-ramach-budzetu-obywatelskiego-2022-300x287.jpeg 300w, https:\/\/www.sosw.elblag.com.pl\/wp-content\/uploads\/2021\/09\/Wyniki-glosowania-w-ramach-budzetu-obywatelskiego-2022-768x735.jpeg 768w\" sizes=\"auto, (max-width: 945px) 100vw, 945px\" \/><\/a>\n\t\t\t<\/dt><\/dl><br style=\"clear: both\" \/>\n\t\t<\/div>\n\n<\/div>\n","protected":false},"excerpt":{"rendered":"<p>Mamy to! W ubieg\u0142ym tygodniu na specjalnie zwo\u0142anej konferencji prasowej prezydent Elbl\u0105ga p. Witold Wr\u00f3blewski przedstawi\u0142 wyniki wybor\u00f3w zwyci\u0119skich projekt\u00f3w Bud\u017cetu Obywatelskiego <a class=\"more-link\" href=\"https:\/\/www.sosw.elblag.com.pl\/index.php\/2021\/09\/28\/wyniki-glosowania-w-ramach-budzetu-obywatelskiego-2022\/\">Czytaj dalej&#8230;<\/a><\/p>\n","protected":false},"author":1,"featured_media":35557,"comment_status":"closed","ping_status":"closed","sticky":false,"template":"","format":"standard","meta":{"footnotes":""},"categories":[57,54],"tags":[],"class_list":["post-35556","post","type-post","status-publish","format-standard","has-post-thumbnail","hentry","category-internat-2021-2022","category-z-zycia-osrodka-2021-2022"],"_links":{"self":[{"href":"https:\/\/www.sosw.elblag.com.pl\/index.php\/wp-json\/wp\/v2\/posts\/35556","targetHints":{"allow":["GET"]}}],"collection":[{"href":"https:\/\/www.sosw.elblag.com.pl\/index.php\/wp-json\/wp\/v2\/posts"}],"about":[{"href":"https:\/\/www.sosw.elblag.com.pl\/index.php\/wp-json\/wp\/v2\/types\/post"}],"author":[{"embeddable":true,"href":"https:\/\/www.sosw.elblag.com.pl\/index.php\/wp-json\/wp\/v2\/users\/1"}],"replies":[{"embeddable":true,"href":"https:\/\/www.sosw.elblag.com.pl\/index.php\/wp-json\/wp\/v2\/comments?post=35556"}],"version-history":[{"count":1,"href":"https:\/\/www.sosw.elblag.com.pl\/index.php\/wp-json\/wp\/v2\/posts\/35556\/revisions"}],"predecessor-version":[{"id":35558,"href":"https:\/\/www.sosw.elblag.com.pl\/index.php\/wp-json\/wp\/v2\/posts\/35556\/revisions\/35558"}],"wp:featuredmedia":[{"embeddable":true,"href":"https:\/\/www.sosw.elblag.com.pl\/index.php\/wp-json\/wp\/v2\/media\/35557"}],"wp:attachment":[{"href":"https:\/\/www.sosw.elblag.com.pl\/index.php\/wp-json\/wp\/v2\/media?parent=35556"}],"wp:term":[{"taxonomy":"category","embeddable":true,"href":"https:\/\/www.sosw.elblag.com.pl\/index.php\/wp-json\/wp\/v2\/categories?post=35556"},{"taxonomy":"post_tag","embeddable":true,"href":"https:\/\/www.sosw.elblag.com.pl\/index.php\/wp-json\/wp\/v2\/tags?post=35556"}],"curies":[{"name":"wp","href":"https:\/\/api.w.org\/{rel}","templated":true}]}}